{"id":549066,"date":"2025-11-21T12:04:13","date_gmt":"2025-11-21T12:04:13","guid":{"rendered":"https:\/\/www.europesays.com\/fr\/549066\/"},"modified":"2025-11-21T12:04:13","modified_gmt":"2025-11-21T12:04:13","slug":"zero-portable-dans-les-prisons-darmanin-lance-un-plan-dexperimentation-a-rennes-et-dans-cinq-autres-etablissements-penitentiaires","status":"publish","type":"post","link":"https:\/\/www.europesays.com\/fr\/549066\/","title":{"rendered":"\u00ab\u00a0Z\u00e9ro portable\u00a0\u00bb dans les prisons\u00a0: Darmanin lance un plan d\u2019exp\u00e9rimentation \u00e0 Rennes et dans cinq autres \u00e9tablissements p\u00e9nitentiaires"},"content":{"rendered":"<p>Un plan d\u2019exp\u00e9rimentation \u00ab z\u00e9ro portable \u00bb d\u00e9marre \u00ab d\u00e8s aujourd\u2019hui \u00bb, a assur\u00e9, ce vendredi, le garde des Sceaux lors d\u2019une visite de la prison de la Sant\u00e9, \u00e0 Paris. Une enveloppe de 29 millions d\u2019euros y est consacr\u00e9e, a pr\u00e9cis\u00e9 le directeur de l\u2019administration p\u00e9nitentiaire, S\u00e9bastien Cauwel. \u00ab Ce seront plus de 5 500 d\u00e9tenus qui seront concern\u00e9s \u00bb, selon ce dernier.<\/p>\n<p>Les six prisons tests choisies sont les maisons d\u2019arr\u00eat de la Sant\u00e9, Arras, Dijon, Toulouse, Toulon et Rennes. Dans certaines d\u2019entre elles, l\u2019envoi de t\u00e9l\u00e9phones ou de drogue est \u00ab un sport quotidien \u00bb, a d\u00e9clar\u00e9 G\u00e9rald Darmanin, qui a soulign\u00e9 que \u00ab 80 000 \u00bb t\u00e9l\u00e9phones portables avaient \u00e9t\u00e9 saisis dans les \u00e9tablissements p\u00e9nitentiaires en 2024.<\/p>\n<p>Des scanners et portiques install\u00e9s<\/p>\n<p>Les travaux de s\u00e9curisation seront r\u00e9alis\u00e9s \u00ab en moins de six \u00e0 sept mois \u00bb, a pr\u00e9cis\u00e9 le ministre. Pour assurer cette \u00e9tanch\u00e9it\u00e9, des scanners seront install\u00e9s pour les paquetages des d\u00e9tenus, ainsi que des portiques \u00e0 ondes millim\u00e9triques car, selon lui, \u00ab il \u00e9tait plus compliqu\u00e9 de prendre l\u2019avion que de rentrer dans une prison \u00bb.<\/p>\n<p>Le co\u00fbt des syst\u00e8mes de brouillage de t\u00e9l\u00e9phone, \u00ab extr\u00eamement efficaces \u00bb, est chiffr\u00e9 \u00ab entre quatre et cinq millions d\u2019euros par \u00e9tablissement \u00bb.<\/p>\n<p>La couverture des cours de promenade sera faite pour l\u2019ann\u00e9e 2026 pour emp\u00eacher les \u00ab projections \u00bb de t\u00e9l\u00e9phones dans les enceintes de ces prisons.<\/p>\n<p>L\u2019objectif est ensuite de g\u00e9n\u00e9raliser ce dispositif \u00e0 l\u2019ensemble des \u00e9tablissements p\u00e9nitentiaires en France.<\/p>\n<p>Ce \u00ab r\u00e9armement de la s\u00e9curit\u00e9 \u00bb s\u2019inscrit dans la continuit\u00e9 de r\u00e9formes inspir\u00e9es de la \u00ab loi anti-mafia italienne \u00bb pour \u00ab lutter contre la r\u00e9cidive \u00bb et doit notamment \u00ab emp\u00eacher des chefs de r\u00e9seau de commander des assassinats \u00bb depuis leur cellule, a expliqu\u00e9 Darmanin. Le ministre a \u00e9galement annonc\u00e9 le recrutement de 1 000 agents p\u00e9nitentiaires suppl\u00e9mentaires l\u2019ann\u00e9e prochaine, pr\u00e9cisant que c\u2019\u00e9tait \u00ab le plus fort recrutement de toutes les administrations \u00bb.<\/p>\n","protected":false},"excerpt":{"rendered":"Un plan d\u2019exp\u00e9rimentation \u00ab z\u00e9ro portable \u00bb d\u00e9marre \u00ab d\u00e8s aujourd\u2019hui \u00bb, a assur\u00e9, ce vendredi, le garde&hellip;\n","protected":false},"author":2,"featured_media":549067,"comment_status":"","ping_status":"","sticky":false,"template":"","format":"standard","meta":{"footnotes":""},"categories":[2821],"tags":[1111,11,829,765,1777,674,1011,27,432,848,12,806,584,25,656],"class_list":{"0":"post-549066","1":"post","2":"type-post","3":"status-publish","4":"format-standard","5":"has-post-thumbnail","7":"category-rennes","8":"tag-actu","9":"tag-actualites","10":"tag-bretagne","11":"tag-en-continu","12":"tag-eu","13":"tag-europe","14":"tag-fr","15":"tag-france","16":"tag-gerald-darmanin","17":"tag-ille-et-vilaine","18":"tag-news","19":"tag-prison","20":"tag-rennes","21":"tag-republique-francaise","22":"tag-securite"},"share_on_mastodon":{"url":"https:\/\/pubeurope.com\/@fr\/115587597357354527","error":""},"_links":{"self":[{"href":"https:\/\/www.europesays.com\/fr\/wp-json\/wp\/v2\/posts\/549066","targetHints":{"allow":["GET"]}}],"collection":[{"href":"https:\/\/www.europesays.com\/fr\/wp-json\/wp\/v2\/posts"}],"about":[{"href":"https:\/\/www.europesays.com\/fr\/wp-json\/wp\/v2\/types\/post"}],"author":[{"embeddable":true,"href":"https:\/\/www.europesays.com\/fr\/wp-json\/wp\/v2\/users\/2"}],"replies":[{"embeddable":true,"href":"https:\/\/www.europesays.com\/fr\/wp-json\/wp\/v2\/comments?post=549066"}],"version-history":[{"count":0,"href":"https:\/\/www.europesays.com\/fr\/wp-json\/wp\/v2\/posts\/549066\/revisions"}],"wp:featuredmedia":[{"embeddable":true,"href":"https:\/\/www.europesays.com\/fr\/wp-json\/wp\/v2\/media\/549067"}],"wp:attachment":[{"href":"https:\/\/www.europesays.com\/fr\/wp-json\/wp\/v2\/media?parent=549066"}],"wp:term":[{"taxonomy":"category","embeddable":true,"href":"https:\/\/www.europesays.com\/fr\/wp-json\/wp\/v2\/categories?post=549066"},{"taxonomy":"post_tag","embeddable":true,"href":"https:\/\/www.europesays.com\/fr\/wp-json\/wp\/v2\/tags?post=549066"}],"curies":[{"name":"wp","href":"https:\/\/api.w.org\/{rel}","templated":true}]}}