{"id":54908,"date":"2025-04-26T17:29:08","date_gmt":"2025-04-26T17:29:08","guid":{"rendered":"https:\/\/www.europesays.com\/fr\/54908\/"},"modified":"2025-04-26T17:29:08","modified_gmt":"2025-04-26T17:29:08","slug":"les-services-secrets-russes-annoncent-larrestation-dun-suspect","status":"publish","type":"post","link":"https:\/\/www.europesays.com\/fr\/54908\/","title":{"rendered":"les services secrets russes annoncent l\u2019arrestation d\u2019un suspect"},"content":{"rendered":"<p>                             Par Le Figaro avec AFP<\/p>\n<p>\n            Publi\u00e9<br \/>\n                le 26 avril 2025 \u00e0 18h40,<br \/>\n                 mis \u00e0 jour le 26 avril 2025 \u00e0 18h49<\/p>\n<p>\u00a0\u00bb<br \/>\n        data-script=\u00a0\u00bbhttps:\/\/static.lefigaro.fr\/widget-video\/short-ttl\/video\/index.js\u00a0\u00bb<br \/>\n    &gt;<\/p>\n<p>Le suspect est actuellement interrog\u00e9 par les enqu\u00eateurs, a indiqu\u00e9 le Comit\u00e9 d\u2019enqu\u00eate russe. Il est accus\u00e9 d\u2019avoir pos\u00e9, au profit de l\u2019Ukraine, la bombe qui a fait exploser la voiture du haut grad\u00e9 ce vendredi.<\/p>\n<p class=\"fig-paragraph\">Les services secrets russes (FSB) ont annonc\u00e9 samedi l&rsquo;arrestation d&rsquo;un homme travaillant pour l&rsquo;Ukraine, soup\u00e7onn\u00e9 d&rsquo;avoir tu\u00e9 un g\u00e9n\u00e9ral russe dans l&rsquo;explosion d&rsquo;une voiture pr\u00e8s de Moscou.<\/p>\n<p class=\"fig-paragraph\">La Russie avait d\u00e9j\u00e0 accus\u00e9 Kiev d&rsquo;\u00eatre derri\u00e8re l&rsquo;explosion ayant co\u00fbt\u00e9 la vie vendredi au g\u00e9n\u00e9ral russe Iaroslav Moskalik, chef adjoint de la Direction g\u00e9n\u00e9rale op\u00e9rationnelle de l&rsquo;\u00e9tat-major des forces arm\u00e9es russes. \u00abL&rsquo;agent des services sp\u00e9ciaux ukrainiens Ignat Kuzin, n\u00e9 en 1983 et r\u00e9sidant en Ukraine, qui avait plac\u00e9 des explosifs dans une Volkswagen Golf \u00e0 Balashikha, dans la r\u00e9gion de Moscou, tuant le lieutenant-g\u00e9n\u00e9ral Iaroslav Moskalik, a \u00e9t\u00e9 arr\u00eat\u00e9\u00bb, a indiqu\u00e9 le FSB dans un communiqu\u00e9.<\/p>\n<p>Bombe artisanale<\/p>\n<p class=\"fig-paragraph\">Selon le FSB, l\u2019homme avait install\u00e9 dans la voiture du g\u00e9n\u00e9ral une bombe artisanale, qu&rsquo;il avait prise dans une cachette des services sp\u00e9ciaux ukrainiens dans la r\u00e9gion de Moscou. La bombe a ensuite \u00e9t\u00e9 d\u00e9clench\u00e9e par t\u00e9l\u00e9commande depuis l&rsquo;Ukraine, affirme le FSB.<\/p>\n<p class=\"fig-paragraph\">Le suspect, qui risque la prison \u00e0 vie s&rsquo;il est condamn\u00e9 pour \u00abterrorisme\u00bb, est actuellement interrog\u00e9 par les enqu\u00eateurs, a indiqu\u00e9 le Comit\u00e9 d&rsquo;enqu\u00eate russe, organisme charg\u00e9 des affaires les plus sensibles. L&rsquo;Ukraine n&rsquo;a pas fait de commentaire sur l&rsquo;attentat, qui ressemble \u00e0 d&rsquo;autres attaques men\u00e9es ces trois derni\u00e8res ann\u00e9es contre des haut grad\u00e9s de l&rsquo;arm\u00e9e russe et des partisans influents du Kremlin.<\/p>\n","protected":false},"excerpt":{"rendered":"Par Le Figaro avec AFP Publi\u00e9 le 26 avril 2025 \u00e0 18h40, mis \u00e0 jour le 26 avril&hellip;\n","protected":false},"author":2,"featured_media":54909,"comment_status":"","ping_status":"","sticky":false,"template":"","format":"standard","meta":{"footnotes":""},"categories":[5],"tags":[259,11,260,1011,27,14,261,1916,12,262,28],"class_list":{"0":"post-54908","1":"post","2":"type-post","3":"status-publish","4":"format-standard","5":"has-post-thumbnail","7":"category-international","8":"tag-actualite-internationale","9":"tag-actualites","10":"tag-affaires-etrangeres","11":"tag-fr","12":"tag-france","13":"tag-international","14":"tag-ministere-des-affaires-etrangeres","15":"tag-moscou","16":"tag-news","17":"tag-politique-etrangere","18":"tag-world"},"share_on_mastodon":{"url":"https:\/\/pubeurope.com\/@fr\/114405452273636830","error":""},"_links":{"self":[{"href":"https:\/\/www.europesays.com\/fr\/wp-json\/wp\/v2\/posts\/54908","targetHints":{"allow":["GET"]}}],"collection":[{"href":"https:\/\/www.europesays.com\/fr\/wp-json\/wp\/v2\/posts"}],"about":[{"href":"https:\/\/www.europesays.com\/fr\/wp-json\/wp\/v2\/types\/post"}],"author":[{"embeddable":true,"href":"https:\/\/www.europesays.com\/fr\/wp-json\/wp\/v2\/users\/2"}],"replies":[{"embeddable":true,"href":"https:\/\/www.europesays.com\/fr\/wp-json\/wp\/v2\/comments?post=54908"}],"version-history":[{"count":0,"href":"https:\/\/www.europesays.com\/fr\/wp-json\/wp\/v2\/posts\/54908\/revisions"}],"wp:featuredmedia":[{"embeddable":true,"href":"https:\/\/www.europesays.com\/fr\/wp-json\/wp\/v2\/media\/54909"}],"wp:attachment":[{"href":"https:\/\/www.europesays.com\/fr\/wp-json\/wp\/v2\/media?parent=54908"}],"wp:term":[{"taxonomy":"category","embeddable":true,"href":"https:\/\/www.europesays.com\/fr\/wp-json\/wp\/v2\/categories?post=54908"},{"taxonomy":"post_tag","embeddable":true,"href":"https:\/\/www.europesays.com\/fr\/wp-json\/wp\/v2\/tags?post=54908"}],"curies":[{"name":"wp","href":"https:\/\/api.w.org\/{rel}","templated":true}]}}