{"id":549084,"date":"2025-11-21T12:13:23","date_gmt":"2025-11-21T12:13:23","guid":{"rendered":"https:\/\/www.europesays.com\/fr\/549084\/"},"modified":"2025-11-21T12:13:23","modified_gmt":"2025-11-21T12:13:23","slug":"des-manifestations-prevues-en-gironde-contre-les-violences-faites-aux-femmes-deux-jours-apres-un-feminicide","status":"publish","type":"post","link":"https:\/\/www.europesays.com\/fr\/549084\/","title":{"rendered":"Des manifestations pr\u00e9vues en Gironde contre les violences faites aux femmes, deux jours apr\u00e8s un f\u00e9minicide"},"content":{"rendered":"<p>                    Par<br \/>\n        <strong><br \/>\n            <a href=\"https:\/\/actu.fr\/auteur\/juliette-cardinale\" title=\"Consulter tous les articles de Juliette Cardinale\" target=\"_blank\" rel=\"noopener\">Juliette Cardinale<\/a><br \/>\n                    <\/strong><\/p>\n<p>        Publi\u00e9 le<\/p>\n<p>            21 nov. 2025 \u00e0 12h55        <\/p>\n<p>\u00ab\u00a0On ne veut plus <strong>pleurer nos mortes\u00a0\u00bb,<\/strong> \u00e9crit le <a href=\"https:\/\/www.instagram.com\/feministes.en.libournais\/\" target=\"_blank\" rel=\"noopener\">collectif F\u00e9ministes en Libournais<\/a> ce vendredi 21 novembre 2025, au lendemain <a href=\"https:\/\/actu.fr\/nouvelle-aquitaine\/saint-ciers-d-abzac_33387\/feminicide-en-gironde-un-homme-appelle-la-gendarmerie-pour-avouer-le-meurtre-de-sa-compagne_63467271.html\" target=\"_blank\" rel=\"noopener\">d\u2019un f\u00e9minicide \u00e0 Saint-Ciers-d\u2019Abzac (Gironde).<\/a> Le meurtre de cette femme de 45 ans intervient \u00e0 quelques jours de la Journ\u00e9e internationale de lutte contre les violences sexistes et sexuelles, le 25 novembre. Pour l\u2019occasion, <strong>des manifestations<\/strong> sont pr\u00e9vues ce week-end en Gironde.<\/p>\n<p>Plusieurs rendez-vous en Gironde<\/p>\n<p class=\" wall-content\">L\u2019AG F\u00e9ministe Gironde, qui coordonne le mouvement dans le d\u00e9partement, appelle les manifestants \u00e0 se rassembler <strong>\u00e0 13h30 place de la Victoire<\/strong> ce samedi. Apr\u00e8s les prises de paroles, \u00ab\u00a0le cort\u00e8ge devrait s\u2019\u00e9lancer aux alentours de 14h en passant notamment devant l\u2019h\u00f4pital Saint Andr\u00e9 et le Tribunal et s\u2019ach\u00e8vera aux All\u00e9es de Tourny\u00a0\u00bb, d\u00e9taille l\u2019AG F\u00e9ministe.\u00a0<\/p>\n<p class=\" wall-content\">En compl\u00e9ment, l\u2019association Nous Toutes 33 organise des \u00e9v\u00e8nements <strong>tout le week-end<\/strong> au centre social Saint-Michel, rue Permentade \u00e0 Bordeaux. Ouvert de 10h \u00e0 19h, m\u00eame pendant la manifestation, le QG f\u00e9ministe proposera des ateliers, arpentages, un espace d\u00e9tente\u2026\u00a0<\/p>\n<p class=\" wall-content\">Le collectif des <strong>f\u00e9ministes en Libournais<\/strong> et le centre rural LGBT+ Nord Gironde organisent de leur cot\u00e9 un rassemblent \u00e0 <a href=\"https:\/\/actu.fr\/nouvelle-aquitaine\/saint-denis-de-pile_33393\" target=\"_blank\" rel=\"noopener\">Saint-Denis-de-Pile,<\/a> au parc B\u00f4male \u00e0 14h.\u00a0<\/p>\n<p>\u00ab\u00a0Toutes les 7 heures<\/p>\n<p class=\" wall-content\"><a href=\"https:\/\/actu.fr\/societe\/violences-faites-aux-femmes-la-carte-des-manifestations-des-22-et-25-novembre-en-france_63464254.html\" target=\"_blank\" rel=\"noopener\">Partout en France, plusieurs dizaines de manifestations sont pr\u00e9vues<\/a> alors que le nombre de f\u00e9minicides conjugaux a <strong>augment\u00e9 entre 2023 et 2024<\/strong> d\u2019apr\u00e8s les donn\u00e9es de la <a href=\"https:\/\/actu.fr\/societe\/chaque-jour-3-5-femmes-victimes-les-chiffres-alarmants-des-feminicides-en-2024-en-france_63462989.html\" target=\"_blank\" rel=\"noopener\">mission interminist\u00e9rielle pour la protection des femmes (Miprof) publi\u00e9es ce jeudi. <\/a><\/p>\n<p class=\" wall-content\">\u00ab <strong>Toutes les 7 heures,<\/strong> il y a une femme que son conjoint ou ex-conjoint tue, tente de tuer, conduit \u00e0 se suicider ou \u00e0 tenter de se suicider \u00bb, pr\u00e9cise la lettre. Une femme est victime <strong>toutes les deux minutes<\/strong> de viol, tentative de viol ou d\u2019agression sexuelle.<\/p>\n<p>Votre r\u00e9gion, votre actu !<\/p>\n<p>Recevez chaque jour les infos qui comptent pour vous.<\/p>\n<p>\t<a href=\"https:\/\/actu.fr\/newsletter\" class=\"ac-btn ac-btn--corner ac-btn--medium ac-btn--blue800\" target=\"_blank\" rel=\"noopener\">S&rsquo;incrire<\/a><\/p>\n<p class=\" wall-content\">Ce samedi, les manifestants sont donc invit\u00e9s \u00e0 marcher \u00ab\u00a0contre les <a href=\"https:\/\/actu.fr\/tag\/feminicide\" target=\"_blank\" rel=\"noopener\">f\u00e9minicides,<\/a> contre toutes <strong>les violences patriarcales,<\/strong> sociales et d\u2019\u00e9tat, contre la destruction des services publics, contre les guerres, les g\u00e9nocides et la <strong>mont\u00e9e de l\u2019extr\u00eame droite<\/strong> partout dans le monde\u00a0\u00bb, \u00e9crit <a href=\"https:\/\/www.instagram.com\/agfeministegironde\/?hl=fr\" target=\"_blank\" rel=\"noopener\">l\u2019AG F\u00e9ministe de Gironde.<\/a><\/p>\n<p class=\" wall-content\">\u00ab\u00a0Depuis qu\u2019Emmanuel Macron est au pouvoir, plus d\u2019un millier de femmes et de filles ont \u00e9t\u00e9 assassin\u00e9es en France, continue l\u2019association. Ces f\u00e9minicides ont lieu dans les foyers comme <strong>dans l\u2019espace public,<\/strong> o\u00f9 les femmes trans, migrantes, sans-abri ou en situation de prostitution sont particuli\u00e8rement vis\u00e9es.\u00a0\u00bb<\/p>\n<p class=\" wall-content\"><a href=\"https:\/\/www.instagram.com\/p\/DRR5bmBCKPu\/embed\" title=\"Ouvrir le lien sur Instagram\" target=\"_blank\" rel=\"noopener\">Visualiser le contenu sur Instagram<\/a><\/p>\n<p class=\" wall-content\">L\u2019AG F\u00e9ministe d\u00e9plore, entre autres, la <strong>baisse des montants allou\u00e9s<\/strong> par l\u2019\u00c9tat, la fermeture de structures d\u2019accueil et les coupes budg\u00e9taires dans les h\u00f4pitaux.\u00a0<\/p>\n<p class=\" wall-content\">Les militants r\u00e9clament notamment\u00a0<strong>une \u00ab\u00a0loi int\u00e9grale<\/strong> contre les violences sexistes et sexuelles inspir\u00e9e du mod\u00e8le espagnol, un budget annuel de 3 milliards d\u2019euros pour son application, des moyens p\u00e9rennes et renforc\u00e9s pour les associations qui accompagnent les victimes\u00a0\u00bb\u2026<\/p>\n<p class=\" wall-content\">Personnalisez votre actualit\u00e9 en ajoutant vos villes et m\u00e9dias en favori avec <a href=\"https:\/\/moncompte.actu.fr\" title=\"D\u00e9couvez Mon Actu\" rel=\"nofollow noopener\" data-trk=\"{&quot;cta&quot;:{&quot;action&quot;:&quot;https:\\\/\\\/moncompte.actu.fr&quot;,&quot;category&quot;:&quot;mon compte&quot;,&quot;from&quot;:&quot;article footer&quot;,&quot;name&quot;:&quot;Mon actu&quot;,&quot;type&quot;:&quot;cta&quot;}}\" target=\"_blank\">Mon Actu<\/a>.<\/p>\n<p>                    <script async src=\"\/\/www.instagram.com\/embed.js\"><\/script><\/p>\n","protected":false},"excerpt":{"rendered":"Par Juliette Cardinale Publi\u00e9 le 21 nov. 2025 \u00e0 12h55 \u00ab\u00a0On ne veut plus pleurer nos mortes\u00a0\u00bb, \u00e9crit&hellip;\n","protected":false},"author":2,"featured_media":549085,"comment_status":"","ping_status":"","sticky":false,"template":"","format":"standard","meta":{"footnotes":""},"categories":[2817],"tags":[1111,11,1997,1777,674,3555,1011,27,1272,12,2219,25,104,799],"class_list":{"0":"post-549084","1":"post","2":"type-post","3":"status-publish","4":"format-standard","5":"has-post-thumbnail","7":"category-bordeaux","8":"tag-actu","9":"tag-actualites","10":"tag-bordeaux","11":"tag-eu","12":"tag-europe","13":"tag-feminicide","14":"tag-fr","15":"tag-france","16":"tag-manifestations","17":"tag-news","18":"tag-nouvelle-aquitaine","19":"tag-republique-francaise","20":"tag-societe","21":"tag-violences-sexuelles"},"share_on_mastodon":{"url":"https:\/\/pubeurope.com\/@fr\/115587632736704444","error":""},"_links":{"self":[{"href":"https:\/\/www.europesays.com\/fr\/wp-json\/wp\/v2\/posts\/549084","targetHints":{"allow":["GET"]}}],"collection":[{"href":"https:\/\/www.europesays.com\/fr\/wp-json\/wp\/v2\/posts"}],"about":[{"href":"https:\/\/www.europesays.com\/fr\/wp-json\/wp\/v2\/types\/post"}],"author":[{"embeddable":true,"href":"https:\/\/www.europesays.com\/fr\/wp-json\/wp\/v2\/users\/2"}],"replies":[{"embeddable":true,"href":"https:\/\/www.europesays.com\/fr\/wp-json\/wp\/v2\/comments?post=549084"}],"version-history":[{"count":0,"href":"https:\/\/www.europesays.com\/fr\/wp-json\/wp\/v2\/posts\/549084\/revisions"}],"wp:featuredmedia":[{"embeddable":true,"href":"https:\/\/www.europesays.com\/fr\/wp-json\/wp\/v2\/media\/549085"}],"wp:attachment":[{"href":"https:\/\/www.europesays.com\/fr\/wp-json\/wp\/v2\/media?parent=549084"}],"wp:term":[{"taxonomy":"category","embeddable":true,"href":"https:\/\/www.europesays.com\/fr\/wp-json\/wp\/v2\/categories?post=549084"},{"taxonomy":"post_tag","embeddable":true,"href":"https:\/\/www.europesays.com\/fr\/wp-json\/wp\/v2\/tags?post=549084"}],"curies":[{"name":"wp","href":"https:\/\/api.w.org\/{rel}","templated":true}]}}