{"id":549086,"date":"2025-11-21T12:14:11","date_gmt":"2025-11-21T12:14:11","guid":{"rendered":"https:\/\/www.europesays.com\/fr\/549086\/"},"modified":"2025-11-21T12:14:11","modified_gmt":"2025-11-21T12:14:11","slug":"pourquoi-des-tracteurs-illumines-deambuleront-dans-les-rues-de-toulouse","status":"publish","type":"post","link":"https:\/\/www.europesays.com\/fr\/549086\/","title":{"rendered":"Pourquoi des tracteurs illumin\u00e9s d\u00e9ambuleront dans les rues de Toulouse\u00a0?"},"content":{"rendered":"<p>                    Par<br \/>\n        <strong><br \/>\n            <a href=\"https:\/\/actu.fr\/auteur\/lea-afonso\" title=\"Consulter tous les articles de L\u00e9a Afonso\" rel=\"nofollow noopener\" target=\"_blank\">L\u00e9a Afonso<\/a><br \/>\n                    <\/strong><\/p>\n<p>        Publi\u00e9 le<\/p>\n<p>            21 nov. 2025 \u00e0 12h39        <\/p>\n<p>\u00c0 <a href=\"https:\/\/actu.fr\/toulouse\/\" rel=\"nofollow noopener\" target=\"_blank\">Toulouse<\/a>, les f\u00eates de fin d\u2019ann\u00e9e se rapprochent \u00e0 grands pas. Alors que le<a href=\"https:\/\/actu.fr\/occitanie\/toulouse_31555\/toulouse-se-prepare-a-revetir-ses-habits-de-fete-le-marche-de-noel-s-installe-place-du-capitole_63432417.html#:~:text=Les%20amateurs%20de%20No%C3%ABl%20peuvent,venus%20de%20toute%20la%20r%C3%A9gion.&amp;text=Votre%20r%C3%A9gion%2C%20votre%20actu%20!\" rel=\"nofollow noopener\" target=\"_blank\"> march\u00e9 de No\u00ebl s\u2019appr\u00eate \u00e0 ouvrir<\/a>, que le<a href=\"https:\/\/actu.fr\/occitanie\/toulouse_31555\/toulouse-le-sapin-de-noel-geant-concu-avec-385-arbres-fait-son-retour-sur-les-ramblas_63463885.html\" rel=\"nofollow noopener\" target=\"_blank\"> grand sapin des all\u00e9es Jean-Jaur\u00e8s est en cours d\u2019installation<\/a> et que<a href=\"https:\/\/actu.fr\/occitanie\/toulouse_31555\/a-toulouse-les-decorations-de-noel-sont-deja-bien-installees-pourquoi-une-telle-avance-et-a-quel-prix_63447622.html#:~:text=Au%20total%2C%20les%20illuminations%20de,d&#039;euros%20pour%20la%20municipalit%C3%A9.\" rel=\"nofollow noopener\" target=\"_blank\"> les illuminations fleurissent aux quatre coins de la Ville rose<\/a>, une chose est s\u00fbre : <strong>l\u2019esprit de No\u00ebl s\u2019installe<\/strong> d\u00e9j\u00e0. Et pour parfaire cette ambiance, une parade pour le moins originale d\u00e9filera dans les rues toulousaines en cette fin novembre 2025\u2026 compos\u00e9e de <strong>tracteurs enti\u00e8rement illumin\u00e9s<\/strong>. Explications.<\/p>\n<p>Une parade de tracteurs illumin\u00e9s<\/p>\n<p class=\" wall-content\">Plus accoutum\u00e9s aux manifestations et aux op\u00e9rations escargot sur le p\u00e9riph\u00e9rique toulousain, les tracteurs \u2014 et les agriculteurs qui les conduisent \u2014 changeront de registre le vendredi 28 novembre 2025. Les<strong> Jeunes Agriculteurs de Haute-Garonne<\/strong> organisent en effet une <strong>parade lumineuse<\/strong> in\u00e9dite dans le centre-ville. Pour l\u2019occasion, les tracteurs auront rev\u00eatu leurs habits de f\u00eate entre <strong>guirlandes lumineuses et boules de No\u00ebl.<\/strong>\u00a0<\/p>\n<p class=\" wall-content\">Le d\u00e9part est donn\u00e9 \u00e0<strong> 16 h 30 sur les all\u00e9es Jean-Jaur\u00e8s<\/strong>, d\u2019o\u00f9 la procession s\u2019\u00e9lancera pour faire le tour des boulevards.<\/p>\n<p>    <a href=\"https:\/\/www.facebook.com\/plugins\/post.php?href=https%3A%2F%2Fwww.facebook.com%2Fjeunesagriculteurs31%2Fposts%2Fpfbid04MBwGYGd3sPuX1AGdH5YXncC4FKUtVUCCqmvpVjG8RK5jC7nnDavs9h8tZCFPFCSl&amp;show_text=true&amp;width=350\" title=\"Ouvrie le lien\" rel=\"nofollow noopener\" target=\"_blank\">Cliquez ici pour visualiser le contenu<\/a><\/p>\n<p>Restauration et produits fermiers sur place<\/p>\n<p class=\" wall-content\">Les gourmands ne seront pas en reste : une<strong> vente de produits fermiers<\/strong> ainsi qu\u2019une offre de <strong>restauration<\/strong> seront propos\u00e9es<strong> place d\u2019Arm\u00e9nie<\/strong>, directement situ\u00e9e le long des all\u00e9es Jean-Jaur\u00e8s. De quoi se r\u00e9galer tout en admirant le passage des tracteurs illumin\u00e9s.<\/p>\n<p>Vid\u00e9os : en ce moment sur Actu<\/p>\n<p class=\" wall-content\">Une manifestation originale, festive et haute en couleurs, qui promet d\u2019attirer de nombreux curieux.<\/p>\n<p class=\" wall-content\">Personnalisez votre actualit\u00e9 en ajoutant vos villes et m\u00e9dias en favori avec <a href=\"https:\/\/moncompte.actu.fr\" title=\"D\u00e9couvez Mon Actu\" rel=\"nofollow noopener\" data-trk=\"{&quot;cta&quot;:{&quot;action&quot;:&quot;https:\\\/\\\/moncompte.actu.fr&quot;,&quot;category&quot;:&quot;mon compte&quot;,&quot;from&quot;:&quot;article footer&quot;,&quot;name&quot;:&quot;Mon actu&quot;,&quot;type&quot;:&quot;cta&quot;}}\" target=\"_blank\">Mon Actu<\/a>.<\/p>\n","protected":false},"excerpt":{"rendered":"Par L\u00e9a Afonso Publi\u00e9 le 21 nov. 2025 \u00e0 12h39 \u00c0 Toulouse, les f\u00eates de fin d\u2019ann\u00e9e se&hellip;\n","protected":false},"author":2,"featured_media":549087,"comment_status":"","ping_status":"","sticky":false,"template":"","format":"standard","meta":{"footnotes":""},"categories":[2816],"tags":[1111,11,327,1777,674,1011,27,1652,12,15830,2680,25,1341,2312],"class_list":{"0":"post-549086","1":"post","2":"type-post","3":"status-publish","4":"format-standard","5":"has-post-thumbnail","7":"category-toulouse","8":"tag-actu","9":"tag-actualites","10":"tag-agriculture","11":"tag-eu","12":"tag-europe","13":"tag-fr","14":"tag-france","15":"tag-loisirs-culture","16":"tag-news","17":"tag-noel","18":"tag-occitanie","19":"tag-republique-francaise","20":"tag-sortir-a-toulouse","21":"tag-toulouse"},"share_on_mastodon":{"url":"https:\/\/pubeurope.com\/@fr\/115587636691934536","error":""},"_links":{"self":[{"href":"https:\/\/www.europesays.com\/fr\/wp-json\/wp\/v2\/posts\/549086","targetHints":{"allow":["GET"]}}],"collection":[{"href":"https:\/\/www.europesays.com\/fr\/wp-json\/wp\/v2\/posts"}],"about":[{"href":"https:\/\/www.europesays.com\/fr\/wp-json\/wp\/v2\/types\/post"}],"author":[{"embeddable":true,"href":"https:\/\/www.europesays.com\/fr\/wp-json\/wp\/v2\/users\/2"}],"replies":[{"embeddable":true,"href":"https:\/\/www.europesays.com\/fr\/wp-json\/wp\/v2\/comments?post=549086"}],"version-history":[{"count":0,"href":"https:\/\/www.europesays.com\/fr\/wp-json\/wp\/v2\/posts\/549086\/revisions"}],"wp:featuredmedia":[{"embeddable":true,"href":"https:\/\/www.europesays.com\/fr\/wp-json\/wp\/v2\/media\/549087"}],"wp:attachment":[{"href":"https:\/\/www.europesays.com\/fr\/wp-json\/wp\/v2\/media?parent=549086"}],"wp:term":[{"taxonomy":"category","embeddable":true,"href":"https:\/\/www.europesays.com\/fr\/wp-json\/wp\/v2\/categories?post=549086"},{"taxonomy":"post_tag","embeddable":true,"href":"https:\/\/www.europesays.com\/fr\/wp-json\/wp\/v2\/tags?post=549086"}],"curies":[{"name":"wp","href":"https:\/\/api.w.org\/{rel}","templated":true}]}}