{"id":549104,"date":"2025-11-21T12:25:13","date_gmt":"2025-11-21T12:25:13","guid":{"rendered":"https:\/\/www.europesays.com\/fr\/549104\/"},"modified":"2025-11-21T12:25:13","modified_gmt":"2025-11-21T12:25:13","slug":"ladolescent-lynche-en-2021-sur-la-dalle-de-beaugrenelle-na-aucune-sequelle","status":"publish","type":"post","link":"https:\/\/www.europesays.com\/fr\/549104\/","title":{"rendered":"l&rsquo;adolescent lynch\u00e9 en 2021 sur la dalle de Beaugrenelle \u00ab\u00a0n&rsquo;a aucune s\u00e9quelle\u00a0\u00bb"},"content":{"rendered":"<p>                    Par<br \/>\n        <strong><br \/>\n            <a href=\"https:\/\/actu.fr\/auteur\/glenn-gillet\" title=\"Consulter tous les articles de Glenn Gillet\" target=\"_blank\" rel=\"noopener\">Glenn Gillet<\/a><br \/>\n                    <\/strong><\/p>\n<p>        Publi\u00e9 le<\/p>\n<p>            21 nov. 2025 \u00e0 11h52        <\/p>\n<p>L\u2019affaire qui porte son nom est devenue un <strong>symbole<\/strong> du ph\u00e9nom\u00e8ne de <a href=\"https:\/\/actu.fr\/ile-de-france\/clamart_92023\/rixes-entre-jeunes-devant-des-lycees-des-hauts-de-seine-cinq-personnes-interpellees_61802332.html\" target=\"_blank\" rel=\"noopener\">violences entre bandes de jeunes<\/a> \u00e0 l\u2019\u00e9chelle de la France enti\u00e8re. <a href=\"https:\/\/actu.fr\/ile-de-france\/paris_75056\/agression-du-jeune-yuriy-a-paris-le-parquet-demande-un-proces-criminel_54032403.html\" target=\"_blank\" rel=\"noopener\">Yuriy<\/a> va mieux. En janvier 2021, cet adolescent \u00e2g\u00e9 de 14 ans \u00e0 l\u2019\u00e9poque avait \u00e9t\u00e9 <strong>pass\u00e9 \u00e0 tabac et laiss\u00e9 pour mort<\/strong> sur la <a href=\"https:\/\/actu.fr\/ile-de-france\/paris_75056\/une-violente-rixe-sur-la-dalle-beaugrenelle-a-paris-fait-un-blesse-et-rappelle-de-tres-mauvais-souvenirs_61693861.html\" target=\"_blank\" rel=\"noopener\">dalle de Beaugrenelle<\/a> dans le 15e arrondissement de Paris en janvier 2021 par une dizaine de jeunes, dont certains arm\u00e9s. Le maire d\u2019arrondissement Philippe Goujon (Les R\u00e9publicains) a <strong>donn\u00e9 de ses nouvelles<\/strong> ce vendredi 21 novembre 2025 lors du <a href=\"https:\/\/actu.fr\/tag\/conseil-de-paris\" target=\"_blank\" rel=\"noopener\">Conseil de Paris<\/a>.<\/p>\n<p>\u00ab\u00a0Il est parfaitement r\u00e9tabli\u00a0\u00bb<\/p>\n<p class=\" wall-content\">Philippe Goujon \u00e9voquait l\u2019enjeu de la s\u00e9curit\u00e9 et de la tranquillit\u00e9 du voisinage sur la dalle Beaugrenelle : \u00abChacun se souvient parfaitement du martyre v\u00e9cu par le jeune Yuriy, d\u2019ailleurs je peux vous donner de ses nouvelles\u2009: il est <strong>parfaitement r\u00e9tabli et n\u2019a aucune s\u00e9quelle<\/strong>\u2009\u00bb, a alors d\u00e9taill\u00e9 l\u2019\u00e9lu.<\/p>\n<p class=\" wall-content\">L\u2019adolescent avait \u00e9t\u00e9 lynch\u00e9 le 15\u00a0janvier 2022 par douze jeunes, certains \u00e9quip\u00e9s de barre de fer, de marteau ou encore de tournevis, avant d\u2019\u00eatre pris en charge entre la vie et la mort par les secours, puis plac\u00e9 dans un coma artificiel pendant 10\u00a0jours. Cette agression est intervenue dans le cadre d\u2019une rivalit\u00e9 entre bandes du 15e arrondissement et de Vanves (Hauts-de-Seine). Huit personnes, dont au moins deux majeurs au moment des faits, avaient \u00e9t\u00e9 <a href=\"https:\/\/actu.fr\/ile-de-france\/paris_75056\/passage-a-tabac-de-yuriy-huit-jeunes-condamnes-pour-avoir-participe-au-lynchage_60488520.html\" target=\"_blank\" rel=\"noopener\">condamn\u00e9s en d\u00e9cembre\u00a02023<\/a> \u00e0 des peines allant jusqu\u2019\u00e0 huit ans de prison. Six d\u2019entre eux \u00e9taient poursuivis pour tentative de meurtre.<\/p>\n<p>    <img   decoding=\"async\" loading=\"lazy\" src=\"https:\/\/www.europesays.com\/fr\/wp-content\/uploads\/2025\/11\/yuriy-paris-15eme-arrondissement-agression-adolescent-coma-hopital-dalle-beaugrenelle-mere-necker-po.jpeg\" alt=\"Une vid\u00e9o diffus\u00e9e vendredi 22 janvier 2021 sur Twitter t\u00e9moigne de l'ultra-violence de l'agression qu'a subi Yuriy, 14 ans, le 15 janvier sur la dalle Beaugrenelle.\" width=\"960\" height=\"640\"\/><br \/>\n    Une vid\u00e9o diffus\u00e9e vendredi 22 janvier 2021 sur Twitter t\u00e9moigne de l\u2019ultra-violence de l\u2019agression subie par Yuriy, 14 ans, sur la dalle Beaugrenelle. (\u00a9DR)<\/p>\n<p class=\" wall-content\">\u00ab\u2009La dalle sert trop souvent de lieu de r\u00e8glements de compte entre bandes rivales, de points de deal ou de refuge pour mineurs isol\u00e9s, \u00e9trangers\u2009\u00bb, a ainsi d\u00e9taill\u00e9 Philippe Goujon ce vendredi, \u00ab\u2009juin a \u00e9t\u00e9 tr\u00e8s anim\u00e9 de ce point de vue. Depuis le d\u00e9but de l\u2019ann\u00e9e, c\u2019est pr\u00e8s d\u2019une <strong>centaine d\u2019appels \u00e0 la police<\/strong> qui ont \u00e9t\u00e9 enregistr\u00e9s\u2009\u00bb.<\/p>\n<p class=\" wall-content\">L\u2019\u00e9lu reconna\u00eet une am\u00e9lioration des am\u00e9nagements et installations destin\u00e9s \u00e0 am\u00e9liorer la s\u00e9curit\u00e9 dans ce secteur populaire et marqu\u00e9 par un urbanisme typique des ann\u00e9es 1960, mais appelle \u00e0 un partenariat accru avec la pr\u00e9fecture de police, notamment sur la question de la vid\u00e9osurveillance, afin d\u2019\u00e9viter une nouvelle affaire de la gravit\u00e9 de celle qui a concern\u00e9 le jeune Yuriy.<\/p>\n<p class=\" wall-content\">Personnalisez votre actualit\u00e9 en ajoutant vos villes et m\u00e9dias en favori avec <a href=\"https:\/\/moncompte.actu.fr\" title=\"D\u00e9couvez Mon Actu\" rel=\"nofollow noopener\" data-trk=\"{&quot;cta&quot;:{&quot;action&quot;:&quot;https:\\\/\\\/moncompte.actu.fr&quot;,&quot;category&quot;:&quot;mon compte&quot;,&quot;from&quot;:&quot;article footer&quot;,&quot;name&quot;:&quot;Mon actu&quot;,&quot;type&quot;:&quot;cta&quot;}}\" target=\"_blank\">Mon Actu<\/a>.<\/p>\n","protected":false},"excerpt":{"rendered":"Par Glenn Gillet Publi\u00e9 le 21 nov. 2025 \u00e0 11h52 L\u2019affaire qui porte son nom est devenue un&hellip;\n","protected":false},"author":2,"featured_media":549105,"comment_status":"","ping_status":"","sticky":false,"template":"","format":"standard","meta":{"footnotes":""},"categories":[1888],"tags":[1111,1928,11,1927,2617,1777,674,118,1011,27,303,12,1926,626,1925,1072,25],"class_list":{"0":"post-549104","1":"post","2":"type-post","3":"status-publish","4":"format-standard","5":"has-post-thumbnail","7":"category-paris","8":"tag-actu","9":"tag-actu-paris","10":"tag-actualites","11":"tag-actualites-paris","12":"tag-conseil-de-paris","13":"tag-eu","14":"tag-europe","15":"tag-faits-divers","16":"tag-fr","17":"tag-france","18":"tag-justice","19":"tag-news","20":"tag-news-paris","21":"tag-paris","22":"tag-paris-news","23":"tag-police","24":"tag-republique-francaise"},"share_on_mastodon":{"url":"https:\/\/pubeurope.com\/@fr\/115587680590575923","error":""},"_links":{"self":[{"href":"https:\/\/www.europesays.com\/fr\/wp-json\/wp\/v2\/posts\/549104","targetHints":{"allow":["GET"]}}],"collection":[{"href":"https:\/\/www.europesays.com\/fr\/wp-json\/wp\/v2\/posts"}],"about":[{"href":"https:\/\/www.europesays.com\/fr\/wp-json\/wp\/v2\/types\/post"}],"author":[{"embeddable":true,"href":"https:\/\/www.europesays.com\/fr\/wp-json\/wp\/v2\/users\/2"}],"replies":[{"embeddable":true,"href":"https:\/\/www.europesays.com\/fr\/wp-json\/wp\/v2\/comments?post=549104"}],"version-history":[{"count":0,"href":"https:\/\/www.europesays.com\/fr\/wp-json\/wp\/v2\/posts\/549104\/revisions"}],"wp:featuredmedia":[{"embeddable":true,"href":"https:\/\/www.europesays.com\/fr\/wp-json\/wp\/v2\/media\/549105"}],"wp:attachment":[{"href":"https:\/\/www.europesays.com\/fr\/wp-json\/wp\/v2\/media?parent=549104"}],"wp:term":[{"taxonomy":"category","embeddable":true,"href":"https:\/\/www.europesays.com\/fr\/wp-json\/wp\/v2\/categories?post=549104"},{"taxonomy":"post_tag","embeddable":true,"href":"https:\/\/www.europesays.com\/fr\/wp-json\/wp\/v2\/tags?post=549104"}],"curies":[{"name":"wp","href":"https:\/\/api.w.org\/{rel}","templated":true}]}}