{"id":549114,"date":"2025-11-21T12:32:23","date_gmt":"2025-11-21T12:32:23","guid":{"rendered":"https:\/\/www.europesays.com\/fr\/549114\/"},"modified":"2025-11-21T12:32:23","modified_gmt":"2025-11-21T12:32:23","slug":"ski-alpin-chute-de-lara-gut-behrami-aux-usa","status":"publish","type":"post","link":"https:\/\/www.europesays.com\/fr\/549114\/","title":{"rendered":"Ski alpin &#8211; Chute de Lara Gut-Behrami aux USA"},"content":{"rendered":"<p class=\"infoNews\">21-11-2025 | <a href=\"https:\/\/www.toutleski.com\/news\/sante\/CID18\/\" title=\"\" target=\"_blank\" rel=\"noopener\">SANTE<\/a><\/p>\n<p><\/p>\n<p>    De vives inqui\u00e9tudes quant \u00e0 son \u00e9tat de sant\u00e9<br \/>\n            <img decoding=\"async\" src=\"https:\/\/www.europesays.com\/fr\/wp-content\/uploads\/2025\/11\/tep67160.jpg\" width=\"500\" \/><\/p>\n<p>Lara Gut-Behrami, la skieuse suisse de 34 ans, a lourdement chut\u00e9 lors d\u2019un entra\u00eenement de super-G \u00e0 Copper Mountain (\u00c9tats-Unis) le 20 novembre 2025. Elle souffre notamment d\u2019une possible rupture du ligament crois\u00e9 et d\u2019une l\u00e9sion du m\u00e9nisque au genou gauche, ainsi que d\u2019une commotion c\u00e9r\u00e9brale. Selon les premiers t\u00e9moignages, la visibilit\u00e9 sur la piste n\u2019\u00e9tait pas optimale, et elle aurait coinc\u00e9 sa main dans une porte, perdant ainsi l\u2019\u00e9quilibre avant la chute. Elle doit rentrer en Suisse pour des examens approfondis afin de confirmer la gravit\u00e9 exacte de ses blessures.<\/p>\n<p>Si une blessure grave au genou est confirm\u00e9e, cela pourrait signifier la fin pr\u00e9matur\u00e9e de sa carri\u00e8re, qu&rsquo;elle avait pr\u00e9vu de conclure \u00e0 la fin de la saison 2025-2026. Lara Gut-Behrami est une des meilleures skieuses suisses avec 48 victoires en Coupe du Monde, ayant d\u00e9j\u00e0 remport\u00e9 deux Globes de cristal, un titre olympique et d&rsquo;autres titres mondiaux. Cette chute \u00e0 Copper Mountain est donc un coup dur pour elle et pour le ski suisse.<\/p>\n<p>En photo (Teyssot\/AS\/TLS) La\u00a0Tessinoise r\u00e9sidente italienne Lara Gut-Behrami lors du Forum Alpinum de S\u00f6lden.<\/p>\n<p>AIP<\/p>\n","protected":false},"excerpt":{"rendered":"21-11-2025 | SANTE De vives inqui\u00e9tudes quant \u00e0 son \u00e9tat de sant\u00e9 Lara Gut-Behrami, la skieuse suisse de&hellip;\n","protected":false},"author":2,"featured_media":549115,"comment_status":"","ping_status":"","sticky":false,"template":"","format":"standard","meta":{"footnotes":""},"categories":[1589],"tags":[11,66668,66666,3170,73,1866,66667,12,96,1864,1865,1863,308],"class_list":{"0":"post-549114","1":"post","2":"type-post","3":"status-publish","4":"format-standard","5":"has-post-thumbnail","7":"category-etats-unis","8":"tag-actualites","9":"tag-agrave","10":"tag-behrami","11":"tag-elle","12":"tag-etats-unis","13":"tag-etats-unis-damerique","14":"tag-gut","15":"tag-news","16":"tag-une","17":"tag-united-states","18":"tag-united-states-of-america","19":"tag-us","20":"tag-usa"},"share_on_mastodon":{"url":"https:\/\/pubeurope.com\/@fr\/115587708316178471","error":""},"_links":{"self":[{"href":"https:\/\/www.europesays.com\/fr\/wp-json\/wp\/v2\/posts\/549114","targetHints":{"allow":["GET"]}}],"collection":[{"href":"https:\/\/www.europesays.com\/fr\/wp-json\/wp\/v2\/posts"}],"about":[{"href":"https:\/\/www.europesays.com\/fr\/wp-json\/wp\/v2\/types\/post"}],"author":[{"embeddable":true,"href":"https:\/\/www.europesays.com\/fr\/wp-json\/wp\/v2\/users\/2"}],"replies":[{"embeddable":true,"href":"https:\/\/www.europesays.com\/fr\/wp-json\/wp\/v2\/comments?post=549114"}],"version-history":[{"count":0,"href":"https:\/\/www.europesays.com\/fr\/wp-json\/wp\/v2\/posts\/549114\/revisions"}],"wp:featuredmedia":[{"embeddable":true,"href":"https:\/\/www.europesays.com\/fr\/wp-json\/wp\/v2\/media\/549115"}],"wp:attachment":[{"href":"https:\/\/www.europesays.com\/fr\/wp-json\/wp\/v2\/media?parent=549114"}],"wp:term":[{"taxonomy":"category","embeddable":true,"href":"https:\/\/www.europesays.com\/fr\/wp-json\/wp\/v2\/categories?post=549114"},{"taxonomy":"post_tag","embeddable":true,"href":"https:\/\/www.europesays.com\/fr\/wp-json\/wp\/v2\/tags?post=549114"}],"curies":[{"name":"wp","href":"https:\/\/api.w.org\/{rel}","templated":true}]}}