{"id":549126,"date":"2025-11-21T12:40:20","date_gmt":"2025-11-21T12:40:20","guid":{"rendered":"https:\/\/www.europesays.com\/fr\/549126\/"},"modified":"2025-11-21T12:40:20","modified_gmt":"2025-11-21T12:40:20","slug":"la-france-reduit-ses-personnels-diplomatiques-dans-un-pays-en-proie-a-linsecurite","status":"publish","type":"post","link":"https:\/\/www.europesays.com\/fr\/549126\/","title":{"rendered":"la France r\u00e9duit ses personnels diplomatiques dans un pays en proie \u00e0 l\u2019ins\u00e9curit\u00e9"},"content":{"rendered":"<p>\n    Cette d\u00e9cision a \u00e9t\u00e9 prise \u00abau regard du contexte et \u00e0 l\u2019instar de plusieurs de ses partenaires\u00bb, en r\u00e9f\u00e9rence aux \u00c9tats-Unis et au Royaume-Uni qui ont d\u00e9j\u00e0 \u00e9vacu\u00e9 leur personnel \u00abnon essentiel\u00bb.<\/p>\n<p class=\"fig-paragraph\">La France \u00aba d\u00e9cid\u00e9 d&rsquo;adapter son dispositif diplomatique et consulaire\u00bb au\u00a0<a href=\"https:\/\/video.lefigaro.fr\/figaro\/international\/mali-la-haute-autorite-de-la-communication-suspend-tf1-et-lci-20251114\" data-fig-type=\"Video\" data-gtm-custom-categorie=\"navigation\" data-gtm-custom-action=\"crossclick\" data-gtm-custom-label=\"Contextuel\" data-gtm-event=\"customEventSPE\" data-fig-domain=\"LEFIGARO\" rel=\"nofollow noopener\" target=\"_blank\">Mali\u00a0<\/a>et va, en d&rsquo;autres termes, r\u00e9duire ses personnels dans un contexte de situation s\u00e9curitaire d\u00e9grad\u00e9e dans ce pays, a annonc\u00e9 vendredi le\u00a0<a href=\"https:\/\/video.lefigaro.fr\/figaro\/international\/cecile-kohler-et-jacques-paris-condamnes-a-plus-de-30-ans-de-prison-en-iran-20251014\" data-fig-type=\"Video\" data-gtm-custom-categorie=\"navigation\" data-gtm-custom-action=\"crossclick\" data-gtm-custom-label=\"Contextuel\" data-gtm-event=\"customEventSPE\" data-fig-domain=\"LEFIGARO\" rel=\"nofollow noopener\" target=\"_blank\">minist\u00e8re fran\u00e7ais des Affaires \u00e9trang\u00e8res<\/a>.<\/p>\n<p class=\"fig-paragraph\">Cette d\u00e9cision a \u00e9t\u00e9 prise \u00abau regard du contexte et \u00e0 l&rsquo;instar de plusieurs de ses partenaires\u00bb, a expliqu\u00e9 le Quai d&rsquo;Orsay, en r\u00e9f\u00e9rence aux \u00c9tats-Unis et au Royaume-Uni qui ont d\u00e9j\u00e0 \u00e9vacu\u00e9 leur personnel \u00abnon essentiel\u00bb. Il ne pr\u00e9cise pas en revanche le nombre de personnes concern\u00e9es.<\/p>\n<p>                                    <a class=\"fig-a11y-skip a11y-hidden\" href=\"#fig-a11y-skip-main-inarticle\"><br \/>\n        Passer la publicit\u00e9<br \/>\n    <\/a><\/p>\n<p class=\"fig-paragraph\">Les consignes aux quelque 4000 ressortissants fran\u00e7ais pr\u00e9sents au Mali restent, elles, inchang\u00e9es depuis l\u2019appel le 7 novembre \u00e0 pr\u00e9voir un d\u00e9part temporaire d\u00e8s que possible par les vols commerciaux encore disponibles. Il est en outre formellement d\u00e9conseill\u00e9 de se rendre au Mali, quel que soit le motif.<\/p>\n<p>Crise s\u00e9curitaire<\/p>\n<p class=\"fig-paragraph\">Depuis 2012, le Mali fait face \u00e0 une profonde crise s\u00e9curitaire, nourrie notamment par les violences des jihadistes du Groupe de soutien \u00e0 l\u2019islam et aux musulmans (JNIM, affili\u00e9 \u00e0 Al-Qa\u00efda) et de l\u2019organisation \u00c9tat islamique (EI), ainsi que de groupes criminels communautaires.<\/p>\n<p class=\"fig-paragraph\">Les jihadistes du JNIM imposent un blocus sur les importations de carburant, \u00e9tranglant l\u2019\u00e9conomie du pays sah\u00e9lien enclav\u00e9. La situation semblait ces derniers jours l\u00e9g\u00e8rement s\u2019am\u00e9liorer \u00e0 Bamako avec l\u2019arriv\u00e9e de camions mais certaines villes sont toujours sans carburant depuis des semaines dans le reste du pays.<\/p>\n<p class=\"fig-paragraph\">De longues files d\u2019attente sont encore visibles devant les stations-service et la population dispose de l\u2019\u00e9quivalent de moins de six heures d\u2019\u00e9lectricit\u00e9 par jour dans la capitale, selon un correspondant de l\u2019AFP. Dans sa derni\u00e8re vid\u00e9o de propagande publi\u00e9e mardi, le JNIM a annonc\u00e9 vouloir intensifier son blocus et fait savoir qu\u2019il consid\u00e8rera d\u00e9sormais les chauffeurs de camion comme des combattants. Dans un autre document publi\u00e9 jeudi, le JNIM demande aussi aux ONG, entreprises, personnalit\u00e9s, associations, de se lever contre la junte au pouvoir.<\/p>\n","protected":false},"excerpt":{"rendered":"Cette d\u00e9cision a \u00e9t\u00e9 prise \u00abau regard du contexte et \u00e0 l\u2019instar de plusieurs de ses partenaires\u00bb, en&hellip;\n","protected":false},"author":2,"featured_media":549127,"comment_status":"","ping_status":"","sticky":false,"template":"","format":"standard","meta":{"footnotes":""},"categories":[4],"tags":[11,312,1011,27,1136,12,25],"class_list":{"0":"post-549126","1":"post","2":"type-post","3":"status-publish","4":"format-standard","5":"has-post-thumbnail","7":"category-france","8":"tag-actualites","9":"tag-diplomatie","10":"tag-fr","11":"tag-france","12":"tag-mali","13":"tag-news","14":"tag-republique-francaise"},"share_on_mastodon":{"url":"https:\/\/pubeurope.com\/@fr\/115587738675671478","error":""},"_links":{"self":[{"href":"https:\/\/www.europesays.com\/fr\/wp-json\/wp\/v2\/posts\/549126","targetHints":{"allow":["GET"]}}],"collection":[{"href":"https:\/\/www.europesays.com\/fr\/wp-json\/wp\/v2\/posts"}],"about":[{"href":"https:\/\/www.europesays.com\/fr\/wp-json\/wp\/v2\/types\/post"}],"author":[{"embeddable":true,"href":"https:\/\/www.europesays.com\/fr\/wp-json\/wp\/v2\/users\/2"}],"replies":[{"embeddable":true,"href":"https:\/\/www.europesays.com\/fr\/wp-json\/wp\/v2\/comments?post=549126"}],"version-history":[{"count":0,"href":"https:\/\/www.europesays.com\/fr\/wp-json\/wp\/v2\/posts\/549126\/revisions"}],"wp:featuredmedia":[{"embeddable":true,"href":"https:\/\/www.europesays.com\/fr\/wp-json\/wp\/v2\/media\/549127"}],"wp:attachment":[{"href":"https:\/\/www.europesays.com\/fr\/wp-json\/wp\/v2\/media?parent=549126"}],"wp:term":[{"taxonomy":"category","embeddable":true,"href":"https:\/\/www.europesays.com\/fr\/wp-json\/wp\/v2\/categories?post=549126"},{"taxonomy":"post_tag","embeddable":true,"href":"https:\/\/www.europesays.com\/fr\/wp-json\/wp\/v2\/tags?post=549126"}],"curies":[{"name":"wp","href":"https:\/\/api.w.org\/{rel}","templated":true}]}}