{"id":549128,"date":"2025-11-21T12:44:12","date_gmt":"2025-11-21T12:44:12","guid":{"rendered":"https:\/\/www.europesays.com\/fr\/549128\/"},"modified":"2025-11-21T12:44:12","modified_gmt":"2025-11-21T12:44:12","slug":"on-sait-pourquoi-maa-nonu-ne-jouera-pas-contre-le-stade-francais-paris","status":"publish","type":"post","link":"https:\/\/www.europesays.com\/fr\/549128\/","title":{"rendered":"On sait pourquoi Ma\u2019a Nonu ne jouera pas contre le Stade-Fran\u00e7ais Paris"},"content":{"rendered":"<p>Le trois-quarts centre international N\u00e9o-Z\u00e9landais, Ma\u2019a Nonu ne jouera pas contre le Stade-Fran\u00e7ais Paris, ce dimanche soir.<\/p>\n<p>Le puissant joueur du RCT n\u2019\u00e9tait pas \u00e0 l\u2019entra\u00eenement cette semaine.<\/p>\n<p>En d\u00e9but de semaine, personne ne savait r\u00e9ellement pourquoi Ma\u2019a Nonu \u00e9tait dans la liste des absents.<\/p>\n<p>Renseignement pris, Midi Olympique indique dans son \u00e9dition du jour que Ma\u2019a Nonu est rentr\u00e9 en Nouvelle-Z\u00e9lande voir sa famille, avec l\u2019accord du club.<\/p>\n<p>Le centre N\u00e9o-Z\u00e9landais est donc actuellement en vacances prolong\u00e9es et ne sera pas pr\u00e9sent ce dimanche.<\/p>\n<p>Reste \u00e0 savoir quand il effectuera son retour sur les bords de la Rade.<\/p>\n<p><strong>Affaire \u00e0 suivre\u2026<\/strong><\/p>\n<p>Photo : Florian Escoffier<\/p>\n","protected":false},"excerpt":{"rendered":"Le trois-quarts centre international N\u00e9o-Z\u00e9landais, Ma\u2019a Nonu ne jouera pas contre le Stade-Fran\u00e7ais Paris, ce dimanche soir. Le&hellip;\n","protected":false},"author":2,"featured_media":549129,"comment_status":"","ping_status":"","sticky":false,"template":"","format":"standard","meta":{"footnotes":""},"categories":[1416],"tags":[1011,27,479,1468,60],"class_list":{"0":"post-549128","1":"post","2":"type-post","3":"status-publish","4":"format-standard","5":"has-post-thumbnail","7":"category-rugby","8":"tag-fr","9":"tag-france","10":"tag-rugby","11":"tag-rugby-football","12":"tag-sports"},"share_on_mastodon":{"url":"https:\/\/pubeurope.com\/@fr\/115587754531691982","error":""},"_links":{"self":[{"href":"https:\/\/www.europesays.com\/fr\/wp-json\/wp\/v2\/posts\/549128","targetHints":{"allow":["GET"]}}],"collection":[{"href":"https:\/\/www.europesays.com\/fr\/wp-json\/wp\/v2\/posts"}],"about":[{"href":"https:\/\/www.europesays.com\/fr\/wp-json\/wp\/v2\/types\/post"}],"author":[{"embeddable":true,"href":"https:\/\/www.europesays.com\/fr\/wp-json\/wp\/v2\/users\/2"}],"replies":[{"embeddable":true,"href":"https:\/\/www.europesays.com\/fr\/wp-json\/wp\/v2\/comments?post=549128"}],"version-history":[{"count":0,"href":"https:\/\/www.europesays.com\/fr\/wp-json\/wp\/v2\/posts\/549128\/revisions"}],"wp:featuredmedia":[{"embeddable":true,"href":"https:\/\/www.europesays.com\/fr\/wp-json\/wp\/v2\/media\/549129"}],"wp:attachment":[{"href":"https:\/\/www.europesays.com\/fr\/wp-json\/wp\/v2\/media?parent=549128"}],"wp:term":[{"taxonomy":"category","embeddable":true,"href":"https:\/\/www.europesays.com\/fr\/wp-json\/wp\/v2\/categories?post=549128"},{"taxonomy":"post_tag","embeddable":true,"href":"https:\/\/www.europesays.com\/fr\/wp-json\/wp\/v2\/tags?post=549128"}],"curies":[{"name":"wp","href":"https:\/\/api.w.org\/{rel}","templated":true}]}}