{"id":549132,"date":"2025-11-21T12:49:10","date_gmt":"2025-11-21T12:49:10","guid":{"rendered":"https:\/\/www.europesays.com\/fr\/549132\/"},"modified":"2025-11-21T12:49:10","modified_gmt":"2025-11-21T12:49:10","slug":"communique-la-sa-vendee-cyclisme-confirme-jean-rene-bernaudeau-a-sa-tete-pour-la-saison-2026","status":"publish","type":"post","link":"https:\/\/www.europesays.com\/fr\/549132\/","title":{"rendered":"COMMUNIQU\u00c9 &#8211; La SA Vend\u00e9e Cyclisme confirme Jean-Ren\u00e9 Bernaudeau \u00e0 sa t\u00eate pour la saison 2026."},"content":{"rendered":"<p>\t\t\t\tCOMMUNIQU\u00c9 \u2013 La SA Vend\u00e9e Cyclisme confirme Jean-Ren\u00e9 Bernaudeau \u00e0 sa t\u00eate pour la saison 2026.<\/p>\n<p>Faisant suite \u00e0 l\u2019information parue initialement dans les pages de Ouest-France et<br \/>relay\u00e9e dans les m\u00e9dias, la SA Vend\u00e9e Cyclisme confirme la pr\u00e9sence de Jean-Ren\u00e9<br \/>Bernaudeau \u00e0 sa t\u00eate pour une vingt-septi\u00e8me ann\u00e9e.<\/p>\n<p>Afin d\u2019anticiper les enjeux majeurs qui attendent le Team TotalEnergies dans les mois \u00e0<br \/>venir, une r\u00e9flexion approfondie est en cours pour renforcer les forces vives de<br \/>l\u2019entreprise. Aucune d\u00e9cision n\u2019a toutefois \u00e9t\u00e9 arr\u00eat\u00e9e \u00e0 ce stade.<\/p>\n","protected":false},"excerpt":{"rendered":"COMMUNIQU\u00c9 \u2013 La SA Vend\u00e9e Cyclisme confirme Jean-Ren\u00e9 Bernaudeau \u00e0 sa t\u00eate pour la saison 2026. Faisant suite&hellip;\n","protected":false},"author":2,"featured_media":549133,"comment_status":"","ping_status":"","sticky":false,"template":"","format":"standard","meta":{"footnotes":""},"categories":[1411],"tags":[1154,207,1011,27,60],"class_list":{"0":"post-549132","1":"post","2":"type-post","3":"status-publish","4":"format-standard","5":"has-post-thumbnail","7":"category-cyclisme","8":"tag-cycling","9":"tag-cyclisme","10":"tag-fr","11":"tag-france","12":"tag-sports"},"share_on_mastodon":{"url":"https:\/\/pubeurope.com\/@fr\/115587774223649659","error":""},"_links":{"self":[{"href":"https:\/\/www.europesays.com\/fr\/wp-json\/wp\/v2\/posts\/549132","targetHints":{"allow":["GET"]}}],"collection":[{"href":"https:\/\/www.europesays.com\/fr\/wp-json\/wp\/v2\/posts"}],"about":[{"href":"https:\/\/www.europesays.com\/fr\/wp-json\/wp\/v2\/types\/post"}],"author":[{"embeddable":true,"href":"https:\/\/www.europesays.com\/fr\/wp-json\/wp\/v2\/users\/2"}],"replies":[{"embeddable":true,"href":"https:\/\/www.europesays.com\/fr\/wp-json\/wp\/v2\/comments?post=549132"}],"version-history":[{"count":0,"href":"https:\/\/www.europesays.com\/fr\/wp-json\/wp\/v2\/posts\/549132\/revisions"}],"wp:featuredmedia":[{"embeddable":true,"href":"https:\/\/www.europesays.com\/fr\/wp-json\/wp\/v2\/media\/549133"}],"wp:attachment":[{"href":"https:\/\/www.europesays.com\/fr\/wp-json\/wp\/v2\/media?parent=549132"}],"wp:term":[{"taxonomy":"category","embeddable":true,"href":"https:\/\/www.europesays.com\/fr\/wp-json\/wp\/v2\/categories?post=549132"},{"taxonomy":"post_tag","embeddable":true,"href":"https:\/\/www.europesays.com\/fr\/wp-json\/wp\/v2\/tags?post=549132"}],"curies":[{"name":"wp","href":"https:\/\/api.w.org\/{rel}","templated":true}]}}