{"id":549138,"date":"2025-11-21T12:52:36","date_gmt":"2025-11-21T12:52:36","guid":{"rendered":"https:\/\/www.europesays.com\/fr\/549138\/"},"modified":"2025-11-21T12:52:36","modified_gmt":"2025-11-21T12:52:36","slug":"les-3-styles-darchitecture-les-plus-detestes-de-tous-les-temps","status":"publish","type":"post","link":"https:\/\/www.europesays.com\/fr\/549138\/","title":{"rendered":"Les 3 styles d&rsquo;architecture les plus d\u00e9test\u00e9s de tous les temps"},"content":{"rendered":"<p>Certes, sur le papier, le b\u00e9ton et les formes rectangulaires ne font pas r\u00eaver. Aujourd&rsquo;hui tr\u00e8s populaire (et hautement instagrammable), objet d&rsquo;un long-m\u00e9trage \u00e9difiant cette ann\u00e9e (The Brutalist), le <a href=\"https:\/\/www.admagazine.fr\/adinspiration\/galerie\/batiments-architecture-brutaliste-monde\" target=\"_blank\" rel=\"noopener\">brutalisme<\/a> n&rsquo;a pas toujours \u00e9t\u00e9 aussi appr\u00e9ci\u00e9 dans son histoire. Il na\u00eet apr\u00e8s la Seconde Guerre mondiale, dans la volont\u00e9, l\u00e0 encore, de reconstruire et de reloger rapidement \u00e0 moindre co\u00fbt. Entre 1950 et 1970, les villes se dotent de grands b\u00e2timents b\u00e9tonn\u00e9s, g\u00e9om\u00e9triques et rationalis\u00e9s : la Cit\u00e9 radieuse de Marseille par Le Corbusier (1952), le <a href=\"https:\/\/www.admagazine.fr\/article\/cite-brutaliste-londres\" target=\"_blank\" rel=\"noopener\">Barbican Center de Londres<\/a> sign\u00e9 Peter Chamberlin, Geoffry Powell et Christoph Bon (ann\u00e9es 1960-1970), la tour Velasca de Milan de BBPR (1961)\u2026 tous pl\u00e9biscit\u00e9s aujourd&rsquo;hui, et m\u00eame utilis\u00e9s comme d\u00e9cors de d\u00e9fil\u00e9s par des marques de luxe, ces \u00e9difices cr\u00e9ent l&rsquo;effroi du public \u00e0 leur conception : qualifi\u00e9s comme \u00ab laids \u00bb et \u00ab aust\u00e8res \u00bb, ils sont accus\u00e9s de prendre trop de place et de ne pas \u00eatre assez ornement\u00e9s.<\/p>\n<p><img decoding=\"async\" alt=\"the barbican londres cit brutaliste\" loading=\"lazy\" class=\"ResponsiveImageContainer-eNxvmU cfBbTk responsive-image__image\"   src=\"https:\/\/www.europesays.com\/fr\/wp-content\/uploads\/2025\/11\/GettyImages-471703061.jpg\"\/><\/p>\n<p>Le Barbican Center de Londres, Peter Chamberlin, Geoffry Powell et Christoph Bon (ann\u00e9es 1960-1970).<\/p>\n<p>Jchambers\/Getty Images<\/p>\n<p>Pourtant, le brutalisme n&rsquo;est pas qu&rsquo;une affaire de fonctionnalisme ; il pr\u00f4ne aussi une esth\u00e9tique ancr\u00e9e dans la modernit\u00e9 des villes en devenir, dans le respect de la nature. \u00ab\u00a0Le brutalisme tente de faire \u00e9merger une po\u00e9sie brute des forces confuses et puissantes qui sont \u00e0 l\u2019\u0153uvre dans une soci\u00e9t\u00e9 de production de masse. (\u2026) Son essence est \u00e9thique\u00a0\u00bb, revendiquent les architectes britanniques <a href=\"https:\/\/www.admagazine.fr\/article\/premier-musee-architecture-brutaliste-monde\" target=\"_blank\" rel=\"noopener\">Alison et Peter Smithson<\/a>, leaders du mouvement, en 1956. Le brutalisme porte \u00e9galement des id\u00e9aux modernes, ceux d&rsquo;une soci\u00e9t\u00e9 plus \u00e9galitaire, fond\u00e9e notamment sur la vie en communaut\u00e9 (\u00e0 l&rsquo;instar de l&rsquo;Unit\u00e9 d&rsquo;Habitation de Le Corbusier). Des id\u00e9es que le mouvement MAGA per\u00e7oit d&rsquo;un mauvais \u0153il encore aujourd&rsquo;hui, Donald Trump ayant sign\u00e9, d\u00e8s son investiture, un d\u00e9cret obligeant les b\u00e2timents publics \u00e0 suivre la \u00ab tradition architecturale classique \u00bb \u2014 d\u00e9marche qui n&rsquo;est pas sans rappeler celle de l&rsquo;extr\u00eame droite allemande avec le Bauhaus\u2026 La modernit\u00e9 architecturale d\u00e9rangerait-elle une certaine frange de la politique ?<\/p>\n","protected":false},"excerpt":{"rendered":"Certes, sur le papier, le b\u00e9ton et les formes rectangulaires ne font pas r\u00eaver. Aujourd&rsquo;hui tr\u00e8s populaire (et&hellip;\n","protected":false},"author":2,"featured_media":549139,"comment_status":"","ping_status":"","sticky":false,"template":"","format":"standard","meta":{"footnotes":""},"categories":[1358],"tags":[10056,1348,1384,1385,16786,1386,58,59,1011,27,3798],"class_list":{"0":"post-549138","1":"post","2":"type-post","3":"status-publish","4":"format-standard","5":"has-post-thumbnail","7":"category-arts-et-design","8":"tag-art-deco","9":"tag-arts","10":"tag-arts-and-design","11":"tag-arts-et-design","12":"tag-brutalisme","13":"tag-design","14":"tag-divertissement","15":"tag-entertainment","16":"tag-fr","17":"tag-france","18":"tag-modernisme"},"share_on_mastodon":{"url":"https:\/\/pubeurope.com\/@fr\/115587785987856705","error":""},"_links":{"self":[{"href":"https:\/\/www.europesays.com\/fr\/wp-json\/wp\/v2\/posts\/549138","targetHints":{"allow":["GET"]}}],"collection":[{"href":"https:\/\/www.europesays.com\/fr\/wp-json\/wp\/v2\/posts"}],"about":[{"href":"https:\/\/www.europesays.com\/fr\/wp-json\/wp\/v2\/types\/post"}],"author":[{"embeddable":true,"href":"https:\/\/www.europesays.com\/fr\/wp-json\/wp\/v2\/users\/2"}],"replies":[{"embeddable":true,"href":"https:\/\/www.europesays.com\/fr\/wp-json\/wp\/v2\/comments?post=549138"}],"version-history":[{"count":0,"href":"https:\/\/www.europesays.com\/fr\/wp-json\/wp\/v2\/posts\/549138\/revisions"}],"wp:featuredmedia":[{"embeddable":true,"href":"https:\/\/www.europesays.com\/fr\/wp-json\/wp\/v2\/media\/549139"}],"wp:attachment":[{"href":"https:\/\/www.europesays.com\/fr\/wp-json\/wp\/v2\/media?parent=549138"}],"wp:term":[{"taxonomy":"category","embeddable":true,"href":"https:\/\/www.europesays.com\/fr\/wp-json\/wp\/v2\/categories?post=549138"},{"taxonomy":"post_tag","embeddable":true,"href":"https:\/\/www.europesays.com\/fr\/wp-json\/wp\/v2\/tags?post=549138"}],"curies":[{"name":"wp","href":"https:\/\/api.w.org\/{rel}","templated":true}]}}