{"id":549154,"date":"2025-11-21T13:02:17","date_gmt":"2025-11-21T13:02:17","guid":{"rendered":"https:\/\/www.europesays.com\/fr\/549154\/"},"modified":"2025-11-21T13:02:17","modified_gmt":"2025-11-21T13:02:17","slug":"auto-entrepreneurs-la-tva-supprimee-pour-la-6eme-fois-par-les-deputes-le-gouvernement-persiste","status":"publish","type":"post","link":"https:\/\/www.europesays.com\/fr\/549154\/","title":{"rendered":"Auto-entrepreneurs, la TVA supprim\u00e9e pour la 6\u00e8me fois par les d\u00e9put\u00e9s ! Le gouvernement persiste !"},"content":{"rendered":"<p>Nous vivons dans un pays totalement d\u00e9lirant.<\/p>\n<p>Comme l\u2019explique tr\u00e8s bien ce d\u00e9put\u00e9, l\u2019ann\u00e9e derni\u00e8re cette proposition arrive \u00e0 l\u2019Assembl\u00e9e. Elle est vot\u00e9e. Hurlement collectif, faisant partie \u00e0 titre personnel de cette meute de louves protectrices des auto-entrepreneurs !<\/p>\n<p>L\u2019auto-entreprise est l\u2019un des rares trucs administratifs qui marche dans ce pays et qui reste (presque) simple !<\/p>\n<p>Tuer ce syst\u00e8me qui permet \u00e0 des centaines de milliers de nos concitoyens de travailler dans la dignit\u00e9 est \u00e9conomiquement et socialement criminel.<\/p>\n<p>Je ne comprends pas l\u2019ent\u00eatement du gouvernement sur ce sujet.<\/p>\n<p>Je vais finir par croire qu\u2019il s\u2019agit simplement d\u2019une volont\u00e9 de d\u00e9truire les tous petits ind\u00e9pendants !<\/p>\n<blockquote class=\"twitter-tweet\">\n<p dir=\"ltr\" lang=\"fr\">\u270a Encore une bonne nouvelle pour nos auto-entrepreneurs : nous avons supprim\u00e9 la r\u00e9forme du seuil de TVA pr\u00e9vue dans le budget 2026<\/p>\n<p>Ce matin, avec mes coll\u00e8gues <a href=\"https:\/\/twitter.com\/DeputesEnsemble?ref_src=twsrc%5Etfw\" target=\"_blank\" rel=\"noopener\">@DeputesEnsemble<\/a> nous avons fait adopter \u00e0 l\u2019unanimit\u00e9 mon amendement pour supprimer la d\u00e9l\u00e9t\u00e8re r\u00e9forme des seuils\u2026 <a href=\"https:\/\/t.co\/ZpKaK0TPuL\">pic.twitter.com\/ZpKaK0TPuL<\/a><\/p>\n<p>\u2014 Paul Midy (@midy_paul) <a href=\"https:\/\/twitter.com\/midy_paul\/status\/1991548378807718104?ref_src=twsrc%5Etfw\" target=\"_blank\" rel=\"noopener\">November 20, 2025<\/a><\/p>\n<\/blockquote>\n<p>Vive la libert\u00e9 !<\/p>\n<p>Il est d\u00e9j\u00e0 trop tard, mais tout n\u2019est pas perdu.<\/p>\n<p>Pr\u00e9parez-vous !<\/p>\n<p>Charles SANNAT<\/p>\n<p><a href=\"https:\/\/insolentiae.com\/boutique\/\" target=\"_blank\" rel=\"noopener\"><img loading=\"lazy\" decoding=\"async\" class=\"size-medium wp-image-903895 alignleft\" src=\"data:image\/svg+xml,%3Csvg%20xmlns=\" http:=\"\" alt=\"\" width=\"400\" height=\"571\" data-lazy-src=\"https:\/\/www.europesays.com\/fr\/wp-content\/uploads\/2025\/11\/Couverture-LFF-guerre-des-terres-rares-peut-elle-detruire-les-marches-financiers-400x571.jpg\"\/><\/a>\u00ab Insolentiae \u00bb signifie \u00ab impertinence \u00bb en latin<br \/>Pour m\u2019\u00e9crire\u00a0<a href=\"https:\/\/insolentiae.com\/cdn-cgi\/l\/email-protection\" class=\"__cf_email__\" data-cfemail=\"7f1c171e0d131a0c3f16110c10131a110b161e1a511c1012\" target=\"_blank\" rel=\"noopener\">[email\u00a0protected]<\/a><br \/>Pour \u00e9crire \u00e0 ma femme\u00a0<a href=\"https:\/\/insolentiae.com\/cdn-cgi\/l\/email-protection\" class=\"__cf_email__\" data-cfemail=\"84ece1e8e1eae1c4edeaf7ebe8e1eaf0ede5e1aae7ebe9\" target=\"_blank\" rel=\"noopener\">[email\u00a0protected]<\/a><\/p>\n<p><a href=\"https:\/\/insolentiae.com\/produit\/abonnement-acces-a-la-lettre-strategie-et-aux-dossiers-speciaux-de-charles-sannat\/?doing_wp_cron=1715699197.4551460742950439453125\" target=\"_blank\" rel=\"noopener\">Vous pouvez \u00e9galement vous abonner \u00e0 ma lettre mensuelle \u00ab STRAT\u00c9GIES \u00bb qui vous permettra d\u2019aller plus loin et dans laquelle je partage avec vous les solutions concr\u00e8tes \u00e0 mettre en \u0153uvre pour vous pr\u00e9parer au monde d\u2019apr\u00e8s. Ces solutions sont articul\u00e9es autour de l\u2019approche PEL \u2013 patrimoine, emploi, localisation. L\u2019id\u00e9e c\u2019est de partager avec vous les moyens et les m\u00e9thodes pour mettre en place votre r\u00e9silience personnelle et familiale.<\/a><\/p>\n<p><strong>\u00ab \u00c0 vouloir \u00e9touffer les r\u00e9volutions pacifiques, on rend in\u00e9vitables les r\u00e9volutions violentes \u00bb (JFK)<\/strong><\/p>\n<p>\u00ab Ceci est un article \u2018presslib\u2019, c\u2019est-\u00e0-dire libre de reproduction en tout ou en partie \u00e0 condition que le pr\u00e9sent alin\u00e9a soit reproduit \u00e0 sa suite. Insolentiae.com est le site sur lequel Charles Sannat s\u2019exprime quotidiennement et livre un d\u00e9cryptage impertinent et sans concession de l\u2019actualit\u00e9 \u00e9conomique. Merci de visiter mon site. Vous pouvez vous abonner gratuitement \u00e0 la lettre d\u2019information quotidienne sur www.insolentiae.com. \u00bb<\/p>\n<p><strong>IMPORTANT<\/strong>.\u00a0En vous connectant directement sur le site\u00a0<a href=\"http:\/\/www.insolentiae.com\/\" target=\"_blank\" rel=\"noopener\">insolentiae.com<\/a>\u00a0vous pouvez acc\u00e9der aux articles malgr\u00e9 tous les blocages. Si vous ne recevez pas la Newsletter ou si cette derni\u00e8re \u00e9tait bloqu\u00e9e, pensez \u00e0 vous connecter directement. Je ne cesse les publications qu\u2019au mois d\u2019ao\u00fbt et entre No\u00ebl et le jour de l\u2019an.<strong>\u00a0A noter les abonn\u00e9s orange.fr et wanadoo.fr sont particuli\u00e8rement touch\u00e9s par le ph\u00e9nom\u00e8ne inexplicable de non r\u00e9ception des lettres quotidiennes. Inscrivez-vous gratuitement avec une nouvelle adresse mail<\/strong><\/p>\n<p>\t\t\t\t\t<script async src=\"https:\/\/platform.twitter.com\/widgets.js\" charset=\"utf-8\"><\/script><\/p>\n","protected":false},"excerpt":{"rendered":"Nous vivons dans un pays totalement d\u00e9lirant. Comme l\u2019explique tr\u00e8s bien ce d\u00e9put\u00e9, l\u2019ann\u00e9e derni\u00e8re cette proposition arrive&hellip;\n","protected":false},"author":2,"featured_media":434231,"comment_status":"","ping_status":"","sticky":false,"template":"","format":"standard","meta":{"footnotes":""},"categories":[6],"tags":[35,33,34,1011,27],"class_list":{"0":"post-549154","1":"post","2":"type-post","3":"status-publish","4":"format-standard","5":"has-post-thumbnail","7":"category-economie","8":"tag-business","9":"tag-economie","10":"tag-economy","11":"tag-fr","12":"tag-france"},"share_on_mastodon":{"url":"https:\/\/pubeurope.com\/@fr\/115587825359967373","error":""},"_links":{"self":[{"href":"https:\/\/www.europesays.com\/fr\/wp-json\/wp\/v2\/posts\/549154","targetHints":{"allow":["GET"]}}],"collection":[{"href":"https:\/\/www.europesays.com\/fr\/wp-json\/wp\/v2\/posts"}],"about":[{"href":"https:\/\/www.europesays.com\/fr\/wp-json\/wp\/v2\/types\/post"}],"author":[{"embeddable":true,"href":"https:\/\/www.europesays.com\/fr\/wp-json\/wp\/v2\/users\/2"}],"replies":[{"embeddable":true,"href":"https:\/\/www.europesays.com\/fr\/wp-json\/wp\/v2\/comments?post=549154"}],"version-history":[{"count":0,"href":"https:\/\/www.europesays.com\/fr\/wp-json\/wp\/v2\/posts\/549154\/revisions"}],"wp:featuredmedia":[{"embeddable":true,"href":"https:\/\/www.europesays.com\/fr\/wp-json\/wp\/v2\/media\/434231"}],"wp:attachment":[{"href":"https:\/\/www.europesays.com\/fr\/wp-json\/wp\/v2\/media?parent=549154"}],"wp:term":[{"taxonomy":"category","embeddable":true,"href":"https:\/\/www.europesays.com\/fr\/wp-json\/wp\/v2\/categories?post=549154"},{"taxonomy":"post_tag","embeddable":true,"href":"https:\/\/www.europesays.com\/fr\/wp-json\/wp\/v2\/tags?post=549154"}],"curies":[{"name":"wp","href":"https:\/\/api.w.org\/{rel}","templated":true}]}}