{"id":549157,"date":"2025-11-21T13:04:11","date_gmt":"2025-11-21T13:04:11","guid":{"rendered":"https:\/\/www.europesays.com\/fr\/549157\/"},"modified":"2025-11-21T13:04:11","modified_gmt":"2025-11-21T13:04:11","slug":"lavocat-lyonnais-david-metaxas-mis-en-examen-pour-viol-et-agressions-sexuelles","status":"publish","type":"post","link":"https:\/\/www.europesays.com\/fr\/549157\/","title":{"rendered":"L\u2019avocat lyonnais David Metaxas mis en examen pour viol et agressions sexuelles"},"content":{"rendered":"<p>\n    Plac\u00e9 en garde \u00e0 vue lundi, le p\u00e9naliste de 49 ans a \u00e9t\u00e9 pr\u00e9sent\u00e9 \u00e0 un juge d\u2019instruction jeudi \u00e0 Chamb\u00e9ry, o\u00f9 l\u2019enqu\u00eate a \u00e9t\u00e9 d\u00e9localis\u00e9e en raison des activit\u00e9s lyonnaises de l\u2019avocat.<\/p>\n<p class=\"fig-paragraph\">Six victimes potentielles ont \u00e9t\u00e9 identifi\u00e9es.\u00a0<a href=\"http:\/\/www.lefigaro.fr\/flash-actu\/un-avocat-lyonnais-place-en-garde-a-vue-pour-des-faits-de-viols-et-agressions-sexuelles-20251117\" data-fig-type=\"NewsFlash\" data-gtm-custom-categorie=\"navigation\" data-gtm-custom-action=\"crossclick\" data-gtm-custom-label=\"Contextuel\" data-gtm-event=\"customEventSPE\" data-fig-domain=\"LEFIGARO\" target=\"_blank\" rel=\"noopener\">L\u2019avocat lyonnais David Metaxas<\/a>\u00a0a \u00e9t\u00e9 mis en examen pour \u00abviol\u00bb, \u00abtentative de viol\u00bb, \u00abagressions sexuelles\u00bb et \u00abharc\u00e8lement sexuel\u00bb, a annonc\u00e9 le procureur de la R\u00e9publique de Chamb\u00e9ry, Xavier Sicot, vendredi. Selon la qualification retenue,\u00a0<a href=\"https:\/\/www.lefigaro.fr\/flash-actu\/2011\/09\/30\/97001-20110930FILWWW00942-pj-de-lyon-un-avocat-fustige-l-hypocrisie.php\" data-fig-type=\"NewsFlash\" data-gtm-custom-categorie=\"navigation\" data-gtm-custom-action=\"crossclick\" data-gtm-custom-label=\"Contextuel\" data-gtm-event=\"customEventSPE\" data-fig-domain=\"LEFIGARO\" target=\"_blank\" rel=\"noopener\">le t\u00e9nor du barreau lyonnais<\/a>\u00a0avait autorit\u00e9 sur les victimes. Cinq d\u2019entre elles seraient d\u2019anciennes stagiaires de son cabinet, indique le journal local\u00a0<a href=\"https:\/\/c.leprogres.fr\/faits-divers-justice\/2025\/11\/17\/l-avocat-david-metaxas-en-garde-a-vue-des-anciennes-stagiaires-l-accusent-de-viols-et-agressions-sexuelles\" target=\"_blank\" rel=\"sponsored noopener\" data-gtm-custom-categorie=\"navigation\" data-gtm-custom-action=\"crossclick\" data-gtm-custom-label=\"Contextuel\" data-gtm-event=\"customEventSPE\">Le Progr\u00e8s<\/a> . Certains des faits auraient par ailleurs \u00e9t\u00e9 commis \u00aben concours\u00bb, selon la qualification retenue, c\u2019est-\u00e0-dire en m\u00eame temps sur plusieurs victimes.<\/p>\n<p class=\"fig-paragraph\">Joint par Le Figaro, l\u2019avocat de David Metaxas, son mentor Alain Jakubowicz, a refus\u00e9 de s\u2019exprimer sur la situation de son client. Il a pr\u00e9cis\u00e9 que l\u2019enqu\u00eate avait \u00e9t\u00e9 d\u00e9localis\u00e9e \u00e0 Chamb\u00e9ry en raison des activit\u00e9s lyonnaises de Me Metaxas. Ce dernier a \u00e9t\u00e9 pr\u00e9sent\u00e9 \u00e0 un juge d\u2019instruction jeudi. Cette d\u00e9cision intervient au terme de 96 heures d\u2019une garde \u00e0 vue commenc\u00e9e lundi matin, alors que le p\u00e9naliste de 49 ans devait se rendre \u00e0 une importante audience \u00e0 Avignon (Vaucluse).<\/p>\n<p>                                    <a class=\"fig-a11y-skip a11y-hidden\" href=\"#fig-a11y-skip-main-inarticle\"><br \/>\n        Passer la publicit\u00e9<br \/>\n    <\/a><\/p>\n<p class=\"fig-paragraph\">Cette affaire a largement surpris dans les couloirs du palais de justice de Lyon. Elle a nourri de nombreuses conversations tout au long de la semaine. \u00abDavid est un confr\u00e8re appr\u00e9ci\u00e9. Pour l\u2019instant on ne sait pas grand-chose, commente un p\u00e9naliste lyonnais de premier plan. Mais s\u2019il y a eu cette garde \u00e0 vue alors qu\u2019il avait ce proc\u00e8s qui n\u2019est pas un petit proc\u00e8s, cela n\u2019augure rien de bon pour la suite\u00bb.<\/p>\n<p>Plac\u00e9 sous contr\u00f4le judiciaire<\/p>\n<p class=\"fig-paragraph\">\u00abCela a germ\u00e9 pendant des mois, il y a eu une enqu\u00eate, on n\u2019est pas sur du flagrant d\u00e9lit\u00bb, avance un autre avocat, reconnaissant la qualit\u00e9 professionnelle de son confr\u00e8re. \u00abCela ne fait pas de lui un coupable. On plaide tous les jours la pr\u00e9somption d\u2019innocence alors je la plaide pour lui\u00bb, tient \u00e0 temp\u00e9rer un autre habitu\u00e9 des pr\u00e9toires d\u2019assises. David Metaxas a \u00e9t\u00e9 plac\u00e9 sous contr\u00f4le judiciaire, conform\u00e9ment aux r\u00e9quisitions du parquet. \u00abL\u2019information judiciaire va d\u00e9sormais se poursuivre\u00bb, ajoute le parquet.<\/p>\n<p class=\"fig-paragraph\">Habitu\u00e9 des dossiers de grand banditisme, David Metaxas est une figure particuli\u00e8rement m\u00e9diatique du barreau lyonnais. En 2023, il avait aussi d\u00e9fendu\u00a0<a href=\"http:\/\/www.lefigaro.fr\/lyon\/affaire-axelle-dorier-l-avocat-de-l-accuse-porte-plainte-pour-menaces-et-cyberharcelement-20230201\" data-fig-type=\"NewsFlash\" data-gtm-custom-categorie=\"navigation\" data-gtm-custom-action=\"crossclick\" data-gtm-custom-label=\"Contextuel\" data-gtm-event=\"customEventSPE\" data-fig-domain=\"LEFIGARO\" target=\"_blank\" rel=\"noopener\">le conducteur responsable de la mort d\u2019Axelle Dorier<\/a>, ce qui lui avait valu de\u00a0<a href=\"http:\/\/www.lefigaro.fr\/lyon\/voyou-raclure-yvan-benedetti-condamne-pour-un-message-injurieux-envers-un-avocat-a-la-suite-du-proces-axelle-dorier-a-lyon-20250618\" data-fig-type=\"NewsFlash\" data-gtm-custom-categorie=\"navigation\" data-gtm-custom-action=\"crossclick\" data-gtm-custom-label=\"Contextuel\" data-gtm-event=\"customEventSPE\" data-fig-domain=\"LEFIGARO\" target=\"_blank\" rel=\"noopener\">nombreuses menaces<\/a>.\u00a0<a href=\"https:\/\/www.lefigaro.fr\/flash-actu\/2012\/03\/22\/97001-20120322FILWWW00760-neyret-l-avocat-metaxas-mis-en-examen.php\" data-fig-type=\"NewsFlash\" data-gtm-custom-categorie=\"navigation\" data-gtm-custom-action=\"crossclick\" data-gtm-custom-label=\"Contextuel\" data-gtm-event=\"customEventSPE\" data-fig-domain=\"LEFIGARO\" target=\"_blank\" rel=\"noopener\">Inqui\u00e9t\u00e9 dans le cadre de l\u2019affaire Neyret<\/a>, il avait \u00e9t\u00e9 mis en examen en 2012 pour \u00abrecel de violation du secret professionnel\u00bb puis relax\u00e9 en 2016. Le Progr\u00e8s pr\u00e9cise qu\u2019il doit \u00eatre jug\u00e9 d\u00e9but mars pour un accident de la circulation qu\u2019il aurait provoqu\u00e9 dans le 6e arrondissement. Une collision qui avait bless\u00e9 une personne alors que l\u2019avocat roulait \u00e0 une vitesse excessive.<\/p>\n","protected":false},"excerpt":{"rendered":"Plac\u00e9 en garde \u00e0 vue lundi, le p\u00e9naliste de 49 ans a \u00e9t\u00e9 pr\u00e9sent\u00e9 \u00e0 un juge d\u2019instruction&hellip;\n","protected":false},"author":2,"featured_media":549158,"comment_status":"","ping_status":"","sticky":false,"template":"","format":"standard","meta":{"footnotes":""},"categories":[4],"tags":[11,1267,20933,1011,27,12,25,1265],"class_list":{"0":"post-549157","1":"post","2":"type-post","3":"status-publish","4":"format-standard","5":"has-post-thumbnail","7":"category-france","8":"tag-actualites","9":"tag-agression-sexuelle","10":"tag-avocat","11":"tag-fr","12":"tag-france","13":"tag-news","14":"tag-republique-francaise","15":"tag-viol"},"share_on_mastodon":{"url":"https:\/\/pubeurope.com\/@fr\/115587833277209456","error":""},"_links":{"self":[{"href":"https:\/\/www.europesays.com\/fr\/wp-json\/wp\/v2\/posts\/549157","targetHints":{"allow":["GET"]}}],"collection":[{"href":"https:\/\/www.europesays.com\/fr\/wp-json\/wp\/v2\/posts"}],"about":[{"href":"https:\/\/www.europesays.com\/fr\/wp-json\/wp\/v2\/types\/post"}],"author":[{"embeddable":true,"href":"https:\/\/www.europesays.com\/fr\/wp-json\/wp\/v2\/users\/2"}],"replies":[{"embeddable":true,"href":"https:\/\/www.europesays.com\/fr\/wp-json\/wp\/v2\/comments?post=549157"}],"version-history":[{"count":0,"href":"https:\/\/www.europesays.com\/fr\/wp-json\/wp\/v2\/posts\/549157\/revisions"}],"wp:featuredmedia":[{"embeddable":true,"href":"https:\/\/www.europesays.com\/fr\/wp-json\/wp\/v2\/media\/549158"}],"wp:attachment":[{"href":"https:\/\/www.europesays.com\/fr\/wp-json\/wp\/v2\/media?parent=549157"}],"wp:term":[{"taxonomy":"category","embeddable":true,"href":"https:\/\/www.europesays.com\/fr\/wp-json\/wp\/v2\/categories?post=549157"},{"taxonomy":"post_tag","embeddable":true,"href":"https:\/\/www.europesays.com\/fr\/wp-json\/wp\/v2\/tags?post=549157"}],"curies":[{"name":"wp","href":"https:\/\/api.w.org\/{rel}","templated":true}]}}