{"id":549161,"date":"2025-11-21T13:06:21","date_gmt":"2025-11-21T13:06:21","guid":{"rendered":"https:\/\/www.europesays.com\/fr\/549161\/"},"modified":"2025-11-21T13:06:21","modified_gmt":"2025-11-21T13:06:21","slug":"saint-etienne-la-boutique-vintage-les-chatoyantes-a-demenage-rue-sainte-catherine-pour-sagrandir","status":"publish","type":"post","link":"https:\/\/www.europesays.com\/fr\/549161\/","title":{"rendered":"Saint-\u00c9tienne. La boutique vintage Les Chatoyantes a d\u00e9m\u00e9nag\u00e9 rue Sainte-Catherine pour s\u2019agrandir"},"content":{"rendered":"<p>\u00ab\u00a0Je suis sp\u00e9cialis\u00e9e depuis plusieurs ann\u00e9es dans les articles de seconde main et le vintage qui racontent une histoire. J\u2019ai commenc\u00e9 sur internet, avant de me lancer dans l\u2019aventure d\u2019un commerce physique voici deux ans\u00a0\u00bb, raconte Constance Bellaton.<\/p>\n<p>Celle-ci avait ouvert Les Chatoyantes en octobre\u00a02023, rue Denis-Escoffier et elle a transf\u00e9r\u00e9 le mois dernier son activit\u00e9 au 6 rue Sainte-Catherine, dans le local pr\u00e9c\u00e9demment occup\u00e9 par Histoire de famille.<\/p>\n<p>\u00ab\u00a0Avec seulement 30 m\u00b2, je manquais vraiment de place. J\u2019ai trouv\u00e9 ce local de 80 m\u00b2 qui me permet de proposer plus de pi\u00e8ces, de recevoir correctement mes clientes et de diversifier mon activit\u00e9\u00a0\u00bb, se r\u00e9jouit la commer\u00e7ante.<\/p>\n<p>Des travaux de d\u00e9coration lui ont permis de cr\u00e9er un \u00e9crin \u00e9l\u00e9gant et chaleureux qui met en valeur les articles expos\u00e9s.<\/p>\n<p>  \u00ab\u00a0Il y a un c\u00f4t\u00e9 chasse aux tr\u00e9sors qui me pla\u00eet\u00a0\u00bb<\/p>\n<p>Pour le reste, la nouvelle boutique Les Chatoyantes <a href=\"https:\/\/www.leprogres.fr\/economie\/2023\/11\/03\/les-chatoyantes-une-boutique-coloree-de-vetements-vintage\" target=\"_blank\" rel=\"noopener\">reste fid\u00e8le \u00e0 ce qui a fait son succ\u00e8s rue Denis-Escoffier.<\/a> Elle propose toujours un grand choix de v\u00eatements f\u00e9minins, souvent color\u00e9s, o\u00f9 les manteaux c\u00f4toient les robes, jupes, pantalons et chemisiers.<\/p>\n<p>La commer\u00e7ante ne fait pas de d\u00e9p\u00f4t-vente. Elle aime d\u00e9nicher les v\u00eatements dans les vide-greniers et les brocantes. \u00ab\u00a0Il y a un c\u00f4t\u00e9 chasse aux tr\u00e9sors qui me pla\u00eet. Je s\u00e9lectionne des produits qui ont quelque chose en plus, qu\u2019il s\u2019agisse de la coupe, des mati\u00e8res ou des motifs\u00a0\u00bb, poursuit Constance Bellaton, qui ne cache pas son amour des belles pi\u00e8ces.<\/p>\n<p>\u00ab\u00a0J\u2019ai toujours aim\u00e9 chiner et trouver des p\u00e9pites. De fil en aiguille, je me suis int\u00e9ress\u00e9e \u00e0 l\u2019histoire de la mode.\u00a0\u00bb Et avant d\u2019\u00eatre mis en vente dans la boutique, tous les articles sont remis presque \u00e0 neuf.<\/p>\n<p>  \u00ab\u00a0Une d\u00e9marche de consommer mieux\u00a0\u00bb<\/p>\n<p>Pour quelques dizaines d\u2019euros, les clientes peuvent ainsi trouver des v\u00eatements styl\u00e9s et de qualit\u00e9. \u00ab\u00a0Elles se font plaisir tout en \u00e9tant \u00e0 fond dans une d\u00e9marche de consommer mieux\u00a0\u00bb, souligne Constance Bellaton. La commer\u00e7ante se r\u00e9jouit de donner une nouvelle vie aux pi\u00e8ces anciennes.<\/p>\n<p>La boutique propose \u00e9galement de nombreux accessoires et bijoux pour agr\u00e9menter les tenues et, depuis peu, des cosm\u00e9tiques bio, savons, baumes ou huiles essentielles.\u00a0Enfin, Constance Bellaton a d\u00e9cid\u00e9 de consacrer une partie de sa boutique \u00e0 la mise en valeur de cr\u00e9ateurs st\u00e9phanois.<\/p>\n","protected":false},"excerpt":{"rendered":"\u00ab\u00a0Je suis sp\u00e9cialis\u00e9e depuis plusieurs ann\u00e9es dans les articles de seconde main et le vintage qui racontent une&hellip;\n","protected":false},"author":2,"featured_media":549162,"comment_status":"","ping_status":"","sticky":false,"template":"","format":"standard","meta":{"footnotes":""},"categories":[9653],"tags":[1111,11,2430,4406,33,7539,1777,674,1011,27,12,25,4001,7538],"class_list":{"0":"post-549161","1":"post","2":"type-post","3":"status-publish","4":"format-standard","5":"has-post-thumbnail","7":"category-saint-etienne","8":"tag-actu","9":"tag-actualites","10":"tag-auvergne-rhone-alpes","11":"tag-commerce-et-services","12":"tag-economie","13":"tag-edition-loire-sud","14":"tag-eu","15":"tag-europe","16":"tag-fr","17":"tag-france","18":"tag-news","19":"tag-republique-francaise","20":"tag-saint-etienne","21":"tag-saint-etienne-ville"},"share_on_mastodon":{"url":"https:\/\/pubeurope.com\/@fr\/115587841168172429","error":""},"_links":{"self":[{"href":"https:\/\/www.europesays.com\/fr\/wp-json\/wp\/v2\/posts\/549161","targetHints":{"allow":["GET"]}}],"collection":[{"href":"https:\/\/www.europesays.com\/fr\/wp-json\/wp\/v2\/posts"}],"about":[{"href":"https:\/\/www.europesays.com\/fr\/wp-json\/wp\/v2\/types\/post"}],"author":[{"embeddable":true,"href":"https:\/\/www.europesays.com\/fr\/wp-json\/wp\/v2\/users\/2"}],"replies":[{"embeddable":true,"href":"https:\/\/www.europesays.com\/fr\/wp-json\/wp\/v2\/comments?post=549161"}],"version-history":[{"count":0,"href":"https:\/\/www.europesays.com\/fr\/wp-json\/wp\/v2\/posts\/549161\/revisions"}],"wp:featuredmedia":[{"embeddable":true,"href":"https:\/\/www.europesays.com\/fr\/wp-json\/wp\/v2\/media\/549162"}],"wp:attachment":[{"href":"https:\/\/www.europesays.com\/fr\/wp-json\/wp\/v2\/media?parent=549161"}],"wp:term":[{"taxonomy":"category","embeddable":true,"href":"https:\/\/www.europesays.com\/fr\/wp-json\/wp\/v2\/categories?post=549161"},{"taxonomy":"post_tag","embeddable":true,"href":"https:\/\/www.europesays.com\/fr\/wp-json\/wp\/v2\/tags?post=549161"}],"curies":[{"name":"wp","href":"https:\/\/api.w.org\/{rel}","templated":true}]}}