{"id":549171,"date":"2025-11-21T13:13:18","date_gmt":"2025-11-21T13:13:18","guid":{"rendered":"https:\/\/www.europesays.com\/fr\/549171\/"},"modified":"2025-11-21T13:13:18","modified_gmt":"2025-11-21T13:13:18","slug":"glissez-vous-dans-la-peau-dun-heraultais-durant-la-seconde-guerre-mondiale","status":"publish","type":"post","link":"https:\/\/www.europesays.com\/fr\/549171\/","title":{"rendered":"glissez-vous dans la peau d\u2019un H\u00e9raultais durant la Seconde Guerre Mondiale"},"content":{"rendered":"<p>                    Par<br \/>\n        <strong><br \/>\n            <a href=\"https:\/\/actu.fr\/auteur\/metropoop\" title=\"Consulter tous les articles de R\u00e9daction M\u00e9tropolitain\" rel=\"nofollow noopener\" target=\"_blank\">R\u00e9daction M\u00e9tropolitain<\/a><br \/>\n                    <\/strong><\/p>\n<p>        Publi\u00e9 le<\/p>\n<p>            21 nov. 2025 \u00e0 13h57        <\/p>\n<p>Jusqu\u2019au samedi 9 mai 2026, le <strong>D\u00e9partement de l\u2019H\u00e9rault<\/strong> c\u00e9l\u00e8bre le <strong>80\u1d49 anniversaire de la fin de la Seconde Guerre mondiale<\/strong> avec une<strong> grande exposition<\/strong> consacr\u00e9e \u00e0 la vie quotidienne des H\u00e9raultais durant cette p\u00e9riode. \u00c0 <strong>Pierresvives<\/strong>, \u00e0 Montpellier, le parcours retrace ces<strong> ann\u00e9es charni\u00e8res<\/strong>, de la d\u00e9faite de 1940 jusqu\u2019\u00e0 l\u2019\u00e9mergence d\u2019une France plus solidaire, port\u00e9e par la construction d\u2019une Europe tourn\u00e9e vers la paix. Une exposition labellis\u00e9e \u00ab 80\u1d49 anniversaire des d\u00e9barquements, de la Lib\u00e9ration de la France et de la Victoire \u00bb, \u00e0 d\u00e9couvrir.<\/p>\n<p>Un point de vue local\u00a0<\/p>\n<p class=\" wall-content\">La Seconde Guerre mondiale a <strong>durablement impact\u00e9 l\u2019histoire<\/strong>, le paysage g\u00e9opolitique international, la soci\u00e9t\u00e9, la m\u00e9moire et a permis aux femmes d\u2019obtenir le droit de vote et la cr\u00e9ation de la S\u00e9curit\u00e9 sociale pour tous. Dans un contexte o\u00f9 les conflits sur le sol europ\u00e9en redeviennent r\u00e9alit\u00e9, et o\u00f9 l\u2019antis\u00e9mitisme conna\u00eet une recrudescence inqui\u00e9tante, <strong>l\u2019\u00e9clairage du pass\u00e9 fait \u00e9cho aux actualit\u00e9s<\/strong> du quotidien.\u00a0<\/p>\n<p class=\" wall-content\">Vivre la guerre en H\u00e9rault 1939\u20101945 traite donc de la vie quotidienne, de la d\u00e9faite de 1940 jusqu\u2019\u00e0 la fin de la guerre et de la construction europ\u00e9enne. Cette exposition est <strong>divis\u00e9e en quatre parties<\/strong>. Le projecteur est particuli\u00e8rement ax\u00e9 sur <strong>le ressenti des populations civiles<\/strong> : l\u2019absence des prisonniers, l\u2019arriv\u00e9e de populations durant l\u2019exode ou fuyant la zone occup\u00e9e, les rafles, la peur, les p\u00e9nuries et l\u2019occupation allemande\u2026 Tr\u00e8s <strong>\u00e9loign\u00e9e de l\u2019ang\u00e9lisme<\/strong> souvent v\u00e9hicul\u00e9 sur la p\u00e9riode, l\u2019exposition s\u2019attache \u00e0 montrer un quotidien tout en nuances o\u00f9 <strong>subsistance et survie<\/strong> sont une priorit\u00e9.\u00a0<\/p>\n<p>Sauver ?\u00a0<\/p>\n<p class=\" wall-content\">La population de l\u2019H\u00e9rault, bien que d\u00e9partement de l\u2019arri\u00e8re, voit affluer en 1940 des milliers de personnes fuyant les combats et l\u2019occupation allemande. Le d\u00e9partement subit \u00e9galement de plein fouet le choc de la d\u00e9faite et se place, comme la majorit\u00e9 des Fran\u00e7ais, sous la protection du <strong>mar\u00e9chal P\u00e9tain<\/strong>, \u00ab vainqueur de Verdun \u00bb et d\u00e9sormais \u00ab sauveur de la France \u00bb.\u00a0<\/p>\n<p class=\" wall-content\">Pourtant, de rares voix discordantes commencent rapidement \u00e0 se faire entendre dont la plus c\u00e9l\u00e8bre, celle du <strong>g\u00e9n\u00e9ral de Gaulle<\/strong>, est au d\u00e9part \u00e0 peine perceptible. Qualifi\u00e9 de terroriste par Vichy, de Gaulle devient \u00e0 Londres le chef d\u2019une France qui poursuit le combat. L\u2019inversion des r\u00f4les d\u2019homme providentiel et de tra\u00eetre entre 1940 et 1944 est r\u00e9v\u00e9latrice : la politique de collaboration de Vichy fait de Philippe P\u00e9tain un criminel l\u00e0 o\u00f9 Charles de Gaulle acquiert, in fine, une dimension de chef d\u2019\u00e9tat.\u00a0<\/p>\n<p>Vid\u00e9os : en ce moment sur Actu<br \/>\n    <img   decoding=\"async\" loading=\"lazy\" src=\"https:\/\/www.europesays.com\/fr\/wp-content\/uploads\/2025\/11\/c-visite-presse-grande-expo-6-960x640.jpg\" alt=\"Plusieurs mus\u00e9es et services d\u2019archives ont accept\u00e9 le pr\u00eat de documents et d\u2019objets en r\u00e9sonance avec les documents pr\u00e9sent\u00e9s par les Archives de l\u2019H\u00e9rault. \" width=\"960\" height=\"640\"\/><br \/>\n    Plusieurs mus\u00e9es et services d\u2019archives ont accept\u00e9 le pr\u00eat de documents et d\u2019objets en r\u00e9sonance avec les documents pr\u00e9sent\u00e9s par les Archives de l\u2019H\u00e9rault. (\u00a9DR \/ CD34)(Sur)Vivre<\/p>\n<p class=\" wall-content\">L\u2019H\u00e9rault compte <strong>2 246 prisonniers de guerre en novembre 1941<\/strong> (liste \u00e0 \u00e9volution constante tant les informations sont difficiles \u00e0 obtenir). L\u2019absence des hommes et l\u2019inqui\u00e9tude sur leur situation sont quotidiennement ressenties par les familles. Les <strong>restrictions sont particuli\u00e8rement rudes<\/strong> et, dans les grandes villes, la faim et le march\u00e9 noir sont omnipr\u00e9sents.\u00a0<\/p>\n<p>Votre r\u00e9gion, votre actu !<\/p>\n<p>Recevez chaque jour les infos qui comptent pour vous.<\/p>\n<p>\t<a href=\"https:\/\/actu.fr\/newsletter\" class=\"ac-btn ac-btn--corner ac-btn--medium ac-btn--blue800\" rel=\"nofollow noopener\" target=\"_blank\">S&rsquo;incrire<\/a><\/p>\n<p class=\" wall-content\">La <strong>politique de Vichy<\/strong> se met en place, collaborationniste, r\u00e9pressive, discriminante, et la peur s\u2019installe. Les rafles de juifs et la spoliation de leurs biens s\u2019organisent.\u00a0Le climat de terreur qui r\u00e8gne et le travail forc\u00e9 en Allemagne, puis l\u2019invasion de la zone sud et l\u2019arriv\u00e9e des nazis en 1942 contribuent \u00e0 <strong>d\u00e9velopper l\u2019esprit de r\u00e9sistance<\/strong> : une fracture profonde sur fond de <strong>guerre civile<\/strong> s\u2019installe dans la soci\u00e9t\u00e9.\u00a0<\/p>\n<p>Collaborer vs R\u00e9sister<\/p>\n<p class=\" wall-content\">La population h\u00e9raultaise est soumise \u00e0 une<strong> propagande omnipr\u00e9sente<\/strong> de la part d\u2019un gouvernement de Vichy particuli\u00e8rement sensible au <strong>contr\u00f4le de l\u2019information<\/strong>. La censure, le matraquage d\u2019une information surveill\u00e9e, la promotion constante de l\u2019image du mar\u00e9chal assortis \u00e0 la duret\u00e9 de la vie quotidienne laissent <strong>peu de place \u00e0 l\u2019esprit critique<\/strong>.\u00a0<\/p>\n<p class=\" wall-content\">La r\u00e9pression est quotidienne et la Milice impitoyable. Pourtant, quelques<strong> voix d\u2019opposition<\/strong> se font rapidement entendre, les actes de refus, sabotage, sauvetage\u2026 se d\u00e9veloppent gr\u00e2ce \u00e0 l\u2019\u00e9veil de consciences issues de tous milieux sociaux, politiques, religieux. <strong>L\u2019engagement dans la R\u00e9sistance<\/strong> est un acte h\u00e9ro\u00efque parmi une population concentr\u00e9e sur sa survie et ses peurs. De nombreux H\u00e9raultais payent ainsi de leur vie le prix du sang, le prix des armes, le prix de la libert\u00e9.\u00a0<\/p>\n<p>    <a href=\"https:\/\/www.google.com\/maps\/embed?pb=!1m18!1m12!1m3!1d2888.133121198003!2d3.8208315763867042!3d43.624588171103625!2m3!1f0!2f0!3f0!3m2!1i1024!2i768!4f13.1!3m3!1m2!1s0x12b6ae9c52759137%3A0xe7d06060cae0637c!2sDomaine%20d%C3%A9partemental%20de%20Pierresvives!5e0!3m2!1sfr!2sfr!4v1763657758028!5m2!1sfr!2sfr\" title=\"Ouvrie le lien\" rel=\"nofollow noopener\" target=\"_blank\">Cliquez ici pour visualiser le contenu<\/a><\/p>\n<p>Reconstruire\u00a0<\/p>\n<p class=\" wall-content\">La <strong>lib\u00e9ration de l\u2019H\u00e9rault<\/strong> intervient le 26 ao\u00fbt 1944 dans un climat de liesse et d\u2019angoisse. De nombreuses rumeurs alimentent les peurs de d\u00e9vastations, pillages, massacres, perp\u00e9tr\u00e9s par un ennemi en d\u00e9route. Une<strong> nouvelle organisation administrative<\/strong> se met en place alors que les forces arm\u00e9es issues des mouvements de R\u00e9sistance sont d\u00e9termin\u00e9es \u00e0 demander des comptes.\u00a0<\/p>\n<p class=\" wall-content\">Le temps des \u00e9purations judiciaires et extrajudiciaires est venu. La population attend le retour des prisonniers, des d\u00e9port\u00e9s : un espoir quotidien souvent d\u00e9\u00e7u. <strong>L\u2019attente dure\u2026 longtemps<\/strong>. En m\u00eame temps, une nouvelle soci\u00e9t\u00e9 s\u2019organise, \u00e9volue notamment par le droit de vote accord\u00e9 aux femmes. Les H\u00e9raultais aspirent \u00e0 un retour \u00e0 une vie plus douce tout en assurant d\u00e8s 1944 les actions de reconnaissance et l\u2019hommage aux victimes du nazisme et de la collaboration : un devoir de m\u00e9moire encore vif aujourd\u2019hui.\u00a0<\/p>\n<p>    <img   decoding=\"async\" loading=\"lazy\" src=\"https:\/\/www.europesays.com\/fr\/wp-content\/uploads\/2025\/11\/c-visite-presse-grande-expo-2-960x640.jpg\" alt=\" Les Archives d\u00e9partementales ont besoin de vous ! \" width=\"960\" height=\"640\"\/><br \/>\n    Les Archives d\u00e9partementales ont besoin de vous ! (\u00a9DR \/ CD34)Des pr\u00eats d\u2019institutions locales et nationales\u00a0<\/p>\n<p class=\" wall-content\"><strong>Plusieurs mus\u00e9es et services d\u2019archives<\/strong> ont accept\u00e9 le pr\u00eat de documents et d\u2019objets en r\u00e9sonance avec les documents pr\u00e9sent\u00e9s par les Archives de l\u2019H\u00e9rault. Le mus\u00e9e de la R\u00e9sistance et de la D\u00e9portation de Castelnau\u2010le\u2010Lez, le mus\u00e9e Jean\u2010Garcin 39\u201045 : L\u2019appel de la Libert\u00e9 de Fontaine\u2010de\u2010Vaucluse et plusieurs services d\u2019Archives d\u00e9partementales (Loir-et-Cher, Ni\u00e8vre et Vosges) ainsi que Montpellier M\u00e9diterran\u00e9e M\u00e9tropole et la ville de S\u00e9rignan participent aussi \u00e0 l\u2019\u00e9v\u00e9nement. De grandes institutions nationales, comme les mus\u00e9es de l\u2019Arm\u00e9e et de l\u2019Ordre national de la Lib\u00e9ration \u00e0 Paris, se sont \u00e9galement associ\u00e9es \u00e0 cette exposition.\u00a0<\/p>\n<p>Les archives d\u00e9partementales ont besoin de vous : <\/p>\n<p>Dans le cadre de l\u2019anniversaire des 80 ans de la fin de la Seconde Guerre mondiale, une Grande Collecte nationale a \u00e9t\u00e9 lanc\u00e9e pour r\u00e9cup\u00e9rer des lettres, photographies, films ou journaux intimes conserv\u00e9s par les familles. Vous, citoyens, \u00eates invit\u00e9s \u00e0 verser vos documents personnels aux Archives de l\u2019H\u00e9rault afin qu\u2019ils soient mis \u00e0 la disposition de toutes et tous et valoris\u00e9s dans le cadre d\u2019expositions, de travaux de recherche historique ou d\u2019actions culturelles et p\u00e9dagogiques. Prenez contact : <a href=\"https:\/\/actu.fr\/cdn-cgi\/l\/email-protection\" class=\"__cf_email__\" data-cfemail=\"a7c6d5c4cfced1c2d4e7cfc2d5c6d2cbd389c1d5\" rel=\"nofollow noopener\" target=\"_blank\">[email\u00a0protected]<\/a>\u00a0<\/p>\n<p><strong>&gt; Pratique :<\/strong> Jusqu\u2019au samedi 9 mai, au Domaine d\u00e9partemental Pierresvives, \u00e0 Montpellier. Du mardi au samedi, de 10h \u00e0 19h. Entr\u00e9e libre et gratuite. Accueil g\u00e9n\u00e9ral : 04.67.67.30.00 \/ Publics sp\u00e9cifiques : 04.67.67.30.24. <a href=\"http:\/\/pierresvives.herault.fr\" rel=\"nofollow noopener\" target=\"_blank\">Plus d\u2019informations par ici<\/a>.<\/p>\n<p class=\" wall-content\">Personnalisez votre actualit\u00e9 en ajoutant vos villes et m\u00e9dias en favori avec <a href=\"https:\/\/moncompte.actu.fr\" title=\"D\u00e9couvez Mon Actu\" rel=\"nofollow noopener\" data-trk=\"{&quot;cta&quot;:{&quot;action&quot;:&quot;https:\\\/\\\/moncompte.actu.fr&quot;,&quot;category&quot;:&quot;mon compte&quot;,&quot;from&quot;:&quot;article footer&quot;,&quot;name&quot;:&quot;Mon actu&quot;,&quot;type&quot;:&quot;cta&quot;}}\" target=\"_blank\">Mon Actu<\/a>.<\/p>\n","protected":false},"excerpt":{"rendered":"Par R\u00e9daction M\u00e9tropolitain Publi\u00e9 le 21 nov. 2025 \u00e0 13h57 Jusqu\u2019au samedi 9 mai 2026, le D\u00e9partement de&hellip;\n","protected":false},"author":2,"featured_media":549172,"comment_status":"","ping_status":"","sticky":false,"template":"","format":"standard","meta":{"footnotes":""},"categories":[9599],"tags":[1111,11,1777,674,1349,1011,27,1652,2208,12,2680,25],"class_list":{"0":"post-549171","1":"post","2":"type-post","3":"status-publish","4":"format-standard","5":"has-post-thumbnail","7":"category-montpellier","8":"tag-actu","9":"tag-actualites","10":"tag-eu","11":"tag-europe","12":"tag-expositions","13":"tag-fr","14":"tag-france","15":"tag-loisirs-culture","16":"tag-montpellier","17":"tag-news","18":"tag-occitanie","19":"tag-republique-francaise"},"share_on_mastodon":{"url":"https:\/\/pubeurope.com\/@fr\/115587870250305627","error":""},"_links":{"self":[{"href":"https:\/\/www.europesays.com\/fr\/wp-json\/wp\/v2\/posts\/549171","targetHints":{"allow":["GET"]}}],"collection":[{"href":"https:\/\/www.europesays.com\/fr\/wp-json\/wp\/v2\/posts"}],"about":[{"href":"https:\/\/www.europesays.com\/fr\/wp-json\/wp\/v2\/types\/post"}],"author":[{"embeddable":true,"href":"https:\/\/www.europesays.com\/fr\/wp-json\/wp\/v2\/users\/2"}],"replies":[{"embeddable":true,"href":"https:\/\/www.europesays.com\/fr\/wp-json\/wp\/v2\/comments?post=549171"}],"version-history":[{"count":0,"href":"https:\/\/www.europesays.com\/fr\/wp-json\/wp\/v2\/posts\/549171\/revisions"}],"wp:featuredmedia":[{"embeddable":true,"href":"https:\/\/www.europesays.com\/fr\/wp-json\/wp\/v2\/media\/549172"}],"wp:attachment":[{"href":"https:\/\/www.europesays.com\/fr\/wp-json\/wp\/v2\/media?parent=549171"}],"wp:term":[{"taxonomy":"category","embeddable":true,"href":"https:\/\/www.europesays.com\/fr\/wp-json\/wp\/v2\/categories?post=549171"},{"taxonomy":"post_tag","embeddable":true,"href":"https:\/\/www.europesays.com\/fr\/wp-json\/wp\/v2\/tags?post=549171"}],"curies":[{"name":"wp","href":"https:\/\/api.w.org\/{rel}","templated":true}]}}