{"id":549177,"date":"2025-11-21T13:17:15","date_gmt":"2025-11-21T13:17:15","guid":{"rendered":"https:\/\/www.europesays.com\/fr\/549177\/"},"modified":"2025-11-21T13:17:15","modified_gmt":"2025-11-21T13:17:15","slug":"fin-de-la-foire-saint-romain-marche-de-noel-salon-de-la-musique-que-faire-a-rouen-ce-weekend","status":"publish","type":"post","link":"https:\/\/www.europesays.com\/fr\/549177\/","title":{"rendered":"Fin de la foire Saint-Romain, march\u00e9 de No\u00ebl, salon de la musique&#8230; Que faire \u00e0 Rouen ce weekend\u00a0?"},"content":{"rendered":"<p>                    Par<br \/>\n        <strong><br \/>\n            <a href=\"https:\/\/actu.fr\/auteur\/fmass\" title=\"Consulter tous les articles de Fabien Massin\" target=\"_blank\" rel=\"noopener\">Fabien Massin<\/a><br \/>\n                    <\/strong><\/p>\n<p>        Publi\u00e9 le<\/p>\n<p>            21 nov. 2025 \u00e0 12h58        <\/p>\n<p>Vous \u00eates \u00e0 <a href=\"https:\/\/actu.fr\/normandie\/rouen_76540\" target=\"_blank\" rel=\"noopener\">Rouen (Seine-Maritime)<\/a> en ce weekend automnal ? Voici quelques <strong>id\u00e9es de sorties<\/strong> pour s\u2019occuper en famille, seul ou entre amis, samedi 22 et dimanche 23 novembre 2025.<\/p>\n<p>Faire des emplettes de No\u00ebl au pied de la cath\u00e9drale<\/p>\n<p class=\" wall-content\">Le marche de No\u00ebl prend place au pied de la cath\u00e9drale de Rouen du vendredi 21 novembre au dimanche 28 d\u00e9cembre. \u00ab\u00a050 chalets seront pr\u00e9sents pour vous proposer des<strong> produits locaux, des cr\u00e9ations, authentiques et de qualit\u00e9<\/strong>, annonce <a href=\"https:\/\/www.visiterouen.com\/actualites\/au-rythme-des-temps-forts\/festivites-et-marche-de-noel-a-rouen\/\" target=\"_blank\" rel=\"noopener\">Rouen Tourisme<\/a>. N\u2019oubliez pas de go\u00fbter le fameux vin chaud de No\u00ebl ou encore la b\u00fbche Normande et de profiter de nombreux plaisirs sucr\u00e9s et sal\u00e9s pr\u00e9par\u00e9s de mani\u00e8re artisanale.\u00a0\u00bb<\/p>\n<p>Participer \u00e0 une jam session musicale g\u00e9ante<\/p>\n<p class=\" wall-content\">Le salon de la musique revient pour une troisi\u00e8me \u00e9dition dimanche 23 novembre \u00e0 la Halle aux Toiles (de 9h \u00e0 18h, entr\u00e9e 2 euros). Organis\u00e9 par <a href=\"https:\/\/actu.fr\/normandie\/rouen_76540\/nouveau-tst-radio-rouen-une-webradio-100-pop-rock-independant_19582957.html\" target=\"_blank\" rel=\"noopener\">l\u2019association TST Radio<\/a>, il r\u00e9unira plus de 50 exposants professionnels venus\u00a0 de toute la France : <strong>luthiers, disquaires, \u00e9coles de musique, labels, studios, artistes, associations<\/strong>, etc. Certains sont particuli\u00e8rement originaux : une \u00e9cole de compositeurs de musique de film, un bijoutier pour instrument et m\u00eame un<strong> sophrologue pour le trac des musiciens<\/strong>.<\/p>\n<p class=\" wall-content\"><a href=\"https:\/\/www.instagram.com\/p\/DQ_824NCsQq\/embed\" title=\"Ouvrir le lien sur Instagram\" target=\"_blank\" rel=\"noopener\">Visualiser le contenu sur Instagram<\/a><\/p>\n<p class=\" wall-content\">Par ailleurs, la journ\u00e9e sera rythm\u00e9e par plusieurs animations : comptines et initiations au ukul\u00e9l\u00e9 pour les enfants, speed dating musical pour trouver le ou les musiciens avec qui jouer, conf\u00e9rences th\u00e9matiques, et en fin de journ\u00e9e <strong>une jam session<\/strong> qui r\u00e9unira tous les musiciens volontaires.\u00a0<\/p>\n<p>Profiter des derniers moments de la foire<\/p>\n<p class=\" wall-content\">C\u2019est d\u00e9j\u00e0 la fin pour la <a href=\"https:\/\/actu.fr\/normandie\/rouen_76540\/nouveautes-calendrier-modifie-tout-ce-qu-il-faut-savoir-sur-la-foire-saint-romain-2025-a-rouen_63308556.html\" target=\"_blank\" rel=\"noopener\">foire Saint-Romain<\/a>, qui se termine dimanche 23 novembre. Encore deux jours pour profiter des attractions, stands et autres restaurants \u00e9ph\u00e9m\u00e8res sur la presqu\u2019\u00eele Saint-Gervais.\u00a0<\/p>\n<p>Assister \u00e0 un \u00e9v\u00e9nement hippique international<\/p>\n<p class=\" wall-content\">C\u2019est devenu un rendez-vous incontournable pour les amateurs d\u2019hippisme. Du 20 au 23 novembre 2025, le Parc Expo de Rouen re\u00e7oit la 25e \u00e9dition <a href=\"https:\/\/actu.fr\/normandie\/rouen_76540\/les-meilleurs-cavaliers-mondiaux-a-rouen-gagnez-vos-places-pour-equi-seine_63439867.html\" target=\"_blank\" rel=\"noopener\">d\u2019\u00c9qui Seine<\/a>. <strong>Le Jumping international de Rouen<\/strong> attire parmi les meilleurs cavaliers mondiaux et promet du grand spectacle aux spectateurs.\u00a0<\/p>\n<p>Vid\u00e9os : en ce moment sur ActuTester sa fibre artistique<\/p>\n<p class=\" wall-content\">Depuis la disparition du <a href=\"https:\/\/actu.fr\/normandie\/rouen_76540\/futur-parc-des-sources-a-rouen-plusieurs-batiments-devront-demenager_60626151.html\" target=\"_blank\" rel=\"noopener\">magasin Artmania<\/a> il y a quelques ann\u00e9es, il \u00e9tait devenu difficile de se procurer du mat\u00e9riel artistique professionnel \u00e0 Rouen.<strong> Ce manque est d\u00e9sormais combl\u00e9<\/strong>. Sp\u00e9cialis\u00e9 dans le mat\u00e9riel artistique pour les professionnels et les amateurs, <a href=\"https:\/\/actu.fr\/normandie\/rouen_76540\/il-y-avait-un-gros-manque-a-rouen-un-magasin-de-materiel-artistique-vient-d-ouvrir_63431583.html\" target=\"_blank\" rel=\"noopener\">le G\u00e9ant des Beaux-Arts vient d\u2019ouvrir un magasin<\/a> rue Lecanuet. Il propose des milliers de r\u00e9f\u00e9rences.<\/p>\n<p>Suivez l\u2019actualit\u00e9 de Rouen sur notre <a href=\"https:\/\/www.whatsapp.com\/channel\/0029VaKfnf99hXF2ddApFB1D\" target=\"_blank\" rel=\"noopener\">cha\u00eene WhatsApp<\/a> et sur notre <a href=\"https:\/\/www.tiktok.com\/@76actu.fr?lang=fr\" target=\"_blank\" rel=\"noopener\">compte TikTok<\/a><\/p>\n<p class=\" wall-content\">Personnalisez votre actualit\u00e9 en ajoutant vos villes et m\u00e9dias en favori avec <a href=\"https:\/\/moncompte.actu.fr\" title=\"D\u00e9couvez Mon Actu\" rel=\"nofollow noopener\" data-trk=\"{&quot;cta&quot;:{&quot;action&quot;:&quot;https:\\\/\\\/moncompte.actu.fr&quot;,&quot;category&quot;:&quot;mon compte&quot;,&quot;from&quot;:&quot;article footer&quot;,&quot;name&quot;:&quot;Mon actu&quot;,&quot;type&quot;:&quot;cta&quot;}}\" target=\"_blank\">Mon Actu<\/a>.<\/p>\n<p>                    <script async src=\"\/\/www.instagram.com\/embed.js\"><\/script><script async src=\"\/\/www.tiktok.com\/embed.js\"><\/script><\/p>\n","protected":false},"excerpt":{"rendered":"Par Fabien Massin Publi\u00e9 le 21 nov. 2025 \u00e0 12h58 Vous \u00eates \u00e0 Rouen (Seine-Maritime) en ce weekend&hellip;\n","protected":false},"author":2,"featured_media":549178,"comment_status":"","ping_status":"","sticky":false,"template":"","format":"standard","meta":{"footnotes":""},"categories":[9587],"tags":[1111,11,1777,674,56523,1011,27,1652,873,12,15830,5161,25,9590],"class_list":{"0":"post-549177","1":"post","2":"type-post","3":"status-publish","4":"format-standard","5":"has-post-thumbnail","7":"category-rouen","8":"tag-actu","9":"tag-actualites","10":"tag-eu","11":"tag-europe","12":"tag-foire-saint-romain","13":"tag-fr","14":"tag-france","15":"tag-loisirs-culture","16":"tag-musique","17":"tag-news","18":"tag-noel","19":"tag-normandie","20":"tag-republique-francaise","21":"tag-rouen"},"share_on_mastodon":{"url":"https:\/\/pubeurope.com\/@fr\/115587884352976153","error":""},"_links":{"self":[{"href":"https:\/\/www.europesays.com\/fr\/wp-json\/wp\/v2\/posts\/549177","targetHints":{"allow":["GET"]}}],"collection":[{"href":"https:\/\/www.europesays.com\/fr\/wp-json\/wp\/v2\/posts"}],"about":[{"href":"https:\/\/www.europesays.com\/fr\/wp-json\/wp\/v2\/types\/post"}],"author":[{"embeddable":true,"href":"https:\/\/www.europesays.com\/fr\/wp-json\/wp\/v2\/users\/2"}],"replies":[{"embeddable":true,"href":"https:\/\/www.europesays.com\/fr\/wp-json\/wp\/v2\/comments?post=549177"}],"version-history":[{"count":0,"href":"https:\/\/www.europesays.com\/fr\/wp-json\/wp\/v2\/posts\/549177\/revisions"}],"wp:featuredmedia":[{"embeddable":true,"href":"https:\/\/www.europesays.com\/fr\/wp-json\/wp\/v2\/media\/549178"}],"wp:attachment":[{"href":"https:\/\/www.europesays.com\/fr\/wp-json\/wp\/v2\/media?parent=549177"}],"wp:term":[{"taxonomy":"category","embeddable":true,"href":"https:\/\/www.europesays.com\/fr\/wp-json\/wp\/v2\/categories?post=549177"},{"taxonomy":"post_tag","embeddable":true,"href":"https:\/\/www.europesays.com\/fr\/wp-json\/wp\/v2\/tags?post=549177"}],"curies":[{"name":"wp","href":"https:\/\/api.w.org\/{rel}","templated":true}]}}