{"id":54918,"date":"2025-04-26T17:34:09","date_gmt":"2025-04-26T17:34:09","guid":{"rendered":"https:\/\/www.europesays.com\/fr\/54918\/"},"modified":"2025-04-26T17:34:09","modified_gmt":"2025-04-26T17:34:09","slug":"vosges-la-compagnie-la-machoire-36-en-representation-a-vicherey-le-3-mai","status":"publish","type":"post","link":"https:\/\/www.europesays.com\/fr\/54918\/","title":{"rendered":"Vosges. La compagnie La M\u00e2choire 36 en repr\u00e9sentation \u00e0 Vicherey le 3\u00a0mai"},"content":{"rendered":"<p>De\u00a02021 \u00e0\u00a02024, des acteurs amateurs du territoire des basses Vosges et des professionnels de la compagnie de La M\u00e2choire 36 ont travaill\u00e9 \u00e0 la cr\u00e9ation du spectacle  Le Sauvage adapt\u00e9 de la pi\u00e8ce de th\u00e9\u00e2tre d\u2019Anton Tchekov. Le spectacle a \u00e9t\u00e9 jou\u00e9 pour la premi\u00e8re fois en juin\u00a02024.<\/p>\n<p>La M\u00e2choire 36 donnera deux nouvelles repr\u00e9sentations du spectacle le samedi 3\u00a0mai \u00e0 11\u00a0h et \u00e0 16\u00a0h\u00a030 dans le jardin de la Ma\u00eeson (ancienne cure de Vicherey).<\/p>\n<p>Les acteurs, nombreux sur sc\u00e8ne, portent merveilleusement le texte et interpr\u00e8tent les personnages avec une grande justesse. Le cadre de la repr\u00e9sentation est magnifique, le drame de l\u2019histoire soulign\u00e9 par la beaut\u00e9 de la nature.<\/p>\n<p>Ce contenu est bloqu\u00e9 car vous n&rsquo;avez pas accept\u00e9 les cookies et autres traceurs.<\/p>\n<p>En cliquant sur \u00ab J\u2019accepte \u00bb, les cookies et autres traceurs seront d\u00e9pos\u00e9s et vous pourrez visualiser les contenus  (<a href=\"\" class=\"consentModule_policy\" target=\"_blank\" title=\"Consulter la politique de protection des donn\u00e9es du fournisseur\">plus d&rsquo;informations<\/a>).<\/p>\n<p>En cliquant sur \u00ab J\u2019accepte tous les cookies \u00bb, vous autorisez des d\u00e9p\u00f4ts de cookies et autres traceurs pour le stockage de vos donn\u00e9es sur nos sites et applications \u00e0 des fins de personnalisation et de ciblage publicitaire.<\/p>\n<p class=\"consentModule_secondaryText\">Vous gardez la possibilit\u00e9 de retirer votre consentement \u00e0 tout moment en consultant notre <a href=\"https:\/\/www.vosgesmatin.fr\/protection-des-donnees\" target=\"_blank\" title=\"Consulter notre politique de protection des donn\u00e9es\" rel=\"noopener\">politique de protection des donn\u00e9es<\/a>. <br \/>&#13;<br \/>\n            <a href=\"https:\/\/www.vosgesmatin.fr\/culture-loisirs\/2025\/04\/26\/javascript:Didomi.notice.show()\" class=\"consentModule_cmp\" target=\"_blank\" rel=\"noopener\">G\u00e9rer mes choix<\/a>&#13;\n        <\/p>\n<p>&#13;<br \/>\n                        J&rsquo;accepte&#13;<br \/>\n            J&rsquo;accepte tous les cookies&#13;\n        <\/p>\n<p>On peut r\u00e9server sa place par mail \u00e0 lamachoire36@yahoo.fr\u00a0; mais attention la repr\u00e9sentation de 16\u00a0h\u00a030 est quasiment compl\u00e8te, il reste encore de la place \u00e0 11\u00a0h.<\/p>\n<p class=\"note\">Tarif libre, \u00e0 partir de 5\u00a0\u20ac.<\/p>\n","protected":false},"excerpt":{"rendered":"De\u00a02021 \u00e0\u00a02024, des acteurs amateurs du territoire des basses Vosges et des professionnels de la compagnie de La&hellip;\n","protected":false},"author":2,"featured_media":54919,"comment_status":"","ping_status":"","sticky":false,"template":"","format":"standard","meta":{"footnotes":""},"categories":[9635],"tags":[1111,11,14952,1687,1797,1777,674,1011,27,775,1702,12,25,3140,14951],"class_list":{"0":"post-54918","1":"post","2":"type-post","3":"status-publish","4":"format-standard","5":"has-post-thumbnail","7":"category-nancy","8":"tag-actu","9":"tag-actualites","10":"tag-cc-du-pays-de-colombey-et-du-sud-toulois-88a","11":"tag-culture-loisirs","12":"tag-edition-la-plaine","13":"tag-eu","14":"tag-europe","15":"tag-fr","16":"tag-france","17":"tag-grand-est","18":"tag-nancy","19":"tag-news","20":"tag-republique-francaise","21":"tag-spectacle","22":"tag-vicherey"},"share_on_mastodon":{"url":"https:\/\/pubeurope.com\/@fr\/114405472724402908","error":""},"_links":{"self":[{"href":"https:\/\/www.europesays.com\/fr\/wp-json\/wp\/v2\/posts\/54918","targetHints":{"allow":["GET"]}}],"collection":[{"href":"https:\/\/www.europesays.com\/fr\/wp-json\/wp\/v2\/posts"}],"about":[{"href":"https:\/\/www.europesays.com\/fr\/wp-json\/wp\/v2\/types\/post"}],"author":[{"embeddable":true,"href":"https:\/\/www.europesays.com\/fr\/wp-json\/wp\/v2\/users\/2"}],"replies":[{"embeddable":true,"href":"https:\/\/www.europesays.com\/fr\/wp-json\/wp\/v2\/comments?post=54918"}],"version-history":[{"count":0,"href":"https:\/\/www.europesays.com\/fr\/wp-json\/wp\/v2\/posts\/54918\/revisions"}],"wp:featuredmedia":[{"embeddable":true,"href":"https:\/\/www.europesays.com\/fr\/wp-json\/wp\/v2\/media\/54919"}],"wp:attachment":[{"href":"https:\/\/www.europesays.com\/fr\/wp-json\/wp\/v2\/media?parent=54918"}],"wp:term":[{"taxonomy":"category","embeddable":true,"href":"https:\/\/www.europesays.com\/fr\/wp-json\/wp\/v2\/categories?post=54918"},{"taxonomy":"post_tag","embeddable":true,"href":"https:\/\/www.europesays.com\/fr\/wp-json\/wp\/v2\/tags?post=54918"}],"curies":[{"name":"wp","href":"https:\/\/api.w.org\/{rel}","templated":true}]}}