{"id":549185,"date":"2025-11-21T13:21:12","date_gmt":"2025-11-21T13:21:12","guid":{"rendered":"https:\/\/www.europesays.com\/fr\/549185\/"},"modified":"2025-11-21T13:21:12","modified_gmt":"2025-11-21T13:21:12","slug":"salons-du-vin-de-lalgue-cinema-fest-noz-que-faire-a-rennes-ce-week-end-nos-10-idees-de-sorties","status":"publish","type":"post","link":"https:\/\/www.europesays.com\/fr\/549185\/","title":{"rendered":"Salons du vin, de l&rsquo;algue, cin\u00e9ma, fest-noz.. Que faire \u00e0 Rennes ce week-end ? Nos 10 id\u00e9es de sorties"},"content":{"rendered":"<p>                    Par<br \/>\n        <strong><br \/>\n            <a href=\"https:\/\/actu.fr\/auteur\/laurene-fertin\" title=\"Consulter tous les articles de Laur\u00e8ne Fertin\" target=\"_blank\" rel=\"noopener\">Laur\u00e8ne Fertin<\/a><br \/>\n                    <\/strong><\/p>\n<p>        Publi\u00e9 le<\/p>\n<p>            21 nov. 2025 \u00e0 14h09        <\/p>\n<p>La m\u00e9t\u00e9o en Bretagne a pris <a href=\"https:\/\/actu.fr\/bretagne\/rennes_35238\/meteo-la-neige-arrive-en-bretagne-voici-ou-et-quand-vont-tomber-les-premiers-flocons_63455677.html\" target=\"_blank\" rel=\"noopener\">un virage hivernal<\/a>, mais\u00a0pas question, pour autant, de ne pas sortir de chez soi\u2009: vendredi\u00a021, samedi\u00a022 et dimanche\u00a023 seront r\u00e9solument culturels, \u00e0 Rennes. <strong>10 id\u00e9es de sorties<\/strong> ont \u00e9t\u00e9 concoct\u00e9es par la r\u00e9daction d\u2019<a href=\"https:\/\/actu.fr\/rennes\" target=\"_blank\" rel=\"noopener\">actu Rennes<\/a>\u2009: march\u00e9s de fripe, avant-premi\u00e8res au cin\u00e9ma, salons, danse\u2026 Un programme riche, pour tous les go\u00fbts, et porte-monnaie.<\/p>\n<p>Vendredi 21\u00a0novembre<\/p>\n<ul class=\" wall-content\">\n<li><strong>Ouverture du march\u00e9 de No\u00ebl<\/strong><\/li>\n<\/ul>\n<p class=\" wall-content\">Le march\u00e9 de No\u00ebl, install\u00e9 <strong>sur le mail Fran\u00e7ois-Mitterrand,<\/strong> ouvre ses portes et chalets d\u00e8s ce vendredi 21\u00a0novembre, <strong>d\u00e8s 10h30 jusqu\u2019\u00e0 20h30.<\/strong> Pour retrouver l\u2019ensemble des horaires, c\u2019est <a href=\"https:\/\/actu.fr\/bretagne\/rennes_35238\/le-marche-de-noel-s-installe-sur-le-mail-francois-mitterrand-date-horaires-ce-qu-il-faut-retenir_63445545.html\" target=\"_blank\" rel=\"noopener\"><strong>ici<\/strong><\/a>.<\/p>\n<p>Samedi 22\u00a0novembre<\/p>\n<ul class=\" wall-content\">\n<li><strong>\u00ab\u2009Brode, r\u00e9pare et embellis\u2009\u00bb \u00e0 La Belle D\u00e9chette<\/strong><\/li>\n<\/ul>\n<p class=\" wall-content\">Un atelier est propos\u00e9 \u00e0 La Belle D\u00e9chette de Rennes, de 9h \u00e0 12h, pour savoir <strong>recoudre<\/strong> son tee-shirt trou\u00e9 pr\u00e9f\u00e9r\u00e9, <strong>faire dispara\u00eetre <\/strong>les taches de ses pulls, ou encore, pour savoir <strong>broder.<\/strong> Vous pouvez donc apporter les v\u00eatements que vous voulez repriser.<\/p>\n<p class=\" wall-content\">L\u2019atelier est <strong>gratuit,<\/strong> il faut toutefois <strong>s\u2019inscrire<\/strong> <a href=\"https:\/\/www.helloasso.com\/associations\/la-belle-dechette\/evenements\/brode-repare-et-embellis?fbclid=IwY2xjawONKpVleHRuA2FlbQIxMABicmlkETFrRGlyOG5sdGtVdmhhZmc2c3J0YwZhcHBfaWQQMjIyMDM5MTc4ODIwMDg5MgABHoVYJx4Wl22mMZSHzrVyodA3vznV7D328z5BJvloViZZ96t0ilNw1jazTrQ6_aem_94Jfap18s69Vm8vt5Qq-tw\" target=\"_blank\" rel=\"noopener\">ici<\/a>.<\/p>\n<p><a href=\"https:\/\/www.google.fr\/maps\/place\/La+Belle+D%C3%A9chette+-+La+R%C3%A9serve\/@48.0969472,-1.6491699,16203m\/data=!3m2!1e3!5s0x480ee07a1e9b16bd:0x14c05a2c45c0e552!4m10!1m2!2m1!1sLa+belle+d%C3%A9chette!3m6!1s0x480edfeb53fc05f5:0xe0f0dfbf6c6f006c!8m2!3d48.0987266!4d-1.7015683!15sChJMYSBiZWxsZSBkw6ljaGV0dGVaFCISbGEgYmVsbGUgZMOpY2hldHRlkgEMdGhyaWZ0X3N0b3JlqgFJCg0vZy8xMWdydjQ2OF96EAEyHhABIhrC9ai3n2MxlrMxoVQHqteXbJ9avqKL_fyVVjIWEAIiEmxhIGJlbGxlIGTDqWNoZXR0ZeABAA!16s%2Fg%2F11grv468_z?entry=ttu&amp;g_ep=EgoyMDI1MTExNy4wIKXMDSoASAFQAw%3D%3D\" target=\"_blank\" rel=\"noopener\">La belle d\u00e9chette, avenue Jules-Maniez \u00e0 Rennes.<\/a> De 9h \u00e0 12h.<\/p>\n<p>Votre r\u00e9gion, votre actu !<\/p>\n<p>Recevez chaque jour les infos qui comptent pour vous.<\/p>\n<p>\t<a href=\"https:\/\/actu.fr\/newsletter\" class=\"ac-btn ac-btn--corner ac-btn--medium ac-btn--blue800\" target=\"_blank\" rel=\"noopener\">S&rsquo;incrire<\/a><\/p>\n<p>\u00a0<\/p>\n<ul class=\" wall-content\">\n<li><strong>Foudre, le salon des vins natures<\/strong><\/li>\n<\/ul>\n<p class=\" wall-content\">Un salon r\u00e9serv\u00e9 aux vins natures s\u2019ouvre d\u00e8s ce samedi 22\u00a0novembre et jusqu\u2019\u00e0 dimanche 23\u00a0novembre, de 11h \u00e0 19h, pour d\u00e9couvrir <strong>vins<\/strong> et <strong>vignerons<\/strong> aux <strong>Ateliers du vent<\/strong>. Cet \u00e9v\u00e9nement est organis\u00e9 par \u00ab\u2009un groupe de passionn\u00e9\u00b7es de vin, d\u2019art et d\u2019expression, (qui) a imagin\u00e9 ces \u00ab\u2009Rencontres-Coup de Foudre\u2009\u00bb pour faire partager au public leur amour des belles et bonnes choses\u2009\u00bb, indiquent les organisateurs.<\/p>\n<p>Foudre, aux Ateliers du vent, au <a href=\"https:\/\/www.google.fr\/maps\/place\/59+Rue+Alexandre+Duval,+35000+Rennes\/@48.1032744,-1.699495,2025m\/data=!3m2!1e3!4b1!4m6!3m5!1s0x480ee07f4604d063:0x68eafe0208f89f01!8m2!3d48.1032708!4d-1.6969201!16s%2Fg%2F11c14t7vkb?entry=ttu&amp;g_ep=EgoyMDI1MTExNy4wIKXMDSoASAFQAw%3D%3D\" target=\"_blank\" rel=\"noopener\">59, rue Alexandre-Duval \u00e0 Rennes<\/a>, de 11h \u00e0 19h. Tarif\u2009: 8\u00a0euros (avec le verre). Restaurant sur place. Plus d\u2019informations <a href=\"https:\/\/www.salonfoudre.fr\/\" target=\"_blank\" rel=\"noopener\">ici<\/a>.<\/p>\n<p>\u00a0<\/p>\n<ul class=\" wall-content\">\n<li><strong>Escape Room au mus\u00e9e des transmissions<\/strong><\/li>\n<\/ul>\n<p class=\" wall-content\">De 14h \u00e0 18h, le mus\u00e9e des transmissions \u00e0 Cesson-S\u00e9vign\u00e9 ouvre ses portes \u00e0 un escape room, \u00ab\u2009sp\u00e9cialement con\u00e7ue pour titiller vos m\u00e9ninges\u2009\u00bb. Au programme\u2009: <strong>un coffre myst\u00e9rieux<\/strong> et\u00a0<strong>des indices cach\u00e9s,<\/strong> piment\u00e9s par <strong>un compte \u00e0 rebours<\/strong> \u00ab\u2009qui ne vous fera aucun cadeau\u2009\u00bb.<\/p>\n<p>Dur\u00e9e\u2009: 40 min. \u00c0 partir de 23\u00a0ans. R\u00e9servations au 02\u200999\u200984\u200932\u200987 ou <a href=\"https:\/\/actu.fr\/cdn-cgi\/l\/email-protection\" class=\"__cf_email__\" data-cfemail=\"c9acbab9a8aaacafacbbbba0ac89b0a8a1a6a6e7afbb\" target=\"_blank\" rel=\"noopener\">[email\u00a0protected]<\/a>. <a href=\"https:\/\/www.google.fr\/maps\/place\/Espace+Ferri%C3%A9+-+Mus%C3%A9e+des+Transmissions\/@48.1221082,-1.6292112,1012m\/data=!3m2!1e3!4b1!4m6!3m5!1s0x480edec3f25f4f9b:0xc79bc3c4fd631115!8m2!3d48.1221046!4d-1.6266363!16s%2Fg%2F121g1vvt?entry=ttu&amp;g_ep=EgoyMDI1MTExNy4wIKXMDSoASAFQAw%3D%3D\" target=\"_blank\" rel=\"noopener\">Mus\u00e9e des transmissions, 6 avenue de la Boulaie \u00e0 Cesson-S\u00e9vign\u00e9.<\/a><\/p>\n<p>\u00a0<\/p>\n<ul class=\" wall-content\">\n<li><strong>Fest-noz des Cadets de Bretagne<\/strong><\/li>\n<\/ul>\n<p class=\" wall-content\">Pour celles et ceux qui veulent danser, ce samedi soir, les Cadets de Bretagne organisent la 3\u1d49 \u00e9dition de leur fest-noz, de 20h30 \u00e0 1h. Au programme\u2009: War-Sav, Duo Suignard, Kelt Duo, Maela hag Anouk. <strong>Une initiation \u00e0 la danse bretonne<\/strong> sera propos\u00e9e \u00e0 19h30.<\/p>\n<p>Rendez-vous aux <a href=\"https:\/\/www.google.fr\/maps\/place\/139+Rue+d&#039;Antrain,+35700+Rennes\/@48.1240491,-1.6708853,1012m\/data=!3m2!1e3!4b1!4m6!3m5!1s0x480ede43966aa939:0x8314062e745b5d1e!8m2!3d48.1240455!4d-1.6683104!16s%2Fg%2F11bw42r652?entry=ttu&amp;g_ep=EgoyMDI1MTExNy4wIKXMDSoASAFQAw%3D%3D\" target=\"_blank\" rel=\"noopener\">Cadets de Bretagne au 139, rue d\u2019Antrain \u00e0 Rennes<\/a>. Vestiaire, buvette et restauration sur place. Tarif\u2009: 8\u00a0euros, gratuit pour les moins de 15\u00a0ans.<\/p>\n<p>\u00a0<\/p>\n<ul class=\" wall-content\">\n<li><strong>Soir\u00e9e House of dub au Glaz Arena<\/strong><\/li>\n<\/ul>\n<p class=\" wall-content\">Il reste encore des places pour la soir\u00e9e House of dub, qui, comme le nom le rappelle, va poser les scoops au son du dub. Au programme\u2009: Atili x Telly, Fatbabs x Davojah, Esa\u00efa ou encore Jael. Prix du billet\u2009: 28 euros.<\/p>\n<p>D\u00e9but de la soir\u00e9e \u00e0 21h, fin de la soir\u00e9e \u00e0 5h. Rendez-vous \u00e0 la <a href=\"https:\/\/www.google.fr\/maps\/place\/Glaz+Arena\/@48.113834,-1.5979392,1012m\/data=!3m2!1e3!4b1!4m6!3m5!1s0x480ed99f97ac6f7d:0x2d9301b9f1860030!8m2!3d48.1138304!4d-1.5953643!16s%2Fg%2F11fjz2cts_?entry=ttu&amp;g_ep=EgoyMDI1MTExNy4wIKXMDSoASAFQAw%3D%3D\" target=\"_blank\" rel=\"noopener\">Glaz Arena, parc du bois de la Justice \u00e0 Cesson-S\u00e9vign\u00e9<\/a>. La billetterie est <a href=\"https:\/\/my.weezevent.com\/house-of-dub-5?fbclid=IwY2xjawONJqRleHRuA2FlbQIxMABicmlkETFrRGlyOG5sdGtVdmhhZmc2c3J0YwZhcHBfaWQQMjIyMDM5MTc4ODIwMDg5MgABHg8JzGCCJetV5KpsCyNysg5Iktb_nhpaFec3KOaobbESgHdjuiD3E2hEJ0JE_aem_mjjaxhgiQOlkZXeudn9Rtw\" target=\"_blank\" rel=\"noopener\">ici<\/a>.Dimanche 23\u00a0novembre<\/p>\n<p class=\" wall-content\">Pour la premi\u00e8re fois, aux Halles de la Courrouze \u00e0 Saint-Jacques-de-la-Lande, va se tenir le <strong>Salon de l\u2019algue<\/strong> ce dimanche\u00a023 et lundi 24\u00a0novembre. Le but\u2009: \u00ab\u2009montrer tout le potentiel de cette ressource encore m\u00e9connue\u2009\u00bb, soulignent les organisateurs de l\u2019\u00e9v\u00e9nement.<\/p>\n<p class=\" wall-content\">Dimanche, une journ\u00e9e grand public de 10h \u00e0 18h permettra de go\u00fbter, sensibiliser, apprendre autour de l\u2019algue. Seront pr\u00e9sents des producteurs, il y aura \u00e9galement des ateliers sensoriels et p\u00e9dagogiques sans oublier des shows culinaires ou encore des ateliers d\u00e9couvertes et ludiques autour de celle-ci.<\/p>\n<p><a href=\"https:\/\/www.google.fr\/m\" target=\"_blank\" rel=\"noopener\">Halles de la Courrouze, rue Raymond et Lucie Aubrac, \u00e0 Saint-Jacques-de-la-Lande<\/a>. Entr\u00e9e libre et gratuite. Pour retrouver la programmation compl\u00e8te, c\u2019est <a href=\"https:\/\/www.clusteralgues-bretagne.com\/agenda-1er-salon-de-l-algue-3762-226-0-0.html\" target=\"_blank\" rel=\"noopener\">ici<\/a>.<\/p>\n<p>\u00a0<\/p>\n<ul class=\" wall-content\">\n<li><strong>Avant-premi\u00e8res au cin\u00e9ma Arvor<\/strong><\/li>\n<\/ul>\n<p class=\" wall-content\">Dans le cadre de la 10\u1d49 \u00e9dition de la <strong>Journ\u00e9e art &amp; essai du cin\u00e9ma europ\u00e9en,<\/strong> le cin\u00e9ma Arvor propose plusieurs avant-premi\u00e8res \u00e0 d\u00e9couvrir\u2009: <a href=\"https:\/\/www.cinema-arvor.fr\/evenement\/2192546-olivia-d-irene-iborra\" target=\"_blank\" rel=\"noopener\">Olivia, d\u2019Irene Iborra (film d\u2019animation)<\/a> d\u00e8s 11h\u2009; <a href=\"https:\/\/www.cinema-arvor.fr\/evenement\/2193573-avant-premiere-coutures-d-alice-winocour\" target=\"_blank\" rel=\"noopener\">Coutures d\u2019Alice Winocur avec Angelina Jolie<\/a> d\u00e8s 16h ou encore Bugonia de Yorgos Lanthimos d\u00e8s 20h15.<\/p>\n<p>Plus d\u2019informations <a href=\"https:\/\/www.cinema-arvor.fr\/films-evenements\/\" target=\"_blank\" rel=\"noopener\">ici<\/a>. <a href=\"https:\/\/www.google.fr\/maps\/place\/Cin%C3%A9ma+Arvor\/@48.1023997,-1.6792342,2025m\/data=!3m3!1e3!4b1!5s0x480edfc9e3265a0b:0x56f5d1f58002bd25!4m6!3m5!1s0x480ede3717aae6ad:0x6c396d9746889fba!8m2!3d48.1023962!4d-1.6743633!16s%2Fg%2F11b41mq41?entry=ttu&amp;g_ep=EgoyMDI1MTExNy4wIKXMDSoASAFQAw%3D%3D\" target=\"_blank\" rel=\"noopener\">Cin\u00e9ma Arvor, 11, rue de Ch\u00e2tillon<\/a> \u00e0 Rennes.<\/p>\n<p>\u00a0<\/p>\n<ul class=\" wall-content\">\n<li><strong>Patrimoine, march\u00e9 de fripes, animations et ateliers \u00e0 l\u2019\u00e9comus\u00e9e de la Bintinais<\/strong><\/li>\n<\/ul>\n<p class=\" wall-content\">Dans le cadre de la Semaine europ\u00e9enne de la r\u00e9duction des d\u00e9chets, l\u2019\u00e9comus\u00e9e de la Bintinais pr\u00e9voit une apr\u00e8s-midi sp\u00e9ciale, de 14h \u00e0 18h, compos\u00e9e <strong>d\u2019un march\u00e9 de fripes<\/strong> par le magasin Chez Henry (Croix-Rouge), de nombreux <strong>ateliers de couture<\/strong> et <strong>r\u00e9paration de v\u00eatements,<\/strong> initiation \u00e0 la <strong>broderie<\/strong> sashiko et au <strong>crochet, un d\u00e9fil\u00e9<\/strong> mode fripes avec le lyc\u00e9e Louis-Guilloux, sans oublier <strong>des animations<\/strong> pour mieux comprendre les impacts de l\u2019industrie textile par le service des d\u00e9chets de Rennes M\u00e9tropole.<\/p>\n<p>Cet apr\u00e8s-midi est gratuit et ouvert \u00e0 toutes et tous. Le programme complet est \u00e0 retrouver sur <a href=\"https:\/\/www.ecomusee-rennes-metropole.fr\/agenda\/mode-durable\/\" target=\"_blank\" rel=\"noopener\">ce lien<\/a>. \u00c9<a href=\"https:\/\/www.google.fr\/maps\/place\/%C3%89comus%C3%A9e+de+la+Bintinais\/@48.0777141,-1.6689616,1013m\/data=!3m2!1e3!4b1!4m6!3m5!1s0x480edf91b521120d:0xefc465f178579c48!8m2!3d48.0777105!4d-1.6663867!16s%2Fg%2F11r_pnh25?entry=ttu&amp;g_ep=EgoyMDI1MTExNy4wIKXMDSoASAFQAw%3D%3D\" target=\"_blank\" rel=\"noopener\">comus\u00e9e de la Bintinais, route de Ch\u00e2tillon-sur-Seiche \u00e0 Rennes.<\/a><\/p>\n<p>\u00a0<\/p>\n<p class=\" wall-content\">Pour contrer la d\u00e9prime du dimanche soir, Hop\u2019n Swing invite les curieux, amateurs ou confirm\u00e9s \u00e0 venir<strong> danser le swing. <\/strong>Rendez-vous au bar le Ty Anna, place Sainte-Anne, <strong>d\u00e8s 18h<\/strong> pour se dandiner et boire un verre.<\/p>\n<p><a href=\"https:\/\/www.google.fr\/maps\/place\/Ty+Anna+Tavarn\/@48.1147609,-1.6840355,1012m\/data=!3m2!1e3!4b1!4m6!3m5!1s0x480ede3125adbbcb:0x60c364f3bffbb4ee!8m2!3d48.1147573!4d-1.6814606!16s%2Fg%2F1v26lhp2?entry=ttu&amp;g_ep=EgoyMDI1MTExNy4wIKXMDSoASAFQAw%3D%3D\" target=\"_blank\" rel=\"noopener\">Ty Anna, 19, place Sainte-Anne,<\/a> d\u00e8s 18h.<\/p>\n<p class=\" wall-content\">Personnalisez votre actualit\u00e9 en ajoutant vos villes et m\u00e9dias en favori avec <a href=\"https:\/\/moncompte.actu.fr\" title=\"D\u00e9couvez Mon Actu\" rel=\"nofollow noopener\" data-trk=\"{&quot;cta&quot;:{&quot;action&quot;:&quot;https:\\\/\\\/moncompte.actu.fr&quot;,&quot;category&quot;:&quot;mon compte&quot;,&quot;from&quot;:&quot;article footer&quot;,&quot;name&quot;:&quot;Mon actu&quot;,&quot;type&quot;:&quot;cta&quot;}}\" target=\"_blank\">Mon Actu<\/a>.<\/p>\n","protected":false},"excerpt":{"rendered":"Par Laur\u00e8ne Fertin Publi\u00e9 le 21 nov. 2025 \u00e0 14h09 La m\u00e9t\u00e9o en Bretagne a pris un virage&hellip;\n","protected":false},"author":2,"featured_media":549186,"comment_status":"","ping_status":"","sticky":false,"template":"","format":"standard","meta":{"footnotes":""},"categories":[2821],"tags":[1111,11,829,650,5972,1777,674,1011,27,1652,12,57084,584,25],"class_list":{"0":"post-549185","1":"post","2":"type-post","3":"status-publish","4":"format-standard","5":"has-post-thumbnail","7":"category-rennes","8":"tag-actu","9":"tag-actualites","10":"tag-bretagne","11":"tag-cinema","12":"tag-danse","13":"tag-eu","14":"tag-europe","15":"tag-fr","16":"tag-france","17":"tag-loisirs-culture","18":"tag-news","19":"tag-noel-a-rennes","20":"tag-rennes","21":"tag-republique-francaise"},"share_on_mastodon":{"url":"https:\/\/pubeurope.com\/@fr\/115587900440464524","error":""},"_links":{"self":[{"href":"https:\/\/www.europesays.com\/fr\/wp-json\/wp\/v2\/posts\/549185","targetHints":{"allow":["GET"]}}],"collection":[{"href":"https:\/\/www.europesays.com\/fr\/wp-json\/wp\/v2\/posts"}],"about":[{"href":"https:\/\/www.europesays.com\/fr\/wp-json\/wp\/v2\/types\/post"}],"author":[{"embeddable":true,"href":"https:\/\/www.europesays.com\/fr\/wp-json\/wp\/v2\/users\/2"}],"replies":[{"embeddable":true,"href":"https:\/\/www.europesays.com\/fr\/wp-json\/wp\/v2\/comments?post=549185"}],"version-history":[{"count":0,"href":"https:\/\/www.europesays.com\/fr\/wp-json\/wp\/v2\/posts\/549185\/revisions"}],"wp:featuredmedia":[{"embeddable":true,"href":"https:\/\/www.europesays.com\/fr\/wp-json\/wp\/v2\/media\/549186"}],"wp:attachment":[{"href":"https:\/\/www.europesays.com\/fr\/wp-json\/wp\/v2\/media?parent=549185"}],"wp:term":[{"taxonomy":"category","embeddable":true,"href":"https:\/\/www.europesays.com\/fr\/wp-json\/wp\/v2\/categories?post=549185"},{"taxonomy":"post_tag","embeddable":true,"href":"https:\/\/www.europesays.com\/fr\/wp-json\/wp\/v2\/tags?post=549185"}],"curies":[{"name":"wp","href":"https:\/\/api.w.org\/{rel}","templated":true}]}}