{"id":549191,"date":"2025-11-21T13:24:13","date_gmt":"2025-11-21T13:24:13","guid":{"rendered":"https:\/\/www.europesays.com\/fr\/549191\/"},"modified":"2025-11-21T13:24:13","modified_gmt":"2025-11-21T13:24:13","slug":"johan-porcher-nomme-directeur-de-projet-de-lhotel-des-polices-de-nice","status":"publish","type":"post","link":"https:\/\/www.europesays.com\/fr\/549191\/","title":{"rendered":"Johan PORCHER nomm\u00e9 directeur de projet de l\u2019H\u00f4tel des polices de Nice"},"content":{"rendered":"<p>                    <img loading=\"lazy\" decoding=\"async\" src=\"https:\/\/www.europesays.com\/fr\/wp-content\/uploads\/2025\/11\/438e89b0fcbcd5a6d9f25c46d8bfe8.jpg\" class=\"img-responsive post-image\" width=\"680\" height=\"510\" alt=\"Johan PORCHER nomm\u00e9 (\u2026)\" title=\"Johan PORCHER nomm\u00e9 directeur de projet de l'H\u00f4tel des polices de Nice\"\/><\/p>\n<p>Actuel directeur de cabinet de la pr\u00e9f\u00e8te de Haute-Marne, il prendra ses nouvelles fonctions le 1er d\u00e9cembre afin de poursuivre ce chantier prioritaire pour l\u2019Etat et la ville de Nice.<br class=\"chapo\"\/><br \/>\nLe futur H\u00f4tel des polices nationale et municipale est un projet important pour renforcer la s\u00e9curit\u00e9 du quotidien de nos concitoyens.<br class=\"autobr\"\/><br \/>\nIl doit \u00eatre livr\u00e9 en octobre 2026 pour un co\u00fbt total de 243 millions d\u2019euros dont 71% financ\u00e9s par l\u2019\u00c9tat.<\/p>\n<p>Photo de Une \u00a9Pr\u00e9fecture 06 sur X<\/p>\n","protected":false},"excerpt":{"rendered":"Actuel directeur de cabinet de la pr\u00e9f\u00e8te de Haute-Marne, il prendra ses nouvelles fonctions le 1er d\u00e9cembre afin&hellip;\n","protected":false},"author":2,"featured_media":549192,"comment_status":"","ping_status":"","sticky":false,"template":"","format":"standard","meta":{"footnotes":""},"categories":[2819],"tags":[1111,11,2408,1777,674,1011,27,12,2401,882,25],"class_list":{"0":"post-549191","1":"post","2":"type-post","3":"status-publish","4":"format-standard","5":"has-post-thumbnail","7":"category-nice","8":"tag-actu","9":"tag-actualites","10":"tag-appels-d","11":"tag-eu","12":"tag-europe","13":"tag-fr","14":"tag-france","15":"tag-news","16":"tag-nice","17":"tag-provence-alpes-cote-dazur","18":"tag-republique-francaise"},"share_on_mastodon":{"url":"https:\/\/pubeurope.com\/@fr\/115587912714568818","error":""},"_links":{"self":[{"href":"https:\/\/www.europesays.com\/fr\/wp-json\/wp\/v2\/posts\/549191","targetHints":{"allow":["GET"]}}],"collection":[{"href":"https:\/\/www.europesays.com\/fr\/wp-json\/wp\/v2\/posts"}],"about":[{"href":"https:\/\/www.europesays.com\/fr\/wp-json\/wp\/v2\/types\/post"}],"author":[{"embeddable":true,"href":"https:\/\/www.europesays.com\/fr\/wp-json\/wp\/v2\/users\/2"}],"replies":[{"embeddable":true,"href":"https:\/\/www.europesays.com\/fr\/wp-json\/wp\/v2\/comments?post=549191"}],"version-history":[{"count":0,"href":"https:\/\/www.europesays.com\/fr\/wp-json\/wp\/v2\/posts\/549191\/revisions"}],"wp:featuredmedia":[{"embeddable":true,"href":"https:\/\/www.europesays.com\/fr\/wp-json\/wp\/v2\/media\/549192"}],"wp:attachment":[{"href":"https:\/\/www.europesays.com\/fr\/wp-json\/wp\/v2\/media?parent=549191"}],"wp:term":[{"taxonomy":"category","embeddable":true,"href":"https:\/\/www.europesays.com\/fr\/wp-json\/wp\/v2\/categories?post=549191"},{"taxonomy":"post_tag","embeddable":true,"href":"https:\/\/www.europesays.com\/fr\/wp-json\/wp\/v2\/tags?post=549191"}],"curies":[{"name":"wp","href":"https:\/\/api.w.org\/{rel}","templated":true}]}}