{"id":549193,"date":"2025-11-21T13:25:17","date_gmt":"2025-11-21T13:25:17","guid":{"rendered":"https:\/\/www.europesays.com\/fr\/549193\/"},"modified":"2025-11-21T13:25:17","modified_gmt":"2025-11-21T13:25:17","slug":"kondogbia-titulaire-un-trio-pavard-egan-riley-balerdi-derriere-decouvrez-les-compositions-probables","status":"publish","type":"post","link":"https:\/\/www.europesays.com\/fr\/549193\/","title":{"rendered":"Kondogbia titulaire, un trio Pavard, Egan-Riley, Balerdi derri\u00e8re&#8230; d\u00e9couvrez les compositions probables"},"content":{"rendered":"<p>\u00c0 peine les <a href=\"https:\/\/www.laprovence.com\/article\/om\/58066082676776\/om-murillo-aguerd-rulli-weah-les-olympiens-deja-qualifies-pour-la-coupe-du-monde-2026\" target=\"_blank\" rel=\"noopener\">qualifications pour le Mondial termin\u00e9es<\/a>, que le football domestique reprend d\u00e9j\u00e0 ses droits. Et c&rsquo;est par un d\u00e9placement \u00e0 l&rsquo;Allianz Riviera de Nice que les Olympiens vont renouer avec la Ligue 1.<\/p>\n<p>Auteurs d&rsquo;une bonne fin de s\u00e9quence avant la tr\u00e8ve avec deux succ\u00e8s en championnat, <a href=\"https:\/\/www.laprovence.com\/article\/om\/52662686121352\/om-pourquoi-greenwood-joueur-le-plus-decisif-de-ligue-1-est-incontournable\" target=\"_blank\" rel=\"noopener\">l&rsquo;OM veut continuer sur sa lanc\u00e9e<\/a> et se verrait bien ravir la 1\u00e8re place au PSG, au moins pour quelques heures.<\/p>\n<p>Face aux Azur\u00e9ens, Roberto De Zerbi devra encore <a href=\"https:\/\/www.laprovence.com\/article\/om\/1348784490347914\/om-pourquoi-lindisponibilite-dhamed-junior-traore-est-si-longue\" target=\"_blank\" rel=\"noopener\">composer avec une infirmerie bien remplie<\/a> (Aguerd, Murillo, Medina, Traor\u00e9, Gouiri), mais pourra compter sur <a href=\"https:\/\/www.laprovence.com\/article\/om\/11915974528398\/om-ca-laisse-sans-voix-roberto-de-zerbi-tres-touche-par-lassassinat-de-mehdi-kessaci\" target=\"_blank\" rel=\"noopener\">les retours de Geoffrey Kondogbia<\/a> et du capitaine L\u00e9onardo Balerdi. Ce dernier devrait d&rsquo;ailleurs d\u00e9buter la rencontre dans une d\u00e9fense \u00e0 trois, en tant qu&rsquo;axial gauche, avec Pavard pour occuper le c\u00f4t\u00e9 droit et Egan-Riley l&rsquo;axe central, <a href=\"https:\/\/www.laprovence.com\/article\/om\/6168189292015314\/om-pourquoi-geronimo-rulli-a-deja-sa-place-parmi-les-plus-grands-gardiens-olympiens\" target=\"_blank\" rel=\"noopener\">devant l&rsquo;ind\u00e9boulonable Rulli.<\/a> Ils seraient accompagn\u00e9s d&rsquo;Emerson \u00e0 gauche et Weah \u00e0 droite, dans des r\u00f4les de pistons.<\/p>\n<p>Devant, c&rsquo;est le trio Greenwood, Aubameyang, Paixao qui devrait \u00eatre charg\u00e9 de faire briller l&rsquo;OM sur le plan offensif.<\/p>\n<p>Les compositions probables<\/p>\n<p>OM (3-4-3) : Rulli &#8211; Pavard, Egan-Riley, Balerdi (cap.) &#8211; Weah, Vermeeren, Kondogbia, Emerson &#8211; Greenwood, Aubameyang, Paixao.\u00a0<\/p>\n<p>Rempla\u00e7ants : De Lange (g.), Vermot (g.), Lirola, Garcia, Hojbjerg, Gomes, O&rsquo;Riley, Bakola, Nadir, Mmadi, Vaz, Maupay.<\/p>\n<p>Entra\u00eeneur : Roberto De Zerbi.<\/p>\n<p>Absents : Aguerd, Murillo, Medina, Gouiri, Traor\u00e9 (bless\u00e9s).<\/p>\n<p>Nice (3-4-3) : Diouf &#8211; Mendy, Bah, Oppong &#8211; Clauss, Vanhoutte, Abdul-Samed, Bard &#8211; Ali Cho Moffi, Diop.<\/p>\n<p>Entra\u00eeneur : Eric Roy.<\/p>\n<p>Rempla\u00e7ants : Dup\u00e9 (g.) Abdi, Louchet, Sanson, Boga, Jansson, Nguene, Gouveia, Carlos.<\/p>\n<p>Absents : Boudaoui, Ndayishimiye, Abdelmonem, Bombito, Dante, Ndombele.<\/p>\n","protected":false},"excerpt":{"rendered":"\u00c0 peine les qualifications pour le Mondial termin\u00e9es, que le football domestique reprend d\u00e9j\u00e0 ses droits. Et c&rsquo;est&hellip;\n","protected":false},"author":2,"featured_media":549194,"comment_status":"","ping_status":"","sticky":false,"template":"","format":"standard","meta":{"footnotes":""},"categories":[2819],"tags":[17,1111,11,62987,30700,1777,674,1011,27,4026,12,2401,65073,149,51610,882,25,31438,13538],"class_list":{"0":"post-549193","1":"post","2":"type-post","3":"status-publish","4":"format-standard","5":"has-post-thumbnail","7":"category-nice","8":"tag-17","9":"tag-actu","10":"tag-actualites","11":"tag-balerdi","12":"tag-egan-riley","13":"tag-eu","14":"tag-europe","15":"tag-fr","16":"tag-france","17":"tag-kondogbia","18":"tag-news","19":"tag-nice","20":"tag-nice-om","21":"tag-om","22":"tag-pavard","23":"tag-provence-alpes-cote-dazur","24":"tag-republique-francaise","25":"tag-titulaire","26":"tag-trio"},"share_on_mastodon":{"url":"https:\/\/pubeurope.com\/@fr\/115587915662577299","error":""},"_links":{"self":[{"href":"https:\/\/www.europesays.com\/fr\/wp-json\/wp\/v2\/posts\/549193","targetHints":{"allow":["GET"]}}],"collection":[{"href":"https:\/\/www.europesays.com\/fr\/wp-json\/wp\/v2\/posts"}],"about":[{"href":"https:\/\/www.europesays.com\/fr\/wp-json\/wp\/v2\/types\/post"}],"author":[{"embeddable":true,"href":"https:\/\/www.europesays.com\/fr\/wp-json\/wp\/v2\/users\/2"}],"replies":[{"embeddable":true,"href":"https:\/\/www.europesays.com\/fr\/wp-json\/wp\/v2\/comments?post=549193"}],"version-history":[{"count":0,"href":"https:\/\/www.europesays.com\/fr\/wp-json\/wp\/v2\/posts\/549193\/revisions"}],"wp:featuredmedia":[{"embeddable":true,"href":"https:\/\/www.europesays.com\/fr\/wp-json\/wp\/v2\/media\/549194"}],"wp:attachment":[{"href":"https:\/\/www.europesays.com\/fr\/wp-json\/wp\/v2\/media?parent=549193"}],"wp:term":[{"taxonomy":"category","embeddable":true,"href":"https:\/\/www.europesays.com\/fr\/wp-json\/wp\/v2\/categories?post=549193"},{"taxonomy":"post_tag","embeddable":true,"href":"https:\/\/www.europesays.com\/fr\/wp-json\/wp\/v2\/tags?post=549193"}],"curies":[{"name":"wp","href":"https:\/\/api.w.org\/{rel}","templated":true}]}}