{"id":549195,"date":"2025-11-21T13:26:15","date_gmt":"2025-11-21T13:26:15","guid":{"rendered":"https:\/\/www.europesays.com\/fr\/549195\/"},"modified":"2025-11-21T13:26:15","modified_gmt":"2025-11-21T13:26:15","slug":"nantes-johanna-rolland-lance-officiellement-sa-campagne","status":"publish","type":"post","link":"https:\/\/www.europesays.com\/fr\/549195\/","title":{"rendered":"Nantes : Johanna Rolland lance officiellement sa campagne !"},"content":{"rendered":"<p class=\"block date\" id=\"dateEtAuteur\">Publi\u00e9 : 11h58  par H\u00e9l\u00e8ne  HAMON <\/p>\n<p><img decoding=\"async\" class=\"\" style=\"width:100%\" src=\"https:\/\/www.europesays.com\/fr\/wp-content\/uploads\/2025\/11\/Johanna_Rolland_nantes1763709144464.jpg\" alt=\"L'\u00e9quipe de Johanna Rolland lance officiellement sa campagne ce vendredi\"\/>A plus de quatre mois des \u00e9lections municipales, la campagne \u00e9lectorale d\u00e9marre \u00e0 Nantes. Johanna Rolland, la maire sortante, organise son premier meeting ce vendredi soir (21 novembre) aux Salons Mauduit. <\/p>\n<p><strong>La bataille des municipales est officiellement lanc\u00e9e \u00e0 Nantes ! <\/strong>L\u2019union de la droite et du centre a \u00e9t\u00e9 ent\u00e9rin\u00e9e en fin de semaine derni\u00e8re, apr\u00e8s le rapprochement entre le LR Foulques Chombart de Lauwe et la centriste Sarah El Hairy. A gauche, la maire sortante, Johanna Rolland, semble avoir r\u00e9ussi le rassemblement. En tout cas, toutes les forces de gauche, except\u00e9 la France Insoumise, ont d\u00e9cid\u00e9 de se ranger derri\u00e8re l&rsquo;\u00e9dile socialiste. Cette derni\u00e8re, qui brigue un 3e mandat, devrait d\u00e9tailler son programme ce vendredi soir, lors de son premier meeting dans les salons Mauduit.<\/p>\n<p>\u00a0<\/p>\n<blockquote><p>\n\u00ab\u00a0La place des classes moyennes sera un point d&rsquo;attention majeur dans la campagne\u00a0\u00bb\n<\/p><\/blockquote>\n<p>\u00a0<\/p>\n<p>De grandes orientations se dessinent, notamment sur l&rsquo;acc\u00e8s au logement. \u00ab\u00a0Nous avons annonc\u00e9 faire du logement une des priorit\u00e9s de cette campagne, parce que cela p\u00e8se beaucoup dans le budget des familles, parce que je veux qu&rsquo;une aide-soignante, un cariste, un int\u00e9rimaire, celles et ceux qui font l&rsquo;\u00e9conomie nantaise du quotidien, puissent continuer \u00e0 se loger dans notre ville&#8230;<strong> Nous avons pris l&rsquo;engagement d&rsquo;avoir une attention particuli\u00e8re, aux plus modestes, mais aussi aux classes moyennes.<\/strong> Cette question de la place des classes moyennes sera pour moi un point d&rsquo;attention majeur dans la campagne. Et concr\u00e8tement, \u00e7a veut dire dans la production de logements neufs \u00e0 Nantes, 40% de logements sociaux et 20% de logements abordables, justement \u00e0 destination des classes moyennes\u00a0\u00bb.<\/p>\n<p>Johanna Rolland, candidate \u00e0 un 3e mandatJohanna Rolland, candidate \u00e0 un 3e mandat <\/p>\n<p>Rendre accessible le logement, mais aussi proposer de nouvelles structures \u00e0 destination des familles monoparentales ou des enfants qui souffrent psychologiquement. \u00ab\u00a0Une des forces motrices de notre projet sera un service public de qualit\u00e9 et de proximit\u00e9, explique Johann Rolland, qui a partag\u00e9 deux projets qui lui tiennent \u00e0 c\u0153ur.<\/p>\n<p>\u00a0<\/p>\n<blockquote><p>\nUne structure pour les mamans solos\n<\/p><\/blockquote>\n<p>\u00a0<\/p>\n<p><strong>\u00ab\u00a0Le premier est la Maison des enfants, d\u00e9di\u00e9e aux questions de sant\u00e9 mentale.<\/strong> On sait, il y a une accentuation des situations avec des enfants qui ont des signes de mal-\u00eatre psychologique et que les Nantaises et les Nantais me disent, je mets 3 mois, 6 mois, 9 mois, 18 mois \u00e0 trouver une r\u00e9ponse. Ce n&rsquo;est pas possible, donc il faut une maison des enfants, un lieu d\u00e9di\u00e9, et une \u00e9quipe pluridisciplinaire. <\/p>\n<p>Le deuxi\u00e8me projet \u00e9voqu\u00e9, et auquel je tiens, c&rsquo;est l&rsquo;attention que nous devons aux familles monoparentales et notamment aux mamans solos, pour dire les choses clairement, qui gal\u00e8rent au quotidien. <strong>Nous allons proposer une plateforme avec des propositions tr\u00e8s concr\u00e8tes pour leur all\u00e9ger un peu la vie\u00a0\u00bb.<\/strong><\/p>\n<p>Johanna Rolland, candidate \u00e0 un 3e mandatJohanna Rolland, candidate \u00e0 un 3e mandat <\/p>\n<p>A droite, des mesures se dessinent aussi : Foulques Chombart de Lauwe promet par exemple d\u2019organiser un r\u00e9f\u00e9rendum local sur la question de la gratuit\u00e9 des transports le week-end. Lui aussi sera sur le terrain ce week-end, il a pr\u00e9vu de tracter sur le march\u00e9 des Dervalli\u00e8res ce samedi matin.<\/p>\n","protected":false},"excerpt":{"rendered":"Publi\u00e9 : 11h58 par H\u00e9l\u00e8ne HAMON A plus de quatre mois des \u00e9lections municipales, la campagne \u00e9lectorale d\u00e9marre&hellip;\n","protected":false},"author":2,"featured_media":549196,"comment_status":"","ping_status":"","sticky":false,"template":"","format":"standard","meta":{"footnotes":""},"categories":[2818],"tags":[1111,11,1777,674,48824,1011,27,6945,3554,766,12,2636,25],"class_list":{"0":"post-549195","1":"post","2":"type-post","3":"status-publish","4":"format-standard","5":"has-post-thumbnail","7":"category-nantes","8":"tag-actu","9":"tag-actualites","10":"tag-eu","11":"tag-europe","12":"tag-foulques-chombart-de-lauwe","13":"tag-fr","14":"tag-france","15":"tag-johanna-rolland","16":"tag-municipales","17":"tag-nantes","18":"tag-news","19":"tag-pays-de-la-loire","20":"tag-republique-francaise"},"share_on_mastodon":{"url":"","error":""},"_links":{"self":[{"href":"https:\/\/www.europesays.com\/fr\/wp-json\/wp\/v2\/posts\/549195","targetHints":{"allow":["GET"]}}],"collection":[{"href":"https:\/\/www.europesays.com\/fr\/wp-json\/wp\/v2\/posts"}],"about":[{"href":"https:\/\/www.europesays.com\/fr\/wp-json\/wp\/v2\/types\/post"}],"author":[{"embeddable":true,"href":"https:\/\/www.europesays.com\/fr\/wp-json\/wp\/v2\/users\/2"}],"replies":[{"embeddable":true,"href":"https:\/\/www.europesays.com\/fr\/wp-json\/wp\/v2\/comments?post=549195"}],"version-history":[{"count":0,"href":"https:\/\/www.europesays.com\/fr\/wp-json\/wp\/v2\/posts\/549195\/revisions"}],"wp:featuredmedia":[{"embeddable":true,"href":"https:\/\/www.europesays.com\/fr\/wp-json\/wp\/v2\/media\/549196"}],"wp:attachment":[{"href":"https:\/\/www.europesays.com\/fr\/wp-json\/wp\/v2\/media?parent=549195"}],"wp:term":[{"taxonomy":"category","embeddable":true,"href":"https:\/\/www.europesays.com\/fr\/wp-json\/wp\/v2\/categories?post=549195"},{"taxonomy":"post_tag","embeddable":true,"href":"https:\/\/www.europesays.com\/fr\/wp-json\/wp\/v2\/tags?post=549195"}],"curies":[{"name":"wp","href":"https:\/\/api.w.org\/{rel}","templated":true}]}}