{"id":549214,"date":"2025-11-21T13:36:18","date_gmt":"2025-11-21T13:36:18","guid":{"rendered":"https:\/\/www.europesays.com\/fr\/549214\/"},"modified":"2025-11-21T13:36:18","modified_gmt":"2025-11-21T13:36:18","slug":"un-savon-a-la-brioche-et-aux-pralines-en-hommage-a-lyon","status":"publish","type":"post","link":"https:\/\/www.europesays.com\/fr\/549214\/","title":{"rendered":"Un savon \u00e0 la brioche et aux pralines en hommage \u00e0 Lyon"},"content":{"rendered":"<p itemprop=\"description\"><strong>Voil\u00e0 plus d\u2019un an que la marque Unbottled est install\u00e9e \u00e0 Lyon, au c\u0153ur de la Presqu\u2019\u00eele.<\/strong><\/p>\n<p style=\"text-align: justify;\">Pour c\u00e9l\u00e9brer les f\u00eates de fin d\u2019ann\u00e9e, la marque de beaut\u00e9 z\u00e9ro plastique lance un savon solide pour le corps au parfum Brioche &amp; Pralines Roses, un clin d\u2019\u0153il \u00e0 notre belle ville de Lyon\u00a0!<\/p>\n<p style=\"text-align: justify;\">En tout, six sp\u00e9cialit\u00e9s p\u00e2tissi\u00e8res locales font leur arriv\u00e9e chez Unbottled, des douceurs issues des villes dans lesquelles la marque <a href=\"https:\/\/www.lyonfemmes.com\/article\/250914\/unbottled-la-marque-de-beaute-zero-plastique-s-installe-a-lyon\" target=\"_blank\" rel=\"noopener\">a ouvert ses propres boutiques.<\/a><\/p>\n<p style=\"text-align: justify;\">On y retrouve ainsi le savon au parfum Tarte Amande &amp; Abricot de Toulouse, le savon Macaron &amp; Pistache en hommage \u00e0 Paris, le parfum Calisson &amp; Melon qui rappelle Aix-en-Provence, le savon lillois Sp\u00e9culoos &amp; Poire, le parfum Cannel\u00e9 &amp; Vanille pour la ville de Bordeaux, et donc le savon lyonnais Brioche &amp; Pralines Roses.\u00a0<\/p>\n<p style=\"text-align: justify;\">Ce dernier a \u00e9t\u00e9 \u00e9labor\u00e9 avec des huiles essentielles, du beurre de karit\u00e9 et de l\u2019huile de noisette. Comptez 9,90\u20ac pour un savon, gliss\u00e9 dans une jolie maisonnette en papier recycl\u00e9, \u00e0 mettre sous le sapin. Ce No\u00ebl va \u00eatre gourmand !<\/p>\n<p style=\"text-align: justify;\"><strong>Unbottled, 52 Rue du Pr\u00e9sident \u00c9douard Herriot, Lyon 2.<\/strong><\/p>\n<blockquote class=\"instagram-media\" style=\"background: #FFF; border: 0; border-radius: 3px; box-shadow: 0 0 1px 0 rgba(0,0,0,0.5),0 1px 10px 0 rgba(0,0,0,0.15); margin: 1px; max-width: 540px; min-width: 326px; padding: 0; width: calc(100% - 2px);\" data-instgrm-captioned=\"\" data-instgrm-permalink=\"https:\/\/www.instagram.com\/p\/DQ8tr_SDO0Z\/?utm_source=ig_embed&amp;utm_campaign=loading\" data-instgrm-version=\"14\"><p>&#13;<br \/>\n&#13;\n<\/p><\/blockquote>\n<p>\t\t  <script async src=\"\/\/www.instagram.com\/embed.js\"><\/script><\/p>\n","protected":false},"excerpt":{"rendered":"Voil\u00e0 plus d\u2019un an que la marque Unbottled est install\u00e9e \u00e0 Lyon, au c\u0153ur de la Presqu\u2019\u00eele. Pour&hellip;\n","protected":false},"author":2,"featured_media":549215,"comment_status":"","ping_status":"","sticky":false,"template":"","format":"standard","meta":{"footnotes":""},"categories":[1889],"tags":[1111,11,2813,2190,2430,1109,251,1112,2811,1777,674,118,1294,4651,1011,27,1922,1110,1114,2428,4903,4902,12,241,316,25,2812,517,800],"class_list":{"0":"post-549214","1":"post","2":"type-post","3":"status-publish","4":"format-standard","5":"has-post-thumbnail","7":"category-lyon","8":"tag-actu","9":"tag-actualites","10":"tag-article","11":"tag-asvel","12":"tag-auvergne-rhone-alpes","13":"tag-breves","14":"tag-culture","15":"tag-depeches","16":"tag-economique","17":"tag-eu","18":"tag-europe","19":"tag-faits-divers","20":"tag-femme","21":"tag-femmes","22":"tag-fr","23":"tag-france","24":"tag-info","25":"tag-informations","26":"tag-infos","27":"tag-lyon","28":"tag-lyonfemme","29":"tag-lyonfemmes","30":"tag-news","31":"tag-ol","32":"tag-politique","33":"tag-republique-francaise","34":"tag-sociale","35":"tag-sport","36":"tag-transports"},"share_on_mastodon":{"url":"https:\/\/pubeurope.com\/@fr\/115587959095420297","error":""},"_links":{"self":[{"href":"https:\/\/www.europesays.com\/fr\/wp-json\/wp\/v2\/posts\/549214","targetHints":{"allow":["GET"]}}],"collection":[{"href":"https:\/\/www.europesays.com\/fr\/wp-json\/wp\/v2\/posts"}],"about":[{"href":"https:\/\/www.europesays.com\/fr\/wp-json\/wp\/v2\/types\/post"}],"author":[{"embeddable":true,"href":"https:\/\/www.europesays.com\/fr\/wp-json\/wp\/v2\/users\/2"}],"replies":[{"embeddable":true,"href":"https:\/\/www.europesays.com\/fr\/wp-json\/wp\/v2\/comments?post=549214"}],"version-history":[{"count":0,"href":"https:\/\/www.europesays.com\/fr\/wp-json\/wp\/v2\/posts\/549214\/revisions"}],"wp:featuredmedia":[{"embeddable":true,"href":"https:\/\/www.europesays.com\/fr\/wp-json\/wp\/v2\/media\/549215"}],"wp:attachment":[{"href":"https:\/\/www.europesays.com\/fr\/wp-json\/wp\/v2\/media?parent=549214"}],"wp:term":[{"taxonomy":"category","embeddable":true,"href":"https:\/\/www.europesays.com\/fr\/wp-json\/wp\/v2\/categories?post=549214"},{"taxonomy":"post_tag","embeddable":true,"href":"https:\/\/www.europesays.com\/fr\/wp-json\/wp\/v2\/tags?post=549214"}],"curies":[{"name":"wp","href":"https:\/\/api.w.org\/{rel}","templated":true}]}}