{"id":549218,"date":"2025-11-21T13:40:23","date_gmt":"2025-11-21T13:40:23","guid":{"rendered":"https:\/\/www.europesays.com\/fr\/549218\/"},"modified":"2025-11-21T13:40:23","modified_gmt":"2025-11-21T13:40:23","slug":"carte-de-la-neige-a-paris-et-sur-une-grande-partie-de-lile-de-france-les-previsions-meteo-pour-ce-week-end","status":"publish","type":"post","link":"https:\/\/www.europesays.com\/fr\/549218\/","title":{"rendered":"CARTE. De la neige \u00e0 Paris et sur une grande partie de l&rsquo;\u00cele-de-France ? Les pr\u00e9visions m\u00e9t\u00e9o pour ce week-end"},"content":{"rendered":"<p>                    Par<br \/>\n        <strong><br \/>\n            <a href=\"https:\/\/actu.fr\/auteur\/thomas-martin\" title=\"Consulter tous les articles de Thomas Martin\" rel=\"nofollow noopener\" target=\"_blank\">Thomas Martin<\/a><br \/>\n                    <\/strong><\/p>\n<p>        Publi\u00e9 le<\/p>\n<p>            21 nov. 2025 \u00e0 14h08        <\/p>\n<p>Les gants et les doudounes seront encore de sortie \u00e0 Paris et dans l\u2019ensemble de l\u2019\u00cele-de-France ce week-end des samedi 22 et dimanche 23 novembre car la <a href=\"https:\/\/actu.fr\/paris\/meteo\" rel=\"nofollow noopener\" target=\"_blank\">m\u00e9t\u00e9o<\/a> annonc\u00e9e devrait encore \u00eatre largement hivernale \u00e0 l\u2019image de ces derniers jours. Selon les pr\u00e9visions de <a href=\"https:\/\/actu.fr\/tag\/meteo-france\" rel=\"nofollow noopener\" target=\"_blank\">M\u00e9t\u00e9o-France<\/a>, qui maintient en <a href=\"https:\/\/actu.fr\/ile-de-france\/paris_75056\/un-air-polaire-arrive-a-paris-et-en-ile-de-france-meteo-france-active-la-vigilance-neige-verglas_63457140.html\" rel=\"nofollow noopener\" target=\"_blank\">vigilance jaune neige-verglas<\/a> toute la r\u00e9gion, y compris Paris, <strong>les temp\u00e9ratures vont reculer et des flocons sont probables<\/strong>.\u00a0<\/p>\n<p>Des chutes de neige \u00e0 partir de 20h ?\u00a0<\/p>\n<p class=\" wall-content\">Samedi, le ciel devrait \u00eatre couvert et faiblement pluvieux d\u00e8s le matin sur la Bretagne. Cette perturbation devrait gagner \u00e0 la mi-journ\u00e9e les Pays-de-Loire et la Normandie. La pluie pourrait parfois \u00eatre pr\u00e9c\u00e9d\u00e9e d\u2019un peu de neige sur les collines normandes.<\/p>\n<p class=\" wall-content\">M\u00e9t\u00e9o-France pr\u00e9voit qu\u2019en soir\u00e9e et d\u00e9but de nuit, ces pr\u00e9cipitations progressent encore vers l\u2019est, plut\u00f4t sous forme de neige des Hauts-de-France \u00e0 l\u2019\u00cele-de-France, au Centre-Val-de-Loire et au Limousin, et sous forme de pluie sur le reste de la Nouvelle-Aquitaine.\u00a0<\/p>\n<p class=\" wall-content\">Sur X, le m\u00e9t\u00e9orologue Guillaume S\u00e9chet confirme qu\u2019il \u00a0\u00bb pourrait neiger sur une grande partie de l\u2019\u00cele-de-France \u00e0 partir de 20h\u00a0\u00bb. Selon les cartes de M\u00e9t\u00e9o-France, la neige devrait concerner l\u2019ensemble de la r\u00e9gion y compris Paris et la petite couronne. \u00ab\u00a0Une couche de 1 \u00e0 2 cm n\u2019est pas exclue avant que la pluie ne prennent le relais, pouvant temporairement \u00eatre vergla\u00e7ante\u00a0\u00bb, rench\u00e9rit le site <a href=\"https:\/\/www.meteo-paris.com\/actualites\/risque-de-neige-et-de-verglas-ce-week-end-quelles-regions-seront-touchees\" rel=\"nofollow noopener\" target=\"_blank\">M\u00e9t\u00e9o Paris<\/a>.\u00a0<\/p>\n<p class=\" wall-content\">\n<p class=\" wall-content\">Ce samedi sera \u00e9galement marqu\u00e9 par des gel\u00e9es matinales g\u00e9n\u00e9ralis\u00e9es et parfois forte avec <a href=\"https:\/\/actu.fr\/meteo\/carte-meteo-jusqu-a-7-degres-brouillards-givrants-ces-villes-d-ile-de-france-ou-il-va-faire-tres-froid_63465655.html\" rel=\"nofollow noopener\" target=\"_blank\">jusqu\u2019\u00e0 -7\u00b0C<\/a>.\u00a0 \u00ab\u00a0On se m\u00e9fiera des ph\u00e9nom\u00e8nes glissants par regel des surfaces humides ou par d\u00e9p\u00f4t de givre sous les brouillards\u00a0\u00bb, pr\u00e9vient M\u00e9t\u00e9o-France, d\u2019autant que des brouillards givrants pourraient compliquer les choses.<\/p>\n<p>    <img   decoding=\"async\" loading=\"lazy\" src=\"https:\/\/www.europesays.com\/fr\/wp-content\/uploads\/2025\/11\/image-40-960x640.png\" alt=\"Il devrait neiger sur quasiment toute l'\u00cele-de-France samedi soir\" width=\"960\" height=\"640\"\/><br \/>\n    Il devrait neiger sur quasiment toute l\u2019\u00cele-de-France samedi soir (\u00a9M\u00e9t\u00e9o-France)<\/p>\n<p class=\" wall-content\">Les temp\u00e9ratures maximales resteront basses puisque l\u2019on ne devrait pas d\u00e9passer les 4\u00b0C samedi avant un redoux assez marqu\u00e9 dimanche qui s\u2019annonce pluvieux. Un retour express en automne\u2026<\/p>\n<p class=\" wall-content\">Personnalisez votre actualit\u00e9 en ajoutant vos villes et m\u00e9dias en favori avec <a href=\"https:\/\/moncompte.actu.fr\" title=\"D\u00e9couvez Mon Actu\" rel=\"nofollow noopener\" data-trk=\"{&quot;cta&quot;:{&quot;action&quot;:&quot;https:\\\/\\\/moncompte.actu.fr&quot;,&quot;category&quot;:&quot;mon compte&quot;,&quot;from&quot;:&quot;article footer&quot;,&quot;name&quot;:&quot;Mon actu&quot;,&quot;type&quot;:&quot;cta&quot;}}\" target=\"_blank\">Mon Actu<\/a>.<\/p>\n","protected":false},"excerpt":{"rendered":"Par Thomas Martin Publi\u00e9 le 21 nov. 2025 \u00e0 14h08 Les gants et les doudounes seront encore de&hellip;\n","protected":false},"author":2,"featured_media":549219,"comment_status":"","ping_status":"","sticky":false,"template":"","format":"standard","meta":{"footnotes":""},"categories":[1592],"tags":[1111,11,1777,674,1011,27,3447,662,2487,2357,10584,12,626,25],"class_list":{"0":"post-549218","1":"post","2":"type-post","3":"status-publish","4":"format-standard","5":"has-post-thumbnail","7":"category-ile-de-france","8":"tag-actu","9":"tag-actualites","10":"tag-eu","11":"tag-europe","12":"tag-fr","13":"tag-france","14":"tag-froid","15":"tag-ile-de-france","16":"tag-meteo","17":"tag-meteo-france","18":"tag-neige","19":"tag-news","20":"tag-paris","21":"tag-republique-francaise"},"share_on_mastodon":{"url":"https:\/\/pubeurope.com\/@fr\/115587975393400501","error":""},"_links":{"self":[{"href":"https:\/\/www.europesays.com\/fr\/wp-json\/wp\/v2\/posts\/549218","targetHints":{"allow":["GET"]}}],"collection":[{"href":"https:\/\/www.europesays.com\/fr\/wp-json\/wp\/v2\/posts"}],"about":[{"href":"https:\/\/www.europesays.com\/fr\/wp-json\/wp\/v2\/types\/post"}],"author":[{"embeddable":true,"href":"https:\/\/www.europesays.com\/fr\/wp-json\/wp\/v2\/users\/2"}],"replies":[{"embeddable":true,"href":"https:\/\/www.europesays.com\/fr\/wp-json\/wp\/v2\/comments?post=549218"}],"version-history":[{"count":0,"href":"https:\/\/www.europesays.com\/fr\/wp-json\/wp\/v2\/posts\/549218\/revisions"}],"wp:featuredmedia":[{"embeddable":true,"href":"https:\/\/www.europesays.com\/fr\/wp-json\/wp\/v2\/media\/549219"}],"wp:attachment":[{"href":"https:\/\/www.europesays.com\/fr\/wp-json\/wp\/v2\/media?parent=549218"}],"wp:term":[{"taxonomy":"category","embeddable":true,"href":"https:\/\/www.europesays.com\/fr\/wp-json\/wp\/v2\/categories?post=549218"},{"taxonomy":"post_tag","embeddable":true,"href":"https:\/\/www.europesays.com\/fr\/wp-json\/wp\/v2\/tags?post=549218"}],"curies":[{"name":"wp","href":"https:\/\/api.w.org\/{rel}","templated":true}]}}