{"id":549224,"date":"2025-11-21T13:43:13","date_gmt":"2025-11-21T13:43:13","guid":{"rendered":"https:\/\/www.europesays.com\/fr\/549224\/"},"modified":"2025-11-21T13:43:13","modified_gmt":"2025-11-21T13:43:13","slug":"george-sand-bientot-au-pantheon-pour-le-150%e1%b5%89-anniversaire","status":"publish","type":"post","link":"https:\/\/www.europesays.com\/fr\/549224\/","title":{"rendered":"George Sand bient\u00f4t au Panth\u00e9on, pour le 150\u1d49 anniversaire"},"content":{"rendered":"<p>\t\t\t\t\t\t\t\t\t\t\t\t\t\t\t\t\t\t\t\t\t\t<img loading=\"lazy\" decoding=\"async\" src=\"https:\/\/www.europesays.com\/fr\/wp-content\/uploads\/2025\/11\/COUV-ARTICLES-1620x1080-26-1024x683.jpg\" class=\"img-fluid\" alt=\"culture George Sand bient\u00f4t au Panth\u00e9on en 2026 ?\" width=\"1024\" height=\"683\"\/><\/p>\n<p>    Save<\/p>\n<p class=\"p1\">2026 marquera <strong>le 150e anniversaire de la mort de George Sand<\/strong>. 60 autrices, toutes membres du Parlement des \u00e9crivaines francophones, appellent \u00e0 son <strong>entr\u00e9e au Panth\u00e9on.<\/strong><\/p>\n<p><strong>D\u2019Amantine Aurore Lucile Dupin de Francueil \u00e0 George Sand<\/strong><\/p>\n<p><img fetchpriority=\"high\" decoding=\"async\" class=\"aligncenter size-large wp-image-217138\" src=\"https:\/\/www.europesays.com\/fr\/wp-content\/uploads\/2025\/11\/COUV-ARTICLES-1620x1080-27-1024x683.jpg\" alt=\"George Sand \u00e9crivaine\" width=\"1024\" height=\"683\"  \/><\/p>\n<p class=\"p1\">George Sand est une figure pionni\u00e8re de la litt\u00e9rature f\u00e9minine : elle incarne <strong>la premi\u00e8re femme du XIX\u1d49 si\u00e8cle \u00e0 vivre de ses \u00e9crits,<\/strong> contemporaine de Victor Hugo, d\u2019Honor\u00e9 de Balzac et d\u2019Alexandre Dumas. <strong>N\u00e9e \u00e0 Paris le 1\u1d49\u02b3 juillet 1804<\/strong> sous le nom d\u2019Amantine Aurore Lucile Dupin de Francueil, c\u2019est pourtant sous<strong> le nom de plume de George Sand<\/strong> que les amateurs de litt\u00e9rature la connaissent. Mais <strong>pourquoi ce pseudonyme<\/strong>, si \u00e9loign\u00e9 de son nom de naissance, \u00e9vocateur de l\u2019aristocratie ?<\/p>\n<p class=\"p1\">En 1830, alors <strong>mari\u00e9e \u00e0 l\u2019\u00e9crivain Jules Sandeau<\/strong>, para\u00eet un roman \u00e9crit \u00e0 quatre mains : Rose et Blanche, ou la Com\u00e9dienne et la Religieuse. L\u2019ouvrage est sign\u00e9 J. Sand, <strong>contraction du pr\u00e9nom Jules et du patronyme Sandeau<\/strong>, \u00e0 une \u00e9poque o\u00f9 l\u2019\u00e9criture est encore largement r\u00e9serv\u00e9e aux hommes. Plus tard, elle garde ce Sand auquel elle ajoute un pr\u00e9nom masculin, George, pour<strong> augmenter ses chances d\u2019\u00eatre publi\u00e9e<\/strong>. Oui, George Sand fait partie de ces <strong>femmes lettr\u00e9es qui ont marqu\u00e9 l\u2019histoire<\/strong> et n\u2019ont pas pouss\u00e9 les portes mais les ont litt\u00e9ralement enfonc\u00e9es.<\/p>\n<p><strong>Pionni\u00e8re de la litt\u00e9rature f\u00e9minine et femme engag\u00e9e\u00a0<\/strong><\/p>\n<p class=\"p1\">D\u2019ailleurs, les usages impos\u00e9s aux femmes de son \u00e9poque ne lui conviennent gu\u00e8re, comme elle le confie dans son ouvrage <strong>Histoire de ma vie.<\/strong> Au diable les robes et les chaussures \u00e0 talons :<strong> la romanci\u00e8re d\u00e9cide d\u2019adopter redingote et pantalon<\/strong>, mettant au go\u00fbt du jour la mode dite masculine pour les femmes.<\/p>\n<p class=\"p1\">Romanci\u00e8re prolifique, libre-penseuse et femme engag\u00e9e, George Sand, \u00e0 la fois journaliste, \u00e9pistoli\u00e8re, dramaturge et critique litt\u00e9raire, <strong>a marqu\u00e9 son temps en incarnant la r\u00e9bellion contre les convenances<\/strong> de son si\u00e8cle et de son sexe.<\/p>\n<p><strong>60 autrices r\u00e9clament l\u2019entr\u00e9e de George Sand au Panth\u00e9on<\/strong><\/p>\n<p><img loading=\"lazy\" decoding=\"async\" class=\"aligncenter size-large wp-image-217139\" src=\"https:\/\/www.europesays.com\/fr\/wp-content\/uploads\/2025\/11\/COUV-ARTICLES-1620x1080-28-1024x683.jpg\" alt=\"George Sand Paris\" width=\"1024\" height=\"683\"  \/><\/p>\n<p class=\"p1\">Et il y a quelques jours, un \u00e9lan litt\u00e9raire puissant s\u2019est lev\u00e9\u2026 Dans une tribune, <strong>soixante autrices r\u00e9clament que George Sand soit enfin honor\u00e9e au Panth\u00e9on<\/strong> en 2026, \u00e0 l\u2019occasion du 150\u1d49 anniversaire de sa disparition. Mais ce n\u2019est pas seulement un hommage qui serait rendu \u00e0 une grande \u00e9crivaine de son temps. Cette entr\u00e9e au Panth\u00e9on repr\u00e9senterait <strong>la reconnaissance d\u2019une femme engag\u00e9e, r\u00e9publicaine, visionnaire<\/strong>, et dont la voix demeure inspirante aujourd\u2019hui encore. <\/p>\n<p class=\"p1\">Via cette tribune, les 60 autrices rappellent combien Sand a incarn\u00e9 les <strong>combats pour la libert\u00e9,<\/strong> que ce soit \u00e0 travers ses romans ou ses articles. Et surtout, \u00f4 combien sa place dans la m\u00e9moire collective m\u00e9rite d\u2019\u00eatre symboliquement salu\u00e9e. Au-del\u00e0 de la litt\u00e9rature, on y voit un acte puissant, une mani\u00e8re de faire dialoguer l\u2019histoire r\u00e9publicaine avec <strong>le g\u00e9nie litt\u00e9raire d\u2019une femme qui ne s\u2019est jamais content\u00e9e de rester dans l\u2019ombre.<\/strong><\/p>\n<p><strong>George Sand : 8e femme \u00e0 entrer au Panth\u00e9on en 2026 ?\u00a0<\/strong><\/p>\n<p class=\"p1\">D\u2019ailleurs, la mobilisation ne s\u2019arr\u00eate pas aux autrices : une cinquantaine de personnalit\u00e9s culturelles ont d\u00e9j\u00e0 apport\u00e9 leur soutien. Et dans le Berry, o\u00f9 Sand a v\u00e9cu, l\u2019\u00e9lan devient presque un mouvement r\u00e9gional. Les \u00e9lus du Cher et de l\u2019Indre se positionnent, des courriers partent vers l\u2019\u00c9lys\u00e9e\u2026 et <strong>une premi\u00e8re commune, Buzan\u00e7ais, a m\u00eame vot\u00e9 \u00e0 l\u2019unanimit\u00e9<\/strong> pour soutenir l\u2019entr\u00e9e de George Sand au Panth\u00e9on. <\/p>\n<p class=\"p1\">Si cette entr\u00e9e au Panth\u00e9on se concr\u00e9tisait, George Sand deviendrait<strong> la 8\u1d49 femme<\/strong> \u00e0 y reposer.<\/p>\n<p>\ud83d\udc49 D\u2019ailleurs, pourquoi ne pas en profiter pour <a href=\"https:\/\/feverup.com\/m\/141593\" rel=\"follow nofollow noopener\" target=\"_blank\" class=\"shortcode-outbound-link\" data-has-ga=\"true\" data-ga-type=\"click\" data-label=\"https:\/\/feverup.com\/m\/141593\" data-action=\"text_cta_0\" data-tracked=\"1\" data-category=\"click_sales\" data-cp_smn_source=\"parissecret\" data-cp_smn_content=\"george-sand-ecrivaine-pantheon-paris\" data-cp_smn_term=\"text_cta_0\"><strong>visiter le Panth\u00e9on<\/strong><\/a>\u00a0et d\u00e9couvrir tous ses secrets ?<\/p>\n","protected":false},"excerpt":{"rendered":"Save 2026 marquera le 150e anniversaire de la mort de George Sand. 60 autrices, toutes membres du Parlement&hellip;\n","protected":false},"author":2,"featured_media":549225,"comment_status":"","ping_status":"","sticky":false,"template":"","format":"standard","meta":{"footnotes":""},"categories":[1888],"tags":[11,1777,674,1011,27,40833,66671,12,626,25],"class_list":{"0":"post-549224","1":"post","2":"type-post","3":"status-publish","4":"format-standard","5":"has-post-thumbnail","7":"category-paris","8":"tag-actualites","9":"tag-eu","10":"tag-europe","11":"tag-fr","12":"tag-france","13":"tag-gallerie-dart-musee","14":"tag-lecture-litterature","15":"tag-news","16":"tag-paris","17":"tag-republique-francaise"},"share_on_mastodon":{"url":"https:\/\/pubeurope.com\/@fr\/115587988094339845","error":""},"_links":{"self":[{"href":"https:\/\/www.europesays.com\/fr\/wp-json\/wp\/v2\/posts\/549224","targetHints":{"allow":["GET"]}}],"collection":[{"href":"https:\/\/www.europesays.com\/fr\/wp-json\/wp\/v2\/posts"}],"about":[{"href":"https:\/\/www.europesays.com\/fr\/wp-json\/wp\/v2\/types\/post"}],"author":[{"embeddable":true,"href":"https:\/\/www.europesays.com\/fr\/wp-json\/wp\/v2\/users\/2"}],"replies":[{"embeddable":true,"href":"https:\/\/www.europesays.com\/fr\/wp-json\/wp\/v2\/comments?post=549224"}],"version-history":[{"count":0,"href":"https:\/\/www.europesays.com\/fr\/wp-json\/wp\/v2\/posts\/549224\/revisions"}],"wp:featuredmedia":[{"embeddable":true,"href":"https:\/\/www.europesays.com\/fr\/wp-json\/wp\/v2\/media\/549225"}],"wp:attachment":[{"href":"https:\/\/www.europesays.com\/fr\/wp-json\/wp\/v2\/media?parent=549224"}],"wp:term":[{"taxonomy":"category","embeddable":true,"href":"https:\/\/www.europesays.com\/fr\/wp-json\/wp\/v2\/categories?post=549224"},{"taxonomy":"post_tag","embeddable":true,"href":"https:\/\/www.europesays.com\/fr\/wp-json\/wp\/v2\/tags?post=549224"}],"curies":[{"name":"wp","href":"https:\/\/api.w.org\/{rel}","templated":true}]}}