{"id":549238,"date":"2025-11-21T13:50:23","date_gmt":"2025-11-21T13:50:23","guid":{"rendered":"https:\/\/www.europesays.com\/fr\/549238\/"},"modified":"2025-11-21T13:50:23","modified_gmt":"2025-11-21T13:50:23","slug":"ski-alpin-coupe-deurope-top-10-a-levi-pour-le-haut-savoyard-auguste-aulnette-qui-poursuit-son-beau-debut-de-saison","status":"publish","type":"post","link":"https:\/\/www.europesays.com\/fr\/549238\/","title":{"rendered":"Ski alpin &#8211; Coupe d&rsquo;Europe. Top 10 \u00e0 Levi pour le Haut-Savoyard Auguste Aulnette qui poursuit son beau d\u00e9but de saison"},"content":{"rendered":"<p>La premi\u00e8re Coupe d&rsquo;Europe avait lieu ce vendredi \u00e0 Levi (Finlande) et a vu s&rsquo;imposer le Su\u00e9dois William Hansson. Auguste Aulnette, premier Bleu du jour, se hisse dans le top 10 et confirme son beau d\u00e9but de saison.\u00a0<\/p>\n<p>La Coupe d&rsquo;Europe a elle aussi repris ses droits ce vendredi. L&rsquo;antichambre de la Coupe du monde entamait sa saison \u00e0 Levi. Et apr\u00e8s un <strong><a href=\"https:\/\/www.ledauphine.com\/skichrono\/2025\/11\/15\/auguste-aulnette-s-offre-un-podium-en-suede\" target=\"_blank\" rel=\"nofollow noopener\">premier podium en course FIS \u00e0 Kaabdalis<\/a><\/strong> (Su\u00e8de) la semaine derni\u00e8re, Auguste Aulnette s&rsquo;est hiss\u00e9 dans le top 10 en Coupe d&rsquo;Europe sur la Black. 16e \u00e0 l&rsquo;issue de la premi\u00e8re manche, le\u00a0Haut-Savoyard a rehauss\u00e9 son niveau en deuxi\u00e8me pour finalement terminer 10e \u00e0 un peu moins de 2 secondes du vainqueur du jour, William Hansson. Le Su\u00e9dois r\u00e9alise le meilleur r\u00e9sultat de sa carri\u00e8re sur le circuit continental.\u00a0<\/p>\n<p>\u00a0<\/p>\n<p>Derri\u00e8re Auguste Aulnette, Baptiste Sambuis a r\u00e9alis\u00e9 lui aussi une tr\u00e8s bonne deuxi\u00e8me manche. Un temps leader, il prend la 13e place. Paul Silvestre termine 21e. Cl\u00e9ment Talayrach est quant \u00e0 lui hors du Top 30 et Jonas Skabar ne\u00a0finit pas la course.<\/p>\n<p>  Cinq Fran\u00e7ais out d\u00e8s la premi\u00e8re manche<\/p>\n<p>Hugo Desgrippes n&rsquo;aura pas su profiter de son exp\u00e9rience avec les grands. D\u00e9j\u00e0 au d\u00e9part ici le week-end dernier pour le <strong><a href=\"https:\/\/www.ledauphine.com\/skichrono\/2025\/11\/16\/levi-clement-noel-dauphin-de-lucas-pinheiro-braathen-les-bleus-places\" target=\"_blank\" rel=\"nofollow noopener\">premier slalom de la saison de Coupe du monde<\/a><\/strong>, le Fran\u00e7ais a mis un peu trop d&rsquo;engagement et est sorti d\u00e8s le haut du trac\u00e9 ce vendredi. Th\u00e9o Lopez, Sacha Dimier Chambet, Gabin Michel et Pierre-Antoine Damevin n&rsquo;ont pas non plus pass\u00e9 la ligne en premi\u00e8re manche.\u00a0<\/p>\n","protected":false},"excerpt":{"rendered":"La premi\u00e8re Coupe d&rsquo;Europe avait lieu ce vendredi \u00e0 Levi (Finlande) et a vu s&rsquo;imposer le Su\u00e9dois William&hellip;\n","protected":false},"author":2,"featured_media":549239,"comment_status":"","ping_status":"","sticky":false,"template":"","format":"standard","meta":{"footnotes":""},"categories":[1586],"tags":[11,1777,674,1011,27,12,25],"class_list":{"0":"post-549238","1":"post","2":"type-post","3":"status-publish","4":"format-standard","5":"has-post-thumbnail","7":"category-europe","8":"tag-actualites","9":"tag-eu","10":"tag-europe","11":"tag-fr","12":"tag-france","13":"tag-news","14":"tag-republique-francaise"},"share_on_mastodon":{"url":"https:\/\/pubeurope.com\/@fr\/115588013886211595","error":""},"_links":{"self":[{"href":"https:\/\/www.europesays.com\/fr\/wp-json\/wp\/v2\/posts\/549238","targetHints":{"allow":["GET"]}}],"collection":[{"href":"https:\/\/www.europesays.com\/fr\/wp-json\/wp\/v2\/posts"}],"about":[{"href":"https:\/\/www.europesays.com\/fr\/wp-json\/wp\/v2\/types\/post"}],"author":[{"embeddable":true,"href":"https:\/\/www.europesays.com\/fr\/wp-json\/wp\/v2\/users\/2"}],"replies":[{"embeddable":true,"href":"https:\/\/www.europesays.com\/fr\/wp-json\/wp\/v2\/comments?post=549238"}],"version-history":[{"count":0,"href":"https:\/\/www.europesays.com\/fr\/wp-json\/wp\/v2\/posts\/549238\/revisions"}],"wp:featuredmedia":[{"embeddable":true,"href":"https:\/\/www.europesays.com\/fr\/wp-json\/wp\/v2\/media\/549239"}],"wp:attachment":[{"href":"https:\/\/www.europesays.com\/fr\/wp-json\/wp\/v2\/media?parent=549238"}],"wp:term":[{"taxonomy":"category","embeddable":true,"href":"https:\/\/www.europesays.com\/fr\/wp-json\/wp\/v2\/categories?post=549238"},{"taxonomy":"post_tag","embeddable":true,"href":"https:\/\/www.europesays.com\/fr\/wp-json\/wp\/v2\/tags?post=549238"}],"curies":[{"name":"wp","href":"https:\/\/api.w.org\/{rel}","templated":true}]}}