{"id":549240,"date":"2025-11-21T13:52:13","date_gmt":"2025-11-21T13:52:13","guid":{"rendered":"https:\/\/www.europesays.com\/fr\/549240\/"},"modified":"2025-11-21T13:52:13","modified_gmt":"2025-11-21T13:52:13","slug":"il-a-eu-un-accident-a-la-maison-quand-cole-palmer-se-fracture-un-orteil-en-se-cognant-le-pied-chez-lui","status":"publish","type":"post","link":"https:\/\/www.europesays.com\/fr\/549240\/","title":{"rendered":"\u00ab\u00a0Il a eu un accident \u00e0 la maison\u00a0\u00bb\u00a0: quand Cole Palmer se fracture\u2026 un orteil en se cognant le pied chez lui"},"content":{"rendered":"<p class=\"paragraph text_align_left lp-f-body-02\">Il y a des blessures plus b\u00eates que d\u2019autres. Celle dont a \u00e9t\u00e9 victime cette semaine l\u2019attaquant de Chelsea <a href=\"https:\/\/www.leparisien.fr\/sports\/football\/football-cole-palmer-star-de-chelsea-fait-trembler-un-domaine-viticole-francais-avec-sa-marque-cold-palmer-22-08-2025-ZHZ3D3QAFFAAPLNUHHOENFI2H4.php\" target=\"_self\" rel=\"nofollow noopener\">Cole Palmer<\/a> en fait certainement partie. Sur le flanc depuis fin septembre en raison d\u2019une blessure \u00e0 l\u2019aine, <a href=\"https:\/\/www.leparisien.fr\/sports\/football\/euro\/espagne-angleterre-la-video-du-but-de-cole-palmer-apres-un-contre-decole-des-three-lions-14-07-2024-XHIKRM5TJ5GEVKZ5OKSTGASXTE.php\" target=\"_self\" rel=\"nofollow noopener\">l\u2019international anglais<\/a> (12 s\u00e9lections) n\u2019a pratiquement pas jou\u00e9 de la saison, apparaissant seulement \u00e0 quatre reprises toutes comp\u00e9titions confondues.<\/p>\n<p class=\"paragraph text_align_left lp-f-body-02\">Le voil\u00e0 d\u00e9sormais forfait pour le d\u00e9placement des Blues \u00e0 Burnley ce samedi, mais \u00e9galement pour les r\u00e9ceptions du <a href=\"https:\/\/www.leparisien.fr\/sports\/football\/ligue-des-champions\/luefa-a-accepte-la-demande-le-fc-barcelone-va-pouvoir-rejouer-au-camp-nou-en-ligue-des-champions-19-11-2025-IFDLEVXRMZHNRKFVWGSSG3KYDA.php\" target=\"_self\" rel=\"nofollow noopener\">FC Barcelone<\/a> mardi en <a href=\"https:\/\/www.leparisien.fr\/sports\/football\/ligue-des-champions\/\" target=\"_self\" rel=\"nofollow noopener\">Ligue des champions<\/a> et d\u2019Arsenal dimanche en Premier League. La raison ? Un accident domestique ayant caus\u00e9 une fracture \u00e0 un orteil. Son entra\u00eeneur, Enzo Maresca, l\u2019a annonc\u00e9 ce vendredi en conf\u00e9rence de presse.<\/p>\n<p class=\"paragraph text_align_left lp-f-body-02\">\u00ab Malheureusement, il a eu un accident \u00e0 la maison \u00bb, a r\u00e9v\u00e9l\u00e9 le technicien italien devant un auditoire quelque peu surpris. \u00ab C\u2019est une fracture (\u2026) La seule chose que nous savons, c\u2019est qu\u2019il ne sera pas disponible cette semaine ni la semaine prochaine \u00bb, a-t-il lanc\u00e9 avant de poursuivre, sourire ironique aux l\u00e8vres.<\/p>\n<p>\u00ab C\u2019est son petit orteil, donc \u00e7a peut \u00eatre douloureux \u00bb<\/p>\n<p class=\"paragraph text_align_left lp-f-body-02\">\u00ab Je me r\u00e9veille plusieurs fois par nuit pour aller aux toilettes, je me cogne la t\u00eate, la jambe\u2026 \u00bb, a racont\u00e9 Maresca. \u00ab \u00c7a peut arriver\u2026 La derni\u00e8re fois que je l\u2019ai vu, c\u2019\u00e9tait hier matin (jeudi), et il n\u2019avait ni chaussettes, ni tongs, ni rien du tout. Je ne sais pas comment il va aujourd\u2019hui. C\u2019\u00e9tait dans les vestiaires. Il ne boitait pas, il avait l\u2019air d\u2019aller bien, mais c\u2019est son petit orteil, donc \u00e7a peut \u00eatre douloureux. \u00bb<\/p>\n<p class=\"paragraph text_align_left lp-f-body-02\"><a href=\"https:\/\/www.leparisien.fr\/sports\/football\/chelsea-brighton-4-2-cole-palmer-entre-dans-lhistoire-de-la-premier-league-avec-un-quadruple-avant-la-mi-temps-28-09-2024-4NEIHHC22BHJJB2TC3UFCDBZFI.php\" target=\"_self\" rel=\"nofollow noopener\">Meilleur joueur de Chelsea<\/a> la saison derni\u00e8re, Palmer avait jou\u00e9 un r\u00f4le majeur dans le sacre de la formation londonienne au Mondial des clubs, acquis <a href=\"https:\/\/www.leparisien.fr\/sports\/football\/coupe-du-monde-des-clubs\/chelsea-psg-3-0-le-feu-dartifice-est-annule-13-07-2025-BFTKWORG65BRRDAYCCLB4PO7PA.php\" target=\"_blank\" rel=\"nofollow noopener\">apr\u00e8s une finale ma\u00eetris\u00e9e face au PSG (3-0)<\/a>, o\u00f9 l\u2019ex-joueur de Manchester City avait <a href=\"https:\/\/www.leparisien.fr\/sports\/football\/coupe-du-monde-des-clubs\/chelsea-psg-les-images-du-double-de-cole-palmer-qui-a-refroidi-les-parisiens-13-07-2025-Q5LKEPJL3RAFBIX7F334AXBX2Q.php\" target=\"_blank\" rel=\"nofollow noopener\">inscrit un doubl\u00e9<\/a>. Une performance de taille ayant permis au gaucher de 23 ans d\u2019int\u00e9grer le top 10 du Ballon d\u2019Or (8e).<\/p>\n<p class=\"paragraph text_align_left lp-f-body-02\">\u00ab L\u2019\u00e9quipe pr\u00e9f\u00e8re quand Cole joue, je me sens beaucoup mieux avec Cole sur le terrain, mais quand il n\u2019y est pas, nous devons trouver des solutions \u00bb, a pr\u00e9cis\u00e9 Maresca durant la conf\u00e9rence de presse du jour. \u00ab Il \u00e9tait tr\u00e8s proche \u00bb d\u2019un retour, a tout de m\u00eame d\u00e9plor\u00e9 le coach des Blues, actuellement troisi\u00e8mes de Premier League \u00e0 six points du leader Arsenal, qui viendra donc \u00e0 Stamford Bridge le week-end prochain.<\/p>\n","protected":false},"excerpt":{"rendered":"Il y a des blessures plus b\u00eates que d\u2019autres. Celle dont a \u00e9t\u00e9 victime cette semaine l\u2019attaquant de&hellip;\n","protected":false},"author":2,"featured_media":549241,"comment_status":"","ping_status":"","sticky":false,"template":"","format":"standard","meta":{"footnotes":""},"categories":[1586],"tags":[11,1777,674,1779,63,1011,27,12,25,60,1778,364],"class_list":{"0":"post-549240","1":"post","2":"type-post","3":"status-publish","4":"format-standard","5":"has-post-thumbnail","7":"category-europe","8":"tag-actualites","9":"tag-eu","10":"tag-europe","11":"tag-european-union","12":"tag-football","13":"tag-fr","14":"tag-france","15":"tag-news","16":"tag-republique-francaise","17":"tag-sports","18":"tag-ue","19":"tag-union-europeenne"},"share_on_mastodon":{"url":"https:\/\/pubeurope.com\/@fr\/115588021938900939","error":""},"_links":{"self":[{"href":"https:\/\/www.europesays.com\/fr\/wp-json\/wp\/v2\/posts\/549240","targetHints":{"allow":["GET"]}}],"collection":[{"href":"https:\/\/www.europesays.com\/fr\/wp-json\/wp\/v2\/posts"}],"about":[{"href":"https:\/\/www.europesays.com\/fr\/wp-json\/wp\/v2\/types\/post"}],"author":[{"embeddable":true,"href":"https:\/\/www.europesays.com\/fr\/wp-json\/wp\/v2\/users\/2"}],"replies":[{"embeddable":true,"href":"https:\/\/www.europesays.com\/fr\/wp-json\/wp\/v2\/comments?post=549240"}],"version-history":[{"count":0,"href":"https:\/\/www.europesays.com\/fr\/wp-json\/wp\/v2\/posts\/549240\/revisions"}],"wp:featuredmedia":[{"embeddable":true,"href":"https:\/\/www.europesays.com\/fr\/wp-json\/wp\/v2\/media\/549241"}],"wp:attachment":[{"href":"https:\/\/www.europesays.com\/fr\/wp-json\/wp\/v2\/media?parent=549240"}],"wp:term":[{"taxonomy":"category","embeddable":true,"href":"https:\/\/www.europesays.com\/fr\/wp-json\/wp\/v2\/categories?post=549240"},{"taxonomy":"post_tag","embeddable":true,"href":"https:\/\/www.europesays.com\/fr\/wp-json\/wp\/v2\/tags?post=549240"}],"curies":[{"name":"wp","href":"https:\/\/api.w.org\/{rel}","templated":true}]}}