{"id":549245,"date":"2025-11-21T13:55:17","date_gmt":"2025-11-21T13:55:17","guid":{"rendered":"https:\/\/www.europesays.com\/fr\/549245\/"},"modified":"2025-11-21T13:55:17","modified_gmt":"2025-11-21T13:55:17","slug":"antoine-louis-tramoni-nomme-directeur-du-developpement-france-et-benelux","status":"publish","type":"post","link":"https:\/\/www.europesays.com\/fr\/549245\/","title":{"rendered":"Antoine Louis-Tramoni nomm\u00e9 Directeur du D\u00e9veloppement France et Benelux"},"content":{"rendered":"<p>\t\t\t\t\t \u00ab Je suis honor\u00e9 de rejoindre Marriott International et de contribuer \u00e0 son d\u00e9veloppement en France et au Benelux. Ces march\u00e9s offrent un potentiel consid\u00e9rable et je suis impatient de travailler aux c\u00f4t\u00e9s d\u2019Alexandra et d\u2019Anahita pour accompagner nos partenaires et renforcer la pr\u00e9sence des marques Marriott dans la r\u00e9gion \u00bb, d\u00e9clare <a class=\"liens\" href=\"https:\/\/www.linkedin.com\/in\/antoine-louis-tramoni-5433207a\/?originalSubdomain=fr\" target=\"_blank\" rel=\"nofollow noopener\">Antoine Louis-Tramoni<\/a>.<\/p>\n<p>\u00ab Nous sommes ravis d\u2019accueillir Antoine au sein de notre \u00e9quipe. Son expertise et son parcours international dans le conseil et la gestion d\u2019actifs h\u00f4teliers seront des atouts pr\u00e9cieux pour soutenir notre strat\u00e9gie de croissance et renforcer nos relations avec les investisseurs dans la r\u00e9gion \u00bb, ajoute <a class=\"liens\" href=\"https:\/\/www.linkedin.com\/in\/alexandra-goguet-668aaa9\/\" target=\"_blank\" rel=\"nofollow noopener\">Alexandra Goguet<\/a>, Vice President Development, France &amp; BeNeLux.&#13;\t\t\t\t\t <\/p>\n<p>Marriott International compte plus de 130 h\u00f4tels en France et au Benelux.\n\t\t\t\t <\/p>\n","protected":false},"excerpt":{"rendered":"\u00ab Je suis honor\u00e9 de rejoindre Marriott International et de contribuer \u00e0 son d\u00e9veloppement en France et au&hellip;\n","protected":false},"author":2,"featured_media":549246,"comment_status":"","ping_status":"","sticky":false,"template":"","format":"standard","meta":{"footnotes":""},"categories":[4],"tags":[11,1011,27,66675,12,25],"class_list":{"0":"post-549245","1":"post","2":"type-post","3":"status-publish","4":"format-standard","5":"has-post-thumbnail","7":"category-france","8":"tag-actualites","9":"tag-fr","10":"tag-france","11":"tag-marriott","12":"tag-news","13":"tag-republique-francaise"},"share_on_mastodon":{"url":"https:\/\/pubeurope.com\/@fr\/115588033593442779","error":""},"_links":{"self":[{"href":"https:\/\/www.europesays.com\/fr\/wp-json\/wp\/v2\/posts\/549245","targetHints":{"allow":["GET"]}}],"collection":[{"href":"https:\/\/www.europesays.com\/fr\/wp-json\/wp\/v2\/posts"}],"about":[{"href":"https:\/\/www.europesays.com\/fr\/wp-json\/wp\/v2\/types\/post"}],"author":[{"embeddable":true,"href":"https:\/\/www.europesays.com\/fr\/wp-json\/wp\/v2\/users\/2"}],"replies":[{"embeddable":true,"href":"https:\/\/www.europesays.com\/fr\/wp-json\/wp\/v2\/comments?post=549245"}],"version-history":[{"count":0,"href":"https:\/\/www.europesays.com\/fr\/wp-json\/wp\/v2\/posts\/549245\/revisions"}],"wp:featuredmedia":[{"embeddable":true,"href":"https:\/\/www.europesays.com\/fr\/wp-json\/wp\/v2\/media\/549246"}],"wp:attachment":[{"href":"https:\/\/www.europesays.com\/fr\/wp-json\/wp\/v2\/media?parent=549245"}],"wp:term":[{"taxonomy":"category","embeddable":true,"href":"https:\/\/www.europesays.com\/fr\/wp-json\/wp\/v2\/categories?post=549245"},{"taxonomy":"post_tag","embeddable":true,"href":"https:\/\/www.europesays.com\/fr\/wp-json\/wp\/v2\/tags?post=549245"}],"curies":[{"name":"wp","href":"https:\/\/api.w.org\/{rel}","templated":true}]}}