{"id":549251,"date":"2025-11-21T14:03:16","date_gmt":"2025-11-21T14:03:16","guid":{"rendered":"https:\/\/www.europesays.com\/fr\/549251\/"},"modified":"2025-11-21T14:03:16","modified_gmt":"2025-11-21T14:03:16","slug":"cyclisme-route-un-coureur-danois-de-la-lotto-va-prendre-sa-retraite-a-29-ans","status":"publish","type":"post","link":"https:\/\/www.europesays.com\/fr\/549251\/","title":{"rendered":"Cyclisme. Route &#8211; Un coureur Danois de la Lotto va prendre sa retraite&#8230; \u00e0 29 ans"},"content":{"rendered":"<p>Malheureusement, \u00e0 seulement 29 ans,<strong> Jonas Gregaard<\/strong> va prendre sa retraite. Le Danois faisait parti de l&rsquo;\u00e9quipe <strong><a href=\"https:\/\/www.cyclismactu.net\/..\/news-route-fusion-lotto-et-intermarche-coureurs-pris-en-otage-selon-cpa-90902.html\" target=\"_blank\" rel=\"noopener\">Lotto<\/a> <\/strong>depuis 2024, il \u00e9tait auparavant pass\u00e9 par <strong>Riwal CeramicSpeed <\/strong>(2016-2018), <strong><a href=\"https:\/\/www.cyclismactu.net\/..\/news-route-alexandre-vinokourov-jr-voila-son-nouveau-role-chez-xds-astana-team-90996.html\" target=\"_blank\" rel=\"noopener\">Astana<\/a> <\/strong>(2019-2021) et <strong>Uno-X <\/strong>(2022-2023). S&rsquo;il n&rsquo;a jamais r\u00e9ussi \u00e0 lever les bras chez les professionnels, <strong>Gregaard <\/strong>a tout de m\u00eame r\u00e9alis\u00e9 une belle carri\u00e8re en participant \u00e0 4 Grands Tours, dont le <strong>Tour de France<\/strong> en 2023, et 5 Monuments.<\/p>\n<p>Vid\u00e9o &#8211; St\u00e9phane heulot \u00e9tait le manager de Gregaard chez Lotto Lire la suite de l&rsquo;article&#13;<\/p>\n<p>\u00a0<\/p>\n<p>&#13;<br \/>\nLe communiqu\u00e9 de Jonas Gregaard&#13;<\/p>\n<p>\u00ab\u00a0Apr\u00e8s de nombreuses ann\u00e9es en tant que cycliste professionnel, j\u2019ai d\u00e9cid\u00e9 qu\u2019il \u00e9tait temps pour moi de m\u2019\u00e9loigner du sport. Ce voyage m\u2019a men\u00e9 \u00e0 travers chaque Grand Tour, sur d\u2019innombrables routes, et m\u2019a offert des moments que je garderai avec moi pour le reste de ma vie. J\u2019ai eu la chance de vivre les hauts et les bas de ce sport aux c\u00f4t\u00e9s de co\u00e9quipiers, membres du staff, coll\u00e8gues et adversaires incroyables, qui m\u2019ont fa\u00e7onn\u00e9 autant en tant qu\u2019athl\u00e8te qu\u2019en tant que personne. \u00c0 mes co\u00e9quipiers, au staff, et \u00e0 tous ceux avec qui j\u2019ai partag\u00e9 un bus d\u2019\u00e9quipe, un camp d\u2019entra\u00eenement, une ascension douloureuse ou un d\u00eener au calme \u2013 merci. Vous avez rendu cette partie de ma vie sp\u00e9ciale.<\/p>\n<p>&#13;<\/p>\n<p>Un remerciement particulier \u00e0 ma famille et \u00e0 mes amis. Votre soutien a \u00e9t\u00e9 la base de tout. Vous avez \u00e9t\u00e9 \u00e0 mes c\u00f4t\u00e9s dans le chaos, le stress, la joie et les peines que ce sport apporte. Je vous en suis infiniment reconnaissant. Choisir de prendre ma retraite n\u2019a pas \u00e9t\u00e9 facile, mais c\u2019est la bonne d\u00e9cision pour de nombreuses raisons. Mon corps et ma sant\u00e9 mentale m\u2019ont dit que le moment \u00e9tait venu \u2013 et j\u2019ai appris \u00e0 quel point il est important d\u2019\u00e9couter cela. Le cyclisme demande tout, et aujourd\u2019hui j\u2019ai besoin de me rendre quelque chose \u00e0 moi-m\u00eame. M\u00eame si je ferme ce chapitre, je suis vraiment enthousiaste pour ce qui vient ensuite. Je suis ouvert aux conversations, aux id\u00e9es et aux opportunit\u00e9s en me tournant vers l\u2019avenir. Si vous souhaitez discuter, explorer des possibilit\u00e9s ou simplement \u00e9changer, je suis toujours ouvert. Merci \u00e0 tous ceux qui ont fait partie de cette aventure. Cela a compt\u00e9 plus que vous ne le pensez.\u00a0\u00bb<\/p>\n","protected":false},"excerpt":{"rendered":"Malheureusement, \u00e0 seulement 29 ans, Jonas Gregaard va prendre sa retraite. Le Danois faisait parti de l&rsquo;\u00e9quipe Lotto&hellip;\n","protected":false},"author":2,"featured_media":549252,"comment_status":"","ping_status":"","sticky":false,"template":"","format":"standard","meta":{"footnotes":""},"categories":[1411],"tags":[1154,207,211,1011,27,209,60,210,212,208,213],"class_list":{"0":"post-549251","1":"post","2":"type-post","3":"status-publish","4":"format-standard","5":"has-post-thumbnail","7":"category-cyclisme","8":"tag-cycling","9":"tag-cyclisme","10":"tag-ffc","11":"tag-fr","12":"tag-france","13":"tag-route","14":"tag-sports","15":"tag-tour-de-france","16":"tag-uci","17":"tag-velo","18":"tag-world-tour"},"share_on_mastodon":{"url":"https:\/\/pubeurope.com\/@fr\/115588065171848158","error":""},"_links":{"self":[{"href":"https:\/\/www.europesays.com\/fr\/wp-json\/wp\/v2\/posts\/549251","targetHints":{"allow":["GET"]}}],"collection":[{"href":"https:\/\/www.europesays.com\/fr\/wp-json\/wp\/v2\/posts"}],"about":[{"href":"https:\/\/www.europesays.com\/fr\/wp-json\/wp\/v2\/types\/post"}],"author":[{"embeddable":true,"href":"https:\/\/www.europesays.com\/fr\/wp-json\/wp\/v2\/users\/2"}],"replies":[{"embeddable":true,"href":"https:\/\/www.europesays.com\/fr\/wp-json\/wp\/v2\/comments?post=549251"}],"version-history":[{"count":0,"href":"https:\/\/www.europesays.com\/fr\/wp-json\/wp\/v2\/posts\/549251\/revisions"}],"wp:featuredmedia":[{"embeddable":true,"href":"https:\/\/www.europesays.com\/fr\/wp-json\/wp\/v2\/media\/549252"}],"wp:attachment":[{"href":"https:\/\/www.europesays.com\/fr\/wp-json\/wp\/v2\/media?parent=549251"}],"wp:term":[{"taxonomy":"category","embeddable":true,"href":"https:\/\/www.europesays.com\/fr\/wp-json\/wp\/v2\/categories?post=549251"},{"taxonomy":"post_tag","embeddable":true,"href":"https:\/\/www.europesays.com\/fr\/wp-json\/wp\/v2\/tags?post=549251"}],"curies":[{"name":"wp","href":"https:\/\/api.w.org\/{rel}","templated":true}]}}