{"id":549255,"date":"2025-11-21T14:05:14","date_gmt":"2025-11-21T14:05:14","guid":{"rendered":"https:\/\/www.europesays.com\/fr\/549255\/"},"modified":"2025-11-21T14:05:14","modified_gmt":"2025-11-21T14:05:14","slug":"sur-france-inter-alexis-le-rossignol-signe-une-chronique-a-charge-contre-la-station-qui-va-faire-grincer-des-dents","status":"publish","type":"post","link":"https:\/\/www.europesays.com\/fr\/549255\/","title":{"rendered":"Sur France Inter, Alexis Le Rossignol signe une chronique \u00e0 charge contre la station qui va faire grincer des dents"},"content":{"rendered":"<p>        <img decoding=\"async\" loading=\"lazy\" src=\"https:\/\/www.europesays.com\/fr\/wp-content\/uploads\/2025\/11\/b87954f_upload-1-u46fhv5ggwqd-capture-d-e-cran-2025-11-21-a-09-44-20.png\"  width=\"728\" height=\"410\" alt=\"Alexis Le Rossignol a sign\u00e9 une chronique au vitriole dans la Grande Matinale de France Inter jeudi 20\u00a0novembre.\"\/>  <\/p>\n<p>Capture d\u2019\u00e9cran \/ France Inter<\/p>\n<p>Alexis Le Rossignol a sign\u00e9 une chronique au vitriole dans la Grande Matinale de France Inter jeudi 20\u00a0novembre.<\/p>\n<p class=\"asset asset-text\">\u00ab\u00a0Il para\u00eet que les humoristes de France Inter ne sont plus ni corrosifs, ni impertinents, ni dr\u00f4les\u00a0\u00bb. Alexis Le Rossignol a prouv\u00e9 tout le contraire dans La Grande Matinale de <a href=\"https:\/\/www.huffingtonpost.fr\/medias\/article\/pour-france-inter-la-rentree-ne-s-est-pas-passee-comme-prevu-d-apres-les-audiences_257104.html\" target=\"_blank\" rel=\"noopener\">France Inter<\/a> jeudi 20\u00a0novembre, avec une chronique \u00e0 charge contre la station, et son employeur. Ancien chroniqueur hebdomadaire de La Bande originale jusqu\u2019en juin\u00a02024, il est ponctuellement de retour \u00e0 l\u2019antenne pour des billets d\u2019humour.<\/p>\n<p class=\"asset asset-text\">\u00ab\u00a0J\u2019aime bien l\u2019id\u00e9e de venir une fois de temps en temps\u00a0: une Grande Matinale, une petite pause. Ou comme moi, \u00e0 l\u2019inverse, une grande pause et une petite matinale\u00a0\u00bb, a-t-il ironis\u00e9 pour commencer, avant de frapper fort sur la radio du service public, point\u00e9e du doigt pour avoir licenci\u00e9 l\u2019humoriste <a href=\"https:\/\/www.huffingtonpost.fr\/medias\/article\/guillaume-meurice-licencie-par-radio-france_235314.html\" target=\"_blank\" rel=\"noopener\">Guillaume Meurice<\/a> en 2024, puis exfiltr\u00e9 l\u2019artiste <a href=\"https:\/\/www.huffingtonpost.fr\/medias\/article\/l-artiste-marie-s-infiltre-exfiltree-de-la-matinale-de-france-inter_256525.html\" target=\"_blank\" rel=\"noopener\">Marie s\u2019infiltre<\/a> apr\u00e8s deux mois de chroniques sans trouver son public.<\/p>\n<p class=\"asset asset-text\">\u00ab\u00a0Si j\u2019\u00e9tais venu hier, je serais arriv\u00e9 sans chronique. J\u2019aurais fait semblant d\u2019avoir un texte, en relisant des feuilles vierges\u00a0? Forc\u00e9ment \u00e7a aurait cr\u00e9\u00e9 un malaise. Vous n\u2019auriez pas ri, les auditeurs non plus. Mais heureusement, sur France Inter, les gens ont l\u2019habitude\u00a0!\u00a0\u00bb, a lanc\u00e9 Alexis Le Rossignol.<\/p>\n<p class=\"asset asset-text\">S\u2019il a cit\u00e9 Lib\u00e9ration pour dire que les humoristes de France Inter ne sont plus \u00ab\u00a0ni corrosifs, ni impertinents, ni dr\u00f4les\u00a0\u00bb, c\u2019est bien en son nom qu\u2019il a surench\u00e9ri \u00ab\u00a0j\u2019en \u00e9coute plein des chroniques et c\u2019est vrai qu\u2019elles ne sont pas toujours dr\u00f4les\u00a0\u00bb. Selon lui, l\u2019\u00e9dito \u00e9conomique du journaliste Dominique Seux est parfois plus comique que certains humoristes choisis par la direction.<\/p>\n<p class=\"asset asset-text\">Sur Instagram, Alexis Le Rossignol a partag\u00e9 le texte int\u00e9gral de sa chronique, y compris les passages qu\u2019il a d\u00fb couper faute de temps.<\/p>\n<p> La lecture de ce contenu est susceptible d\u2019entra\u00eener un d\u00e9p\u00f4t de cookies de la part de l\u2019op\u00e9rateur tiers qui l\u2019h\u00e9berge. Compte-tenu des choix que vous avez exprim\u00e9s en mati\u00e8re de d\u00e9p\u00f4t de cookies, nous avons bloqu\u00e9 l\u2019affichage de ce contenu. Si vous souhaitez y acc\u00e9der, vous devez accepter la cat\u00e9gorie de cookies \u201cContenus tiers\u201d en cliquant sur le bouton ci-dessous. <\/p>\n<p> Lire la Vid\u00e9o        <\/p>\n<p class=\"asset asset-text\">\u00c0 l\u2019antenne, l\u2019humoriste est all\u00e9 jusqu\u2019\u00e0 souligner la \u00ab\u00a0bienveillance\u00a0\u00bb de son employeur et l\u2019absence de pression professionnelle\u00a0: \u00ab\u00a0Tu es humoriste sur France Inter, tu viens, tu lis ton petit papier, \u00e7a ne fait marrer personne, mais personne ne te dit rien. C\u2019est hyperagr\u00e9able au quotidien\u00a0\u00bb, a-t-il d\u00e9velopp\u00e9.<\/p>\n<p>    L\u2019ombre de Guillaume Meurice    <\/p>\n<p class=\"asset asset-text\">Dans sa chronique au vitriol, il a ensuite compar\u00e9 France Inter \u00e0 une poubelle de recyclage\u00a0: \u00ab\u00a0Parfois en spectacle je fais une blague pas dr\u00f4le, je me dis que je vais la jeter\u00a0? Puis je me dis \u201cmais non Alex, garde-la pour France Inter\u00a0!\u201d Et hop, je recycle\u00a0\u00bb, d\u00e9clenchant les fous rires des journalistes en plateau.<\/p>\n<p> La lecture de ce contenu est susceptible d\u2019entra\u00eener un d\u00e9p\u00f4t de cookies de la part de l\u2019op\u00e9rateur tiers qui l\u2019h\u00e9berge. Compte-tenu des choix que vous avez exprim\u00e9s en mati\u00e8re de d\u00e9p\u00f4t de cookies, nous avons bloqu\u00e9 l\u2019affichage de ce contenu. Si vous souhaitez y acc\u00e9der, vous devez accepter la cat\u00e9gorie de cookies \u201cContenus tiers\u201d en cliquant sur le bouton ci-dessous. <\/p>\n<p> Lire la Vid\u00e9o              <\/p>\n<p class=\"asset asset-text\">Et les attaques ne se sont pas arr\u00eat\u00e9es l\u00e0. Sans le dire, il est revenu sur <a href=\"https:\/\/www.huffingtonpost.fr\/medias\/article\/guillaume-meurice-s-adresse-a-france-inter-dans-une-lettre-et-denonce-une-brutalite-de-sa-direction_235360.html\" target=\"_blank\" rel=\"noopener\">l\u2019affaire Guillaume Meurice<\/a>, qui avait fait l\u2019objet d\u2019une plainte de l\u2019Organisation juive europ\u00e9enne pour avoir qualifi\u00e9 <a href=\"https:\/\/www.huffingtonpost.fr\/culture\/article\/guillaume-meurice-sur-france-inter-indignations-apres-sa-chronique-sur-netanyahou-sorte-de-nazi-sans-prepuce_225138.html\" target=\"_blank\" rel=\"noopener\">Benyamin Netanyahou<\/a>, de \u00ab\u00a0nazi mais sans pr\u00e9puce\u00a0\u00bb. La justice avait class\u00e9 la plainte sans suite mais France Inter a licenci\u00e9 l\u2019humoriste pour \u00ab\u00a0faute grave\u00a0\u00bb, d\u00e9clenchant un toll\u00e9.<\/p>\n<p class=\"asset asset-text\">\u00ab\u00a0La semaine derni\u00e8re <a href=\"https:\/\/www.huffingtonpost.fr\/culture\/article\/sur-nova-guillaume-meurice-et-les-humoristes-repondent-a-laurent-nunez-une-preuve-de-travail-bien-fait_257212.html\" target=\"_blank\" rel=\"noopener\">Pierre-Emmanuel Barr\u00e9<\/a> a fait une blague impertinente sur Radio Nova. Bim, le lendemain <a href=\"https:\/\/www.huffingtonpost.fr\/medias\/article\/sur-radio-nova-cette-blague-sur-la-police-n-a-pas-du-tout-faire-rire-laurent-nunez-qui-porte-plainte_257179.html\" target=\"_blank\" rel=\"noopener\">une plainte<\/a> a \u00e9t\u00e9 d\u00e9pos\u00e9e contre lui par le Ministre de l\u2019int\u00e9rieur\u00a0\u00bb, a rappel\u00e9 Alexis Le Rossignol, avant d\u2019ajouter\u00a0: \u00ab\u00a0Heureusement pour lui, il est soutenu par son employeur. Et \u00e7a s\u2019est beau, c\u2019est rare aussi\u00a0\u00bb.<\/p>\n<p class=\"asset asset-text\">Pas frileux, l\u2019humoriste a termin\u00e9 en enfon\u00e7ant le clou\u00a0: \u00ab\u00a0Merde, c\u2019est peut-\u00eatre impertinent ce que je viens de dire, \u00e7a n\u2019a plus sa place sur France Inter, si\u00a0? Allez je file, avant qu\u2019on m\u2019invite \u00e0 le faire. \u00c0 une prochaine peut-\u00eatre\u00a0!\u00a0\u00bb. Pas s\u00fbr qu\u2019il soit r\u00e9invit\u00e9, mais le message est pass\u00e9.<\/p>\n","protected":false},"excerpt":{"rendered":"Capture d\u2019\u00e9cran \/ France Inter Alexis Le Rossignol a sign\u00e9 une chronique au vitriole dans la Grande Matinale&hellip;\n","protected":false},"author":2,"featured_media":549256,"comment_status":"","ping_status":"","sticky":false,"template":"","format":"standard","meta":{"footnotes":""},"categories":[1359],"tags":[251,58,59,1011,27,9102,708,500,973,1825],"class_list":{"0":"post-549255","1":"post","2":"type-post","3":"status-publish","4":"format-standard","5":"has-post-thumbnail","7":"category-people","8":"tag-culture","9":"tag-divertissement","10":"tag-entertainment","11":"tag-fr","12":"tag-france","13":"tag-france-inter","14":"tag-humour","15":"tag-medias","16":"tag-people","17":"tag-radio"},"share_on_mastodon":{"url":"https:\/\/pubeurope.com\/@fr\/115588073713415747","error":""},"_links":{"self":[{"href":"https:\/\/www.europesays.com\/fr\/wp-json\/wp\/v2\/posts\/549255","targetHints":{"allow":["GET"]}}],"collection":[{"href":"https:\/\/www.europesays.com\/fr\/wp-json\/wp\/v2\/posts"}],"about":[{"href":"https:\/\/www.europesays.com\/fr\/wp-json\/wp\/v2\/types\/post"}],"author":[{"embeddable":true,"href":"https:\/\/www.europesays.com\/fr\/wp-json\/wp\/v2\/users\/2"}],"replies":[{"embeddable":true,"href":"https:\/\/www.europesays.com\/fr\/wp-json\/wp\/v2\/comments?post=549255"}],"version-history":[{"count":0,"href":"https:\/\/www.europesays.com\/fr\/wp-json\/wp\/v2\/posts\/549255\/revisions"}],"wp:featuredmedia":[{"embeddable":true,"href":"https:\/\/www.europesays.com\/fr\/wp-json\/wp\/v2\/media\/549256"}],"wp:attachment":[{"href":"https:\/\/www.europesays.com\/fr\/wp-json\/wp\/v2\/media?parent=549255"}],"wp:term":[{"taxonomy":"category","embeddable":true,"href":"https:\/\/www.europesays.com\/fr\/wp-json\/wp\/v2\/categories?post=549255"},{"taxonomy":"post_tag","embeddable":true,"href":"https:\/\/www.europesays.com\/fr\/wp-json\/wp\/v2\/tags?post=549255"}],"curies":[{"name":"wp","href":"https:\/\/api.w.org\/{rel}","templated":true}]}}