{"id":549257,"date":"2025-11-21T14:06:18","date_gmt":"2025-11-21T14:06:18","guid":{"rendered":"https:\/\/www.europesays.com\/fr\/549257\/"},"modified":"2025-11-21T14:06:18","modified_gmt":"2025-11-21T14:06:18","slug":"de-la-betise-humaine-la-statue-de-lastronaute-thomas-pesquet-derobee-au-pied-du-mont-ventoux-dans-le-vaucluse","status":"publish","type":"post","link":"https:\/\/www.europesays.com\/fr\/549257\/","title":{"rendered":"\u00ab\u00a0De la b\u00eatise humaine\u00a0\u00bb: la statue de l&rsquo;astronaute Thomas Pesquet d\u00e9rob\u00e9e au pied du mont Ventoux dans le Vaucluse"},"content":{"rendered":"<p class=\"mb-4 text-lg md:leading-8 break-words\">La statue grandeur nature de l&rsquo;astronaute <a href=\"https:\/\/www.bfmtv.com\/sciences\/bien-sur-que-oui-l-humain-est-alle-sur-la-lune-thomas-pesquet-en-colere-contre-les-manipulateurs_AD-202208310651.html\" rel=\"nofollow noopener\" target=\"_blank\" data-ylk=\"slk:Thomas Pesquet;elm:context_link;itc:0;sec:content-canvas\" class=\"link \">Thomas Pesquet<\/a> a \u00e9t\u00e9 d\u00e9rob\u00e9e sur le sentier Jean-Henri Fabre \u00e0 Beaumont-du-Ventoux (Vaucluse) au cours du week-end du 15 et 16 novembre, soit une semaine apr\u00e8s son installation, rapporte le maire de la commune sur les r\u00e9seaux sociaux et comme il le raconte jeudi 20 novembre aupr\u00e8s d&rsquo;<a href=\"https:\/\/www.francebleu.fr\/infos\/faits-divers-justice\/la-statue-de-thomas-pesquet-au-pied-du-ventoux-a-ete-volee-4363056\" rel=\"nofollow noopener\" target=\"_blank\" data-ylk=\"slk:Ici Vaucluse;elm:context_link;itc:0;sec:content-canvas\" class=\"link \">Ici Vaucluse<\/a>.<\/p>\n<p class=\"mb-4 text-lg md:leading-8 break-words\">Si plusieurs silhouettes, dont celle de la physicienne Marie Curie ou celle de l&rsquo;entomologiste Jean-Henri Fabre, tr\u00f4nent sur le parcours pour rendre hommage aux personnalit\u00e9s ayant contribu\u00e9 \u00e0 l&rsquo;avanc\u00e9e de la science, seule celle de l&rsquo;astronaute fran\u00e7ais a \u00e9t\u00e9 vol\u00e9e.<\/p>\n<p>\u00ab\u00a0B\u00eatise humaine\u00a0\u00bb<\/p>\n<p class=\"mb-4 text-lg md:leading-8 break-words\">Au micro de la radio locale, le maire de Beaumont-du-Ventoux Alain Br\u00e9mond a qualifi\u00e9 le vol de \u00ab\u00a0b\u00eatise humaine\u00a0\u00bb. \u00ab\u00a0C&rsquo;est un truc d&rsquo;1 m 80 \u00e0 1.800 euros. Quelqu&rsquo;un est venu le d\u00e9boulonner. C&rsquo;est l&rsquo;imb\u00e9cilit\u00e9 de quelqu&rsquo;un qui ne respecte pas ce qui est fait pour d\u00e9couvrir le Ventoux\u00a0\u00bb, a d\u00e9plor\u00e9 Alain Br\u00e9mond.<\/p>\n<p class=\"mb-4 text-lg md:leading-8 break-words\">\u00ab\u00a0Pourquoi voler une statue qui est \u00e0 tout le monde? C&rsquo;est de la b\u00eatise humaine dans un monde o\u00f9 personne ne respecte plus quoi que ce soit\u00a0\u00bb, s&rsquo;est interrog\u00e9 le maire de la ville.<\/p>\n<p class=\"mb-4 text-lg md:leading-8 break-words\">Malgr\u00e9 l&rsquo;ultimatum lanc\u00e9 par la municipalit\u00e9 aux voleurs, la statue de Thomas Pesquet n&rsquo;a toujours pas \u00e9t\u00e9 retrouv\u00e9e. Les outils ayant servi au d\u00e9montage de l&rsquo;\u00e9difice ont \u00e9t\u00e9 remis \u00e0 la gendarmerie et une plainte a \u00e9t\u00e9 d\u00e9pos\u00e9e par la mairie.<\/p>\n<p class=\"mb-4 text-lg md:leading-8 break-words\"><a href=\"https:\/\/www.bfmtv.com\/police-justice\/de-la-betise-humaine-la-statue-de-l-astronaute-thomas-pesquet-derobee-au-pied-du-mont-ventoux-dans-le-vaucluse_AN-202511210384.html#xtor=AL-68\" rel=\"nofollow noopener\" target=\"_blank\" data-ylk=\"slk:Article original publi\u00e9 sur BFMTV.com;elm:context_link;itc:0;sec:content-canvas\" class=\"link \">Article original publi\u00e9 sur BFMTV.com<\/a><\/p>\n","protected":false},"excerpt":{"rendered":"La statue grandeur nature de l&rsquo;astronaute Thomas Pesquet a \u00e9t\u00e9 d\u00e9rob\u00e9e sur le sentier Jean-Henri Fabre \u00e0 Beaumont-du-Ventoux&hellip;\n","protected":false},"author":2,"featured_media":549258,"comment_status":"","ping_status":"","sticky":false,"template":"","format":"standard","meta":{"footnotes":""},"categories":[1358],"tags":[1348,1384,1385,66678,66677,1386,58,59,1011,27,66676,11600,7470],"class_list":{"0":"post-549257","1":"post","2":"type-post","3":"status-publish","4":"format-standard","5":"has-post-thumbnail","7":"category-arts-et-design","8":"tag-arts","9":"tag-arts-and-design","10":"tag-arts-et-design","11":"tag-beaumont-du-ventoux","12":"tag-betise-humaine","13":"tag-design","14":"tag-divertissement","15":"tag-entertainment","16":"tag-fr","17":"tag-france","18":"tag-jean-henri-fabre","19":"tag-statue","20":"tag-thomas-pesquet"},"share_on_mastodon":{"url":"https:\/\/pubeurope.com\/@fr\/115588076879517467","error":""},"_links":{"self":[{"href":"https:\/\/www.europesays.com\/fr\/wp-json\/wp\/v2\/posts\/549257","targetHints":{"allow":["GET"]}}],"collection":[{"href":"https:\/\/www.europesays.com\/fr\/wp-json\/wp\/v2\/posts"}],"about":[{"href":"https:\/\/www.europesays.com\/fr\/wp-json\/wp\/v2\/types\/post"}],"author":[{"embeddable":true,"href":"https:\/\/www.europesays.com\/fr\/wp-json\/wp\/v2\/users\/2"}],"replies":[{"embeddable":true,"href":"https:\/\/www.europesays.com\/fr\/wp-json\/wp\/v2\/comments?post=549257"}],"version-history":[{"count":0,"href":"https:\/\/www.europesays.com\/fr\/wp-json\/wp\/v2\/posts\/549257\/revisions"}],"wp:featuredmedia":[{"embeddable":true,"href":"https:\/\/www.europesays.com\/fr\/wp-json\/wp\/v2\/media\/549258"}],"wp:attachment":[{"href":"https:\/\/www.europesays.com\/fr\/wp-json\/wp\/v2\/media?parent=549257"}],"wp:term":[{"taxonomy":"category","embeddable":true,"href":"https:\/\/www.europesays.com\/fr\/wp-json\/wp\/v2\/categories?post=549257"},{"taxonomy":"post_tag","embeddable":true,"href":"https:\/\/www.europesays.com\/fr\/wp-json\/wp\/v2\/tags?post=549257"}],"curies":[{"name":"wp","href":"https:\/\/api.w.org\/{rel}","templated":true}]}}