{"id":549275,"date":"2025-11-21T14:17:23","date_gmt":"2025-11-21T14:17:23","guid":{"rendered":"https:\/\/www.europesays.com\/fr\/549275\/"},"modified":"2025-11-21T14:17:23","modified_gmt":"2025-11-21T14:17:23","slug":"la-croix-rouge-annonce-une-reduction-de-17-de-son-budget-2900-postes-supprimes","status":"publish","type":"post","link":"https:\/\/www.europesays.com\/fr\/549275\/","title":{"rendered":"La Croix-Rouge annonce une r\u00e9duction de 17% de son budget, 2900 postes supprim\u00e9s"},"content":{"rendered":"<p>\n    Ces coupes budg\u00e9taires sont une r\u00e9ponse \u00e0 la baisse des contributions des donateurs pour l\u2019aide humanitaire, alors m\u00eame que le nombre de conflits augmente dans le monde, d\u00e9plore le Comit\u00e9 international de la Croix-Rouge (CICR).<\/p>\n<p class=\"fig-paragraph\">Le\u00a0<a href=\"http:\/\/www.lefigaro.fr\/international\/guerre-en-ukraine-le-comite-international-de-la-croix-rouge-enquete-sur-le-sort-de-23-000-disparus-20240219\" data-fig-type=\"NewsFlash\" data-gtm-custom-categorie=\"navigation\" data-gtm-custom-action=\"crossclick\" data-gtm-custom-label=\"Contextuel\" data-gtm-event=\"customEventSPE\" data-fig-domain=\"LEFIGARO\" target=\"_blank\" rel=\"noopener\">Comit\u00e9 international de la Croix-Rouge<\/a>\u00a0(CICR) a annonc\u00e9 vendredi une r\u00e9duction de 17% de son budget pour 2026 et la suppression de 2900 postes, en raison des coupes budg\u00e9taires dans l&rsquo;aide internationale. \u00abLe CICR reste d\u00e9termin\u00e9 \u00e0 intervenir en premi\u00e8re ligne des conflits, l\u00e0 o\u00f9 peu d&rsquo;autres organisations peuvent op\u00e9rer. Mais la r\u00e9alit\u00e9 financi\u00e8re nous oblige \u00e0 prendre des d\u00e9cisions difficiles, afin de pouvoir continuer \u00e0 fournir une aide humanitaire vitale \u00e0 ceux qui en ont le plus besoin\u00bb, a d\u00e9clar\u00e9 la pr\u00e9sidente du CICR, Mirjana Spoljaric, dans un communiqu\u00e9.<\/p>\n<p class=\"fig-paragraph\">L\u2019Assembl\u00e9e du CICR, organe supr\u00eame de gouvernance de l\u2019organisation compos\u00e9 uniquement de repr\u00e9sentants suisses, a approuv\u00e9 vendredi un budget 2026 en baisse de 17% sur un an, \u00e0 hauteur de 1,8 milliard de francs suisses (plus d\u20191,9 milliard d\u2019euros). La baisse du budget du CICR, qui entend prioriser davantage ses activit\u00e9s, se traduit aussi par une r\u00e9duction d\u2019environ 2900 postes (\u00e9quivalents temps plein) dans l\u2019ensemble de l\u2019organisation, qui compte plus de 18.000 collaborateurs \u00e0 travers le monde.<\/p>\n<p>                                    <a class=\"fig-a11y-skip a11y-hidden\" href=\"#fig-a11y-skip-main-inarticle\"><br \/>\n        Passer la publicit\u00e9<br \/>\n    <\/a><\/p>\n<p class=\"fig-paragraph\">Environ un tiers des r\u00e9ductions de postes se fera avec des d\u00e9parts volontaires et le non-remplacement de postes vacants. Ces coupes budg\u00e9taires sont une r\u00e9ponse \u00e0 la baisse des contributions des donateurs pour l\u2019aide humanitaire, alors m\u00eame que le nombre de conflits augmente dans le monde, d\u00e9plore le CICR.<\/p>\n<p>De nombreuses agences de l\u2019ONU sont aussi forc\u00e9es de supprimer des milliers d\u2019emplois<\/p>\n<p class=\"fig-paragraph\">\u00abAlors que les budgets de d\u00e9fense augmentent fortement, les \u00c9tats doivent \u00e9galement consacrer davantage d\u2019efforts et de ressources \u00e0 la pr\u00e9vention des conflits, au respect des r\u00e8gles de la guerre et \u00e0 l\u2019aide humanitaire\u00bb, a soulign\u00e9 Mirjana Spoljaric. \u00abNe pas le faire risquerait d\u2019entra\u00eener encore plus de souffrances dans le monde\u00bb, a-t-elle averti.<\/p>\n<p class=\"fig-paragraph\">L\u2019organisation bas\u00e9e \u00e0\u00a0<a href=\"http:\/\/www.lefigaro.fr\/international\/travailleurs-frontaliers-en-suisse-ou-vivre-cote-francais-pres-de-geneve-lausanne-ou-bale-20251004\" data-fig-type=\"Article\" data-gtm-custom-categorie=\"navigation\" data-gtm-custom-action=\"crossclick\" data-gtm-custom-label=\"Contextuel\" data-gtm-event=\"customEventSPE\" data-fig-domain=\"LEFIGARO\" target=\"_blank\" rel=\"noopener\">Gen\u00e8ve<\/a>\u00a0se dit d\u00e9termin\u00e9e \u00e0 prot\u00e9ger et aider les personnes touch\u00e9es par les conflits arm\u00e9s. Pour ce faire, elle entend prendre des mesures \u00abvisant \u00e0 am\u00e9liorer son efficacit\u00e9, \u00e0 rationaliser ses op\u00e9rations et \u00e0 diversifier sa base de donateurs\u00bb.<\/p>\n<p class=\"fig-paragraph\">Sur son site internet, le CICR indique que ses principaux donateurs actuels sont les gouvernements, leurs contributions couvrant pr\u00e8s de 82% du budget, en moyenne, ces cinq derni\u00e8res ann\u00e9es. De nombreuses agences de\u00a0<a href=\"http:\/\/www.lefigaro.fr\/flash-actu\/les-chretiens-sont-pris-pour-cible-a-l-onu-nicki-minaj-rejoint-la-prise-de-position-de-donald-trump-sur-la-situation-au-nigeria-20251119\" data-fig-type=\"NewsFlash\" data-gtm-custom-categorie=\"navigation\" data-gtm-custom-action=\"crossclick\" data-gtm-custom-label=\"Contextuel\" data-gtm-event=\"customEventSPE\" data-fig-domain=\"LEFIGARO\" target=\"_blank\" rel=\"noopener\">l\u2019ONU<\/a>\u00a0sont aussi forc\u00e9es de supprimer des milliers d\u2019emplois dans le monde et \u00e0 Gen\u00e8ve, et revoir leurs ambitions \u00e0 la baisse, face \u00e0 la diminution brutale des financements. Une transition douloureuse par laquelle le CICR avait d\u00e9j\u00e0 \u00e9t\u00e9 forc\u00e9 de passer en 2023-2024, avec 4500 postes supprim\u00e9s dans le monde.<\/p>\n","protected":false},"excerpt":{"rendered":"Ces coupes budg\u00e9taires sont une r\u00e9ponse \u00e0 la baisse des contributions des donateurs pour l\u2019aide humanitaire, alors m\u00eame&hellip;\n","protected":false},"author":2,"featured_media":549276,"comment_status":"","ping_status":"","sticky":false,"template":"","format":"standard","meta":{"footnotes":""},"categories":[5],"tags":[11,1003,19056,1011,27,14,12,28],"class_list":{"0":"post-549275","1":"post","2":"type-post","3":"status-publish","4":"format-standard","5":"has-post-thumbnail","7":"category-international","8":"tag-actualites","9":"tag-budget","10":"tag-croix-rouge","11":"tag-fr","12":"tag-france","13":"tag-international","14":"tag-news","15":"tag-world"},"share_on_mastodon":{"url":"https:\/\/pubeurope.com\/@fr\/115588120190682765","error":""},"_links":{"self":[{"href":"https:\/\/www.europesays.com\/fr\/wp-json\/wp\/v2\/posts\/549275","targetHints":{"allow":["GET"]}}],"collection":[{"href":"https:\/\/www.europesays.com\/fr\/wp-json\/wp\/v2\/posts"}],"about":[{"href":"https:\/\/www.europesays.com\/fr\/wp-json\/wp\/v2\/types\/post"}],"author":[{"embeddable":true,"href":"https:\/\/www.europesays.com\/fr\/wp-json\/wp\/v2\/users\/2"}],"replies":[{"embeddable":true,"href":"https:\/\/www.europesays.com\/fr\/wp-json\/wp\/v2\/comments?post=549275"}],"version-history":[{"count":0,"href":"https:\/\/www.europesays.com\/fr\/wp-json\/wp\/v2\/posts\/549275\/revisions"}],"wp:featuredmedia":[{"embeddable":true,"href":"https:\/\/www.europesays.com\/fr\/wp-json\/wp\/v2\/media\/549276"}],"wp:attachment":[{"href":"https:\/\/www.europesays.com\/fr\/wp-json\/wp\/v2\/media?parent=549275"}],"wp:term":[{"taxonomy":"category","embeddable":true,"href":"https:\/\/www.europesays.com\/fr\/wp-json\/wp\/v2\/categories?post=549275"},{"taxonomy":"post_tag","embeddable":true,"href":"https:\/\/www.europesays.com\/fr\/wp-json\/wp\/v2\/tags?post=549275"}],"curies":[{"name":"wp","href":"https:\/\/api.w.org\/{rel}","templated":true}]}}