{"id":549277,"date":"2025-11-21T14:18:14","date_gmt":"2025-11-21T14:18:14","guid":{"rendered":"https:\/\/www.europesays.com\/fr\/549277\/"},"modified":"2025-11-21T14:18:14","modified_gmt":"2025-11-21T14:18:14","slug":"nicolas-sarkozy-annonce-la-sortie-dun-nouveau-livre-le-journal-dun-prisonnier-11-jours-apres-sa-sortie-de-prison","status":"publish","type":"post","link":"https:\/\/www.europesays.com\/fr\/549277\/","title":{"rendered":"Nicolas Sarkozy annonce la sortie d\u2019un nouveau livre, Le journal d\u2019un prisonnier, 11 jours apr\u00e8s sa sortie de prison"},"content":{"rendered":"<p>\n    L\u2019ancien chef de l\u2019\u00c9tat, incarc\u00e9r\u00e9 trois semaines \u00e0 la prison de la Sant\u00e9, a annonc\u00e9 sortir un livre intitul\u00e9 Le journal d\u2019un prisonnier. Il sera en librairie le 10 d\u00e9cembre.<\/p>\n<p class=\"fig-paragraph\"><a href=\"http:\/\/www.lefigaro.fr\/actualite-france\/affaire-du-financement-libyen-nicolas-sarkozy-sera-juge-en-appel-du-16-mars-au-3-juin-20251113\" data-fig-type=\"NewsFlash\" data-gtm-custom-categorie=\"navigation\" data-gtm-custom-action=\"crossclick\" data-gtm-custom-label=\"Contextuel\" data-gtm-event=\"customEventSPE\" data-fig-domain=\"LEFIGARO\" target=\"_blank\" rel=\"noopener\">Nicolas Sarkozy<\/a>\u00a0a annonc\u00e9 vendredi la sortie le 10 d\u00e9cembre d\u2019un livre, Le journal d\u2019un prisonnier, aux \u00e9ditions Fayard, dans un message publi\u00e9 sur X.<\/p>\n<p class=\"fig-paragraph\">\u00abEn prison, il n\u2019y a rien \u00e0 voir, et rien \u00e0 faire. J\u2019oublie le silence qui n\u2019existe pas \u00e0 la Sant\u00e9 o\u00f9 il y a beaucoup \u00e0 entendre. Le bruit y est h\u00e9las constant. \u00c0 l\u2019image du d\u00e9sert, la vie int\u00e9rieure se fortifie en prison\u00bb, \u00e9crit l\u2019ancien pr\u00e9sident, incarc\u00e9r\u00e9 durant trois semaines \u00e0\u00a0<a href=\"http:\/\/www.lefigaro.fr\/actualite-france\/nicolas-sarkozy-libere-les-images-de-sa-sortie-de-la-prison-de-la-sante-20251110\" data-fig-type=\"NewsFlash\" data-gtm-custom-categorie=\"navigation\" data-gtm-custom-action=\"crossclick\" data-gtm-custom-label=\"Contextuel\" data-gtm-event=\"customEventSPE\" data-fig-domain=\"LEFIGARO\" target=\"_blank\" rel=\"noopener\">la prison de la Sant\u00e9<\/a>.<\/p>\n<p>                                    <a class=\"fig-a11y-skip a11y-hidden\" href=\"#fig-a11y-skip-main-inarticle\"><br \/>\n        Passer la publicit\u00e9<br \/>\n    <\/a><\/p>\n<p class=\"fig-paragraph\">Le 25 septembre, Nicolas Sarkozy, aujourd\u2019hui \u00e2g\u00e9 de 70 ans, a \u00e9t\u00e9 condamn\u00e9 en premi\u00e8re instance \u00e0 cinq ans de prison avec mandat de d\u00e9p\u00f4t assorti d\u2019une ex\u00e9cution provisoire pour association de malfaiteurs, et \u00e0 une amende de 100.000 euros. Il a aussit\u00f4t fait appel et sera jug\u00e9 \u00e0 nouveau du 16 mars au 3 juin par la cour d\u2019appel de Paris.<\/p>\n","protected":false},"excerpt":{"rendered":"L\u2019ancien chef de l\u2019\u00c9tat, incarc\u00e9r\u00e9 trois semaines \u00e0 la prison de la Sant\u00e9, a annonc\u00e9 sortir un livre&hellip;\n","protected":false},"author":2,"featured_media":549278,"comment_status":"","ping_status":"","sticky":false,"template":"","format":"standard","meta":{"footnotes":""},"categories":[4],"tags":[11,1011,27,12,3091,806,25],"class_list":{"0":"post-549277","1":"post","2":"type-post","3":"status-publish","4":"format-standard","5":"has-post-thumbnail","7":"category-france","8":"tag-actualites","9":"tag-fr","10":"tag-france","11":"tag-news","12":"tag-nicolas-sarkozy","13":"tag-prison","14":"tag-republique-francaise"},"share_on_mastodon":{"url":"https:\/\/pubeurope.com\/@fr\/115588124260231402","error":""},"_links":{"self":[{"href":"https:\/\/www.europesays.com\/fr\/wp-json\/wp\/v2\/posts\/549277","targetHints":{"allow":["GET"]}}],"collection":[{"href":"https:\/\/www.europesays.com\/fr\/wp-json\/wp\/v2\/posts"}],"about":[{"href":"https:\/\/www.europesays.com\/fr\/wp-json\/wp\/v2\/types\/post"}],"author":[{"embeddable":true,"href":"https:\/\/www.europesays.com\/fr\/wp-json\/wp\/v2\/users\/2"}],"replies":[{"embeddable":true,"href":"https:\/\/www.europesays.com\/fr\/wp-json\/wp\/v2\/comments?post=549277"}],"version-history":[{"count":0,"href":"https:\/\/www.europesays.com\/fr\/wp-json\/wp\/v2\/posts\/549277\/revisions"}],"wp:featuredmedia":[{"embeddable":true,"href":"https:\/\/www.europesays.com\/fr\/wp-json\/wp\/v2\/media\/549278"}],"wp:attachment":[{"href":"https:\/\/www.europesays.com\/fr\/wp-json\/wp\/v2\/media?parent=549277"}],"wp:term":[{"taxonomy":"category","embeddable":true,"href":"https:\/\/www.europesays.com\/fr\/wp-json\/wp\/v2\/categories?post=549277"},{"taxonomy":"post_tag","embeddable":true,"href":"https:\/\/www.europesays.com\/fr\/wp-json\/wp\/v2\/tags?post=549277"}],"curies":[{"name":"wp","href":"https:\/\/api.w.org\/{rel}","templated":true}]}}