{"id":549279,"date":"2025-11-21T14:19:21","date_gmt":"2025-11-21T14:19:21","guid":{"rendered":"https:\/\/www.europesays.com\/fr\/549279\/"},"modified":"2025-11-21T14:19:21","modified_gmt":"2025-11-21T14:19:21","slug":"lambiance-etait-pesante-a-rennes-les-enseignants-unis-autour-de-leur-collegue-victime-de-menaces-de-mort","status":"publish","type":"post","link":"https:\/\/www.europesays.com\/fr\/549279\/","title":{"rendered":"\u00ab\u00a0L\u2019ambiance \u00e9tait pesante\u00a0\u00bb\u2026 A Rennes, les enseignants unis autour de leur coll\u00e8gue victime de menaces de mort"},"content":{"rendered":"<p>Il n\u2019y avait pas classe ce vendredi 21\u00a0novembre \u00e0 l\u2019\u00e9cole Cl\u00f4teaux. Situ\u00e9 dans le quartier Br\u00e9quigny, ce petit groupe scolaire a connu une inhabituelle agitation, cons\u00e9quence des r\u00e9v\u00e9lations de menaces de mort visant l\u2019un des enseignants. L\u2019emballement m\u00e9diatique est perceptible. Des cam\u00e9ras de t\u00e9l\u00e9vision, des photographes, des journalistes qu\u2019on n\u2019a pas l\u2019habitude de voir \u00e0 Rennes. Mais aussi des parents d\u2019\u00e9l\u00e8ves et quelques enfants qui courent, amus\u00e9s de voir une telle agitation. La situation est pourtant grave.<\/p>\n<p>Le 10 octobre, un professeur des \u00e9coles de maternelle a re\u00e7u les parents d\u2019une fillette scolaris\u00e9e dans sa classe. <a href=\"https:\/\/www.20minutes.fr\/faits_divers\/faits-divers-rennes\/4186568-20251119-rennes-parents-refusent-homme-enseigne-fille-menacent-mort-ecole-met-greve\" class=\"c-link c-link--is-underlined\" target=\"_blank\" rel=\"noopener\">Refusant que son enfant ait un enseignant de sexe masculin<\/a>, la famille demandait que son enfant change de classe, ce que le directeur avait refus\u00e9. A l\u2019issue de cet entretien houleux, les parents auraient alors menac\u00e9 de mort l\u2019enseignant, affirmant qu\u2019ils ne \u00ab\u00a0craignaient pas de faire vingt-cinq ans de prison\u00a0\u00bb si leur fille rapportait le moindre fait. <\/p>\n<p>Les enseignants se mettent en gr\u00e8ve<\/p>\n<p>Depuis cette date, l\u2019enseignant vis\u00e9 est arr\u00eat\u00e9. Une plainte a \u00e9t\u00e9 d\u00e9pos\u00e9e et le rectorat a \u00e9t\u00e9 avis\u00e9. Mais peu de choses ont avanc\u00e9. Face \u00e0 ce silence, les enseignants <a href=\"https:\/\/www.20minutes.fr\/societe\/4186863-20251120-rennes-ecole-supermarche-repond-ministre-parents-refusent-enseignant-homme\" class=\"c-link c-link--is-underlined\" target=\"_blank\" rel=\"noopener\">ont d\u00e9cid\u00e9 de se mettre en gr\u00e8ve ce vendredi<\/a>.<\/p>\n<\/p>\n<p>Devant l\u2019\u00e9cole, tous les professeurs de l\u2019\u00e9cole sont l\u00e0. Des instits venus d\u2019autres groupes scolaires sont \u00e9galement pr\u00e9sentes, en soutien au directeur menac\u00e9. \u00ab\u00a0C\u2019est vrai qu\u2019on est touch\u00e9s par cet \u00e9lan de solidarit\u00e9. Mais on se dit aussi que c\u2019est dommage qu\u2019il faille en arriver l\u00e0 pour que les choses bougent\u00a0\u00bb, confie une enseignante de Cl\u00f4teaux. Elle, comme tous les autres, pr\u00e9f\u00e8re rester anonyme pour t\u00e9moigner de <a href=\"https:\/\/www.20minutes.fr\/societe\/4177588-20251007-education-nationale-etude-ocde-pointe-mal-etre-enseignants-francais\" class=\"c-link c-link--is-underlined\" target=\"_blank\" rel=\"noopener\">ce mal-\u00eatre qui anime l\u2019\u00e9quipe depuis plus d\u2019un mois<\/a>. \u00ab\u00a0L\u2019ambiance \u00e9tait tellement pesante depuis les faits. On n\u2019avait pas go\u00fbt \u00e0 faire notre travail. On \u00e9tait inquiet pour notre coll\u00e8gue\u00a0\u00bb, reconna\u00eet une autre professeure de l\u2019\u00e9cole.<\/p>\n<p>Depuis cette altercation, l\u2019\u00e9quipe enseignante a formul\u00e9 une demande a priori assez simple\u00a0: que l\u2019enfant et sa famille changent d\u2019\u00e9cole. \u00ab\u00a0J\u2019ai le sentiment qu\u2019on ne peut plus travailler avec eux. Le lien a \u00e9t\u00e9 rompu. Ce n\u2019est plus possible\u00a0\u00bb, reconna\u00eet un instituteur de Cl\u00f4teaux.<\/p>\n<p>La r\u00e9glementation ne permet pas le changement d\u2019\u00e9cole<\/p>\n<p>Selon nos informations, la famille a \u00e9t\u00e9 re\u00e7ue jeudi par la direction acad\u00e9mique, qui a entam\u00e9 une m\u00e9diation. Le probl\u00e8me, c\u2019est que les textes de loi ne permettent pas de changer un enfant d\u2019\u00e9cole si ses parents posent probl\u00e8me. La possibilit\u00e9 est ouverte seulement si l\u2019attitude de l\u2019enfant pr\u00e9sente des difficult\u00e9s. \u00ab\u00a0Cette r\u00e9glementation doit bouger. Ce n\u2019est plus possible\u00a0\u00bb, souffle une professeure de l\u2019\u00e9cole Jacques Pr\u00e9vert, situ\u00e9e tout pr\u00e8s.<\/p>\n<p><img decoding=\"async\" alt=\"Un enseignant de l'\u00e9cole Cl\u00f4teaux, \u00e0 Rennes, a \u00e9t\u00e9 victime de menaces de mort par des parents refusant que leur fille ait un professeur homme\" class=\"c-img\" loading=\"lazy\" fetchpriority=\"auto\" width=\"718\"  src=\"https:\/\/img.20mn.fr\/2HxO-wWSQdedxdScqyqjIyk\/718x0\" \/>Un enseignant de l&rsquo;\u00e9cole Cl\u00f4teaux, \u00e0 Rennes, a \u00e9t\u00e9 victime de menaces de mort par des parents refusant que leur fille ait un professeur homme\u2002-\u00a0C. Allain\/20 Minutes<\/p>\n<p>Ce vendredi, tous ses enseignants sont gr\u00e9vistes. \u00ab\u00a0Parce que ces situations, on y est confront\u00e9s tous les jours. Des agressions verbales, on en subit de plus en plus. Mais bien souvent, on ne dit rien. On essaie de composer avec, pour ne pas faire de vague. Parce que les parents, on va les revoir le lendemain, et puis le surlendemain. On a banalis\u00e9 ces agressions. Mais l\u00e0, il y a un vrai ras-le-bol.\u00a0\u00bb<\/p>\n<blockquote class=\"twitter-tweet\" align=\"center\" data-lang=\"fr_FR\">\n<p lang=\"fr\" dir=\"ltr\">Fabrice Lerestif, leader du syndicat FO, a pris la parole pour d\u00e9fendre les enseignants de l\u2019\u00e9cole Cl\u00f4teaux, \u00e0 <a href=\"https:\/\/twitter.com\/hashtag\/Rennes?src=hash&amp;ref_src=twsrc%5Etfw\" target=\"_blank\" rel=\"noopener\">#Rennes<\/a>. \u00abLes parents ne sont pas des clients\u00bb, a-t-il rappel\u00e9 apr\u00e8s les menaces de mort adress\u00e9es par des parents qui refusaient un enseignant homme pour leur fille. <a href=\"https:\/\/t.co\/QVsB9byOjg\">pic.twitter.com\/QVsB9byOjg<\/a><\/p>\n<p>\u2014 20 Minutes Rennes (@20minutesrennes) <a href=\"https:\/\/twitter.com\/20minutesrennes\/status\/1991814316383981628?ref_src=twsrc%5Etfw\" target=\"_blank\" rel=\"noopener\">November 21, 2025<\/a><\/p><\/blockquote>\n<p class=\"mb-xxl@xs color-ultramarine font-weight-semi-bold@xs font-source-serif-pro heading-s@xs\">L\u2019acc\u00e8s \u00e0 ce contenu a \u00e9t\u00e9 bloqu\u00e9 afin de respecter votre choix de consentement<\/p>\n<p class=\"mb-m@xs text-l@xs\">En cliquant sur\u00ab J\u2019accepte \u00bb, vous acceptez le d\u00e9p\u00f4t de cookies par des services externes et aurez ainsi acc\u00e8s aux contenus de nos partenaires.<\/p>\n<p class=\"mb-xl@xs text-s@xs\">Plus d\u2019informations sur la page<a href=\"https:\/\/www.20minutes.fr\/gestion-cookies\" class=\"mx-xxs@xs color-ultramarine\" target=\"_blank\" rel=\"noopener\">Politique de gestion des cookies<\/a><\/p>\n<p>J\u2019accepte<\/p>\n<p>Habitante du quartier, Armelle est venue en soutien des enseignants. Au nom du conseil citoyen de quartier, elle vient rappeler ce que tout le monde si fort \u00ab\u00a0J\u2019ai toujours d\u00e9fendu une \u00e9cole libre, la\u00efque et gratuite. Mais j\u2019ai la sensation que certains parents l\u2019oublient. L\u2019\u00e9cole, n\u2019est pas un supermarch\u00e9. C\u2019est une institution que l\u2019on doit respecter\u00a0\u00bb, t\u00e9moigne cette maman d\u2019enseignante. \u00ab\u00a0Il s\u2019agit d\u2019un parent qui menace de mort un agent. Et c\u2019est inacceptable. A l\u2019\u00e9cole, comme \u00e0 l\u2019h\u00f4pital, comme partout. Les parents ne sont pas des clients, qui choisiraient leurs options\u00a0\u00bb, tonne Fabrice Lerestif, secr\u00e9taire d\u00e9partemental du syndicat Force ouvri\u00e8re.<\/p>\n<p>Derri\u00e8re lui, l\u2019adjointe \u00e0 l\u2019\u00e9ducation Ga\u00eblle Rougier se fait discr\u00e8te. Face \u00e0 un tel emballement m\u00e9diatique, l\u2019\u00e9lue \u00e9cologiste veut \u00e9viter toute r\u00e9cup\u00e9ration politique. \u00ab\u00a0Je suis venue l\u00e0 en soutien aux agents de la fonction publique. Ce qui s\u2019est pass\u00e9 ici est inacceptable. Ce sont des situations rares mais il faut les traiter avec s\u00e9rieux. Les enseignants et les agents de la ville ne doivent pas exercer dans la peur\u00a0\u00bb, assure l\u2019\u00e9lue. Elle, comme tous les autres, demande \u00ab\u00a0des moyens humains\u00a0\u00bb pour le service public. \u00ab\u00a0Malheureusement, ce n\u2019est pas un fait isol\u00e9. \u00c7a arrive trop souvent et tous les coll\u00e8gues le disent\u00a0\u00bb, confirme une enseignante de maternelle de Cl\u00f4teaux.<\/p>\n<p><img decoding=\"async\" alt=\"L'ensemble des enseignants de l'\u00e9cole Cl\u00f4teaux, \u00e0 Rennes, \u00e9taient en gr\u00e8ve ce vendredi.\" class=\"c-img\" loading=\"lazy\" fetchpriority=\"auto\" width=\"718\"  src=\"https:\/\/img.20mn.fr\/6ZyiCuL8RuW7yZC44vubXyk\/718x0\" \/>L&rsquo;ensemble des enseignants de l&rsquo;\u00e9cole Cl\u00f4teaux, \u00e0 Rennes, \u00e9taient en gr\u00e8ve ce vendredi.\u2002-\u00a0C. Allain\/20 Minutes<\/p>\n<p>Ce vendredi, les grilles de l\u2019\u00e9cole resteront ferm\u00e9es. Pour l\u2019\u00e9quipe enseignante comme pour les enfants et les parents d\u2019\u00e9l\u00e8ves, il faudra y revenir lundi. Avec l\u2019espoir que la situation aura pu \u00eatre r\u00e9gl\u00e9e. Et que chacun puisse retrouver l\u2019apaisement essentiel \u00e0 l\u2019apprentissage.<\/p>\n<p><script async src=\"https:\/\/platform.twitter.com\/widgets.js\" charset=\"utf-8\"><\/script><\/p>\n","protected":false},"excerpt":{"rendered":"Il n\u2019y avait pas classe ce vendredi 21\u00a0novembre \u00e0 l\u2019\u00e9cole Cl\u00f4teaux. Situ\u00e9 dans le quartier Br\u00e9quigny, ce petit&hellip;\n","protected":false},"author":2,"featured_media":549280,"comment_status":"","ping_status":"","sticky":false,"template":"","format":"standard","meta":{"footnotes":""},"categories":[2],"tags":[47,11,829,1122,6688,5760,847,1736,7641,1011,27,6151,848,7775,12,62678,1127,584,104],"class_list":{"0":"post-549279","1":"post","2":"type-post","3":"status-publish","4":"format-standard","5":"has-post-thumbnail","7":"category-actualites","8":"tag-actualite","9":"tag-actualites","10":"tag-bretagne","11":"tag-ecole","12":"tag-ecole-maternelle","13":"tag-ecole-publique","14":"tag-enfant","15":"tag-enseignant","16":"tag-faits-divers-rennes","17":"tag-fr","18":"tag-france","19":"tag-greve","20":"tag-ille-et-vilaine","21":"tag-menaces-de-mort","22":"tag-news","23":"tag-parents-deleves","24":"tag-professeur","25":"tag-rennes","26":"tag-societe"},"share_on_mastodon":{"url":"https:\/\/pubeurope.com\/@fr\/115588129005041190","error":""},"_links":{"self":[{"href":"https:\/\/www.europesays.com\/fr\/wp-json\/wp\/v2\/posts\/549279","targetHints":{"allow":["GET"]}}],"collection":[{"href":"https:\/\/www.europesays.com\/fr\/wp-json\/wp\/v2\/posts"}],"about":[{"href":"https:\/\/www.europesays.com\/fr\/wp-json\/wp\/v2\/types\/post"}],"author":[{"embeddable":true,"href":"https:\/\/www.europesays.com\/fr\/wp-json\/wp\/v2\/users\/2"}],"replies":[{"embeddable":true,"href":"https:\/\/www.europesays.com\/fr\/wp-json\/wp\/v2\/comments?post=549279"}],"version-history":[{"count":0,"href":"https:\/\/www.europesays.com\/fr\/wp-json\/wp\/v2\/posts\/549279\/revisions"}],"wp:featuredmedia":[{"embeddable":true,"href":"https:\/\/www.europesays.com\/fr\/wp-json\/wp\/v2\/media\/549280"}],"wp:attachment":[{"href":"https:\/\/www.europesays.com\/fr\/wp-json\/wp\/v2\/media?parent=549279"}],"wp:term":[{"taxonomy":"category","embeddable":true,"href":"https:\/\/www.europesays.com\/fr\/wp-json\/wp\/v2\/categories?post=549279"},{"taxonomy":"post_tag","embeddable":true,"href":"https:\/\/www.europesays.com\/fr\/wp-json\/wp\/v2\/tags?post=549279"}],"curies":[{"name":"wp","href":"https:\/\/api.w.org\/{rel}","templated":true}]}}