{"id":549285,"date":"2025-11-21T14:23:13","date_gmt":"2025-11-21T14:23:13","guid":{"rendered":"https:\/\/www.europesays.com\/fr\/549285\/"},"modified":"2025-11-21T14:23:13","modified_gmt":"2025-11-21T14:23:13","slug":"malzeville-le-petit-marche-des-createurs-sinstalle-ce-week-end","status":"publish","type":"post","link":"https:\/\/www.europesays.com\/fr\/549285\/","title":{"rendered":"Malz\u00e9ville. Le petit march\u00e9 des cr\u00e9ateurs s\u2019installe ce week-end"},"content":{"rendered":"<p>C\u2019est ce samedi\u00a022 et ce dimanche 23\u00a0novembre, de 10\u00a0h \u00e0 18\u00a0h. L\u2019association Interface solidaire Malz\u00e9ville organise son petit march\u00e9 des cr\u00e9ateurs. De quoi acheter tous ses cadeaux de No\u00ebl, douceurs et d\u00e9coration de No\u00ebl, bijoux, broderies, sacs, c\u00e9ramiques, bois, cuir\u2026 Et m\u00eame, pour les enfants de 6 \u00e0 12 ans, de cr\u00e9er leur propre d\u00e9coration, les deux jours de 14 \u00e0 16\u00a0h.<\/p>\n<p class=\"note\">Salle Michel-Dinet, entr\u00e9e libre.<\/p>\n","protected":false},"excerpt":{"rendered":"C\u2019est ce samedi\u00a022 et ce dimanche 23\u00a0novembre, de 10\u00a0h \u00e0 18\u00a0h. L\u2019association Interface solidaire Malz\u00e9ville organise son petit&hellip;\n","protected":false},"author":2,"featured_media":549286,"comment_status":"","ping_status":"","sticky":false,"template":"","format":"standard","meta":{"footnotes":""},"categories":[9635],"tags":[1111,11,5738,11679,1687,1704,1777,674,1011,27,775,11259,11260,1702,12,25,3365],"class_list":{"0":"post-549285","1":"post","2":"type-post","3":"status-publish","4":"format-standard","5":"has-post-thumbnail","7":"category-nancy","8":"tag-actu","9":"tag-actualites","10":"tag-bourses","11":"tag-brocantes","12":"tag-culture-loisirs","13":"tag-edition-nancy-et-agglomeration","14":"tag-eu","15":"tag-europe","16":"tag-fr","17":"tag-france","18":"tag-grand-est","19":"tag-malzeville","20":"tag-metropole-du-grand-nancy-54b4","21":"tag-nancy","22":"tag-news","23":"tag-republique-francaise","24":"tag-vide-greniers"},"share_on_mastodon":{"url":"https:\/\/pubeurope.com\/@fr\/115588143889489220","error":""},"_links":{"self":[{"href":"https:\/\/www.europesays.com\/fr\/wp-json\/wp\/v2\/posts\/549285","targetHints":{"allow":["GET"]}}],"collection":[{"href":"https:\/\/www.europesays.com\/fr\/wp-json\/wp\/v2\/posts"}],"about":[{"href":"https:\/\/www.europesays.com\/fr\/wp-json\/wp\/v2\/types\/post"}],"author":[{"embeddable":true,"href":"https:\/\/www.europesays.com\/fr\/wp-json\/wp\/v2\/users\/2"}],"replies":[{"embeddable":true,"href":"https:\/\/www.europesays.com\/fr\/wp-json\/wp\/v2\/comments?post=549285"}],"version-history":[{"count":0,"href":"https:\/\/www.europesays.com\/fr\/wp-json\/wp\/v2\/posts\/549285\/revisions"}],"wp:featuredmedia":[{"embeddable":true,"href":"https:\/\/www.europesays.com\/fr\/wp-json\/wp\/v2\/media\/549286"}],"wp:attachment":[{"href":"https:\/\/www.europesays.com\/fr\/wp-json\/wp\/v2\/media?parent=549285"}],"wp:term":[{"taxonomy":"category","embeddable":true,"href":"https:\/\/www.europesays.com\/fr\/wp-json\/wp\/v2\/categories?post=549285"},{"taxonomy":"post_tag","embeddable":true,"href":"https:\/\/www.europesays.com\/fr\/wp-json\/wp\/v2\/tags?post=549285"}],"curies":[{"name":"wp","href":"https:\/\/api.w.org\/{rel}","templated":true}]}}