{"id":549292,"date":"2025-11-21T14:28:23","date_gmt":"2025-11-21T14:28:23","guid":{"rendered":"https:\/\/www.europesays.com\/fr\/549292\/"},"modified":"2025-11-21T14:28:23","modified_gmt":"2025-11-21T14:28:23","slug":"un-mort-dans-lincendie-criminel-dune-epicerie","status":"publish","type":"post","link":"https:\/\/www.europesays.com\/fr\/549292\/","title":{"rendered":"un mort dans l&rsquo;incendie criminel d&rsquo;une \u00e9picerie"},"content":{"rendered":"<p>\n    \u00abL\u2019origine criminelle ne fait pas de doutes\u00bb, a indiqu\u00e9 \u00e0 l\u2019AFP une source polici\u00e8re, pr\u00e9cisant que vers 2 heures du matin deux personnes \u00e9taient entr\u00e9es dans le commerce pour y mettre le feu avant de prendre la fuite.<\/p>\n<p class=\"fig-paragraph\">Un jeune homme de 19 ans, \u00e9picier, est mort dans la nuit de jeudi \u00e0 vendredi dans l&rsquo;incendie criminel de son commerce d&rsquo;un quartier sensible de\u00a0<a href=\"http:\/\/www.lefigaro.fr\/actualite-france\/montpellier-une-femme-jugee-pour-avoir-affame-sa-fille-de-13-ans-jusqu-a-la-mort-20250120\" data-fig-type=\"NewsFlash\" data-gtm-custom-categorie=\"navigation\" data-gtm-custom-action=\"crossclick\" data-gtm-custom-label=\"Contextuel\" data-gtm-event=\"customEventSPE\" data-fig-domain=\"LEFIGARO\" target=\"_blank\" rel=\"noopener\">Montpellier<\/a>, a-t-on appris de sources concordantes. \u00abL&rsquo;origine criminelle ne fait pas de doutes\u00bb, a indiqu\u00e9 \u00e0 l&rsquo;AFP une source polici\u00e8re, pr\u00e9cisant que vers 2 heures du matin deux personnes \u00e9taient entr\u00e9es dans le commerce pour y mettre le feu avant de prendre la fuite.<\/p>\n<p class=\"fig-paragraph\">Selon une autre source polici\u00e8re, les deux personnes ont \u00e9t\u00e9 film\u00e9es par des cam\u00e9ras de vid\u00e9osurveillance sur lesquelles l&rsquo;un d&rsquo;eux jette un engin incendiaire. Les pompiers n&rsquo;ont pas pu ranimer le jeune homme en arr\u00eat cardio-respiratoire \u00e0 leur arriv\u00e9e \u00e0 la tour Saint-Martin, un immeuble de plusieurs \u00e9tages comprenant des logements et des commerces.<\/p>\n<p>                                    <a class=\"fig-a11y-skip a11y-hidden\" href=\"#fig-a11y-skip-main-inarticle\"><br \/>\n        Passer la publicit\u00e9<br \/>\n    <\/a><\/p>\n<p>Une personne a \u00e9t\u00e9 interpell\u00e9e par la brigade anticriminalit\u00e9<\/p>\n<p class=\"fig-paragraph\">Une autre victime de 19 ans pr\u00e9sente au moment des faits dans l&rsquo;\u00e9picerie a \u00e9t\u00e9 br\u00fbl\u00e9e et a inhal\u00e9 de la fum\u00e9e mais elle a pu \u00eatre \u00e9vacu\u00e9e par les pompiers \u00e0 l&rsquo;h\u00f4pital, sans que son pronostic vital ne soit compromis.<\/p>\n<p class=\"fig-paragraph\">Les pompiers ont ensuite circonscrit le feu et la cinquantaine d&rsquo;occupants qui avaient \u00e9t\u00e9 pr\u00e9alablement \u00e9vacu\u00e9s de l&rsquo;immeuble ont pu rejoindre leur habitation, \u00e0 l&rsquo;exception de ceux du premier \u00e9tage qui ont d\u00fb \u00eatre relog\u00e9s. Une personne a \u00e9t\u00e9 interpell\u00e9e vers 3 heures par la brigade anticriminalit\u00e9, \u00absans pouvoir certifier qu&rsquo;il est impliqu\u00e9 dans cet incendie bien que son signalement corresponde\u00bb, a pr\u00e9cis\u00e9 une des deux sources polici\u00e8res.<\/p>\n","protected":false},"excerpt":{"rendered":"\u00abL\u2019origine criminelle ne fait pas de doutes\u00bb, a indiqu\u00e9 \u00e0 l\u2019AFP une source polici\u00e8re, pr\u00e9cisant que vers 2&hellip;\n","protected":false},"author":2,"featured_media":549293,"comment_status":"","ping_status":"","sticky":false,"template":"","format":"standard","meta":{"footnotes":""},"categories":[9599],"tags":[1111,11,12821,1777,674,1011,27,1310,2208,18,12,2680,25],"class_list":{"0":"post-549292","1":"post","2":"type-post","3":"status-publish","4":"format-standard","5":"has-post-thumbnail","7":"category-montpellier","8":"tag-actu","9":"tag-actualites","10":"tag-epicerie","11":"tag-eu","12":"tag-europe","13":"tag-fr","14":"tag-france","15":"tag-incendie","16":"tag-montpellier","17":"tag-mort","18":"tag-news","19":"tag-occitanie","20":"tag-republique-francaise"},"share_on_mastodon":{"url":"https:\/\/pubeurope.com\/@fr\/115588163434718483","error":""},"_links":{"self":[{"href":"https:\/\/www.europesays.com\/fr\/wp-json\/wp\/v2\/posts\/549292","targetHints":{"allow":["GET"]}}],"collection":[{"href":"https:\/\/www.europesays.com\/fr\/wp-json\/wp\/v2\/posts"}],"about":[{"href":"https:\/\/www.europesays.com\/fr\/wp-json\/wp\/v2\/types\/post"}],"author":[{"embeddable":true,"href":"https:\/\/www.europesays.com\/fr\/wp-json\/wp\/v2\/users\/2"}],"replies":[{"embeddable":true,"href":"https:\/\/www.europesays.com\/fr\/wp-json\/wp\/v2\/comments?post=549292"}],"version-history":[{"count":0,"href":"https:\/\/www.europesays.com\/fr\/wp-json\/wp\/v2\/posts\/549292\/revisions"}],"wp:featuredmedia":[{"embeddable":true,"href":"https:\/\/www.europesays.com\/fr\/wp-json\/wp\/v2\/media\/549293"}],"wp:attachment":[{"href":"https:\/\/www.europesays.com\/fr\/wp-json\/wp\/v2\/media?parent=549292"}],"wp:term":[{"taxonomy":"category","embeddable":true,"href":"https:\/\/www.europesays.com\/fr\/wp-json\/wp\/v2\/categories?post=549292"},{"taxonomy":"post_tag","embeddable":true,"href":"https:\/\/www.europesays.com\/fr\/wp-json\/wp\/v2\/tags?post=549292"}],"curies":[{"name":"wp","href":"https:\/\/api.w.org\/{rel}","templated":true}]}}