{"id":549298,"date":"2025-11-21T14:32:12","date_gmt":"2025-11-21T14:32:12","guid":{"rendered":"https:\/\/www.europesays.com\/fr\/549298\/"},"modified":"2025-11-21T14:32:12","modified_gmt":"2025-11-21T14:32:12","slug":"echirolles-un-rassemblement-en-hommage-a-mehdi-kessaci-et-aux-victimes-du-narcotrafic-ce-samedi","status":"publish","type":"post","link":"https:\/\/www.europesays.com\/fr\/549298\/","title":{"rendered":"\u00c9chirolles. Un rassemblement en hommage \u00e0 Mehdi Kessaci et aux victimes du narcotrafic ce samedi"},"content":{"rendered":"<p>Le 13\u00a0novembre dernier \u00e0 Marseille, le petit fr\u00e8re d\u2019 <a href=\"https:\/\/www.ledauphine.com\/faits-divers-justice\/2025\/11\/20\/assassinat-de-mehdi-kessaci-il-est-mort-pour-rien-deplore-son-frere-amine\" target=\"_blank\" rel=\"noopener\">Amine Kessaci<\/a>, militant \u00e9cologiste qui lutte contre le narcotrafic, a \u00e9t\u00e9 <a href=\"https:\/\/www.ledauphine.com\/faits-divers-justice\/2025\/11\/20\/assassinat-de-mehdi-kessaci-a-marseille-la-piste-de-la-dz-mafia\" target=\"_blank\" rel=\"noopener\">abattu<\/a> en pleine rue par deux personnes \u00e0 moto.\u00a0Pour rendre hommage \u00e0 son cadet et \u00e0 toutes les victimes du narcotrafic, le jeune homme a lanc\u00e9 un appel national \u00e0 se rassembler devant les mairies ce samedi 22\u00a0novembre, qui sera relay\u00e9 \u00e0 \u00c9chirolles.<\/p>\n<p>La maire, <a href=\"https:\/\/www.ledauphine.com\/p\/amandine-demore\" target=\"_blank\" rel=\"noopener\">Amandine Demore<\/a>, annonce en effet qu\u2019elle invite tous les habitants ce samedi \u00e0 11 heures, devant l\u2019h\u00f4tel de ville, \u00ab\u00a0pour observer une minute de silence en m\u00e9moire\u00a0de Mehdi Kessaci et de toutes les victimes du narcotrafic\u00a0\u00bb.<\/p>\n<p>Ce contenu est bloqu\u00e9 car vous n&rsquo;avez pas accept\u00e9 les cookies et autres traceurs.<\/p>\n<p>En cliquant sur \u00ab J\u2019accepte \u00bb, les cookies et autres traceurs seront d\u00e9pos\u00e9s et vous pourrez visualiser les contenus  (<a href=\"\" class=\"consentModule_policy\" target=\"_blank\" title=\"Consulter la politique de protection des donn\u00e9es du fournisseur\">plus d&rsquo;informations<\/a>).<\/p>\n<p>En cliquant sur \u00ab J\u2019accepte tous les cookies \u00bb, vous autorisez des d\u00e9p\u00f4ts de cookies et autres traceurs pour le stockage de vos donn\u00e9es sur nos sites et applications \u00e0 des fins de personnalisation et de ciblage publicitaire.<\/p>\n<p class=\"consentModule_secondaryText\">Vous gardez la possibilit\u00e9 de retirer votre consentement \u00e0 tout moment en consultant notre <a href=\"https:\/\/www.ledauphine.com\/protection-des-donnees\" target=\"_blank\" title=\"Consulter notre politique de protection des donn\u00e9es\" rel=\"noopener\">politique de protection des donn\u00e9es<\/a>. <br \/>&#13;<br \/>\n            <a href=\"https:\/\/www.ledauphine.com\/faits-divers-justice\/2025\/11\/21\/javascript:Didomi.notice.show()\" class=\"consentModule_cmp\" target=\"_blank\" rel=\"noopener\">G\u00e9rer mes choix<\/a>&#13;\n        <\/p>\n<p>&#13;<br \/>\n                        J&rsquo;accepte&#13;<br \/>\n            J&rsquo;accepte tous les cookies&#13;\n        <\/p>\n<p>\u00ab\u00a0La vague d\u2019indignation qui s\u2019est lev\u00e9e \u00e0 la suite de cet assassinat ignoble est \u00e0 la hauteur des enjeux qui se jouent aujourd\u2019hui autour de la lutte contre le narcotrafic, un combat que je m\u00e8ne au quotidien au service des \u00c9chirollois\u00a0\u00bb, \u00e9crit l\u2019\u00e9lue communiste dans un communiqu\u00e9.<\/p>\n<p>Et d\u2019ajouter\u00a0: \u00ab\u00a0Il est aujourd\u2019hui \u00e9vident que la lutte contre le narcotrafic souffre de d\u00e9faillances, tant dans l\u2019ampleur des moyens que dans les m\u00e9thodes mises en \u0153uvre par l\u2019\u00c9tat. Effectifs de police non pourvus, absence de r\u00e9ponse concernant la demande de cr\u00e9ation de commissariats de police de plein exercice, <a href=\"https:\/\/www.ledauphine.com\/faits-divers-justice\/2024\/11\/26\/isere-ils-demandent-demander-un-commissariat-a-echirolles-nous-n-en-pouvons-plus-du-deal-et-de-ses-consequences\" target=\"_blank\" rel=\"noopener\">comme \u00e0 \u00c9chirolles<\/a> , manque de moyens \u00e0 tous les niveaux, du local au national\u2026 En raison de ces carences, toutes les actions que nous pouvons mener localement ne peuvent suffire \u00e0 combattre efficacement et durablement un narcotrafic qui s\u2019attaque directement, aujourd\u2019hui par les intimidations les plus ignobles, \u00e0 l\u2019\u00c9tat de droit, \u00e0 la paix civile et \u00e0 la d\u00e9mocratie.\u00a0\u00bb<\/p>\n","protected":false},"excerpt":{"rendered":"Le 13\u00a0novembre dernier \u00e0 Marseille, le petit fr\u00e8re d\u2019 Amine Kessaci, militant \u00e9cologiste qui lutte contre le narcotrafic,&hellip;\n","protected":false},"author":2,"featured_media":549299,"comment_status":"","ping_status":"","sticky":false,"template":"","format":"standard","meta":{"footnotes":""},"categories":[9566],"tags":[1111,11,2430,271,272,9852,112,1777,674,274,1011,27,2731,108,12,316,25,104],"class_list":{"0":"post-549298","1":"post","2":"type-post","3":"status-publish","4":"format-standard","5":"has-post-thumbnail","7":"category-grenoble","8":"tag-actu","9":"tag-actualites","10":"tag-auvergne-rhone-alpes","11":"tag-crime","12":"tag-delit-et-contravention","13":"tag-echirolles","14":"tag-edition-grenoble-agglomeration","15":"tag-eu","16":"tag-europe","17":"tag-faits-divers-justice","18":"tag-fr","19":"tag-france","20":"tag-grenoble","21":"tag-isere","22":"tag-news","23":"tag-politique","24":"tag-republique-francaise","25":"tag-societe"},"share_on_mastodon":{"url":"https:\/\/pubeurope.com\/@fr\/115588179380900804","error":""},"_links":{"self":[{"href":"https:\/\/www.europesays.com\/fr\/wp-json\/wp\/v2\/posts\/549298","targetHints":{"allow":["GET"]}}],"collection":[{"href":"https:\/\/www.europesays.com\/fr\/wp-json\/wp\/v2\/posts"}],"about":[{"href":"https:\/\/www.europesays.com\/fr\/wp-json\/wp\/v2\/types\/post"}],"author":[{"embeddable":true,"href":"https:\/\/www.europesays.com\/fr\/wp-json\/wp\/v2\/users\/2"}],"replies":[{"embeddable":true,"href":"https:\/\/www.europesays.com\/fr\/wp-json\/wp\/v2\/comments?post=549298"}],"version-history":[{"count":0,"href":"https:\/\/www.europesays.com\/fr\/wp-json\/wp\/v2\/posts\/549298\/revisions"}],"wp:featuredmedia":[{"embeddable":true,"href":"https:\/\/www.europesays.com\/fr\/wp-json\/wp\/v2\/media\/549299"}],"wp:attachment":[{"href":"https:\/\/www.europesays.com\/fr\/wp-json\/wp\/v2\/media?parent=549298"}],"wp:term":[{"taxonomy":"category","embeddable":true,"href":"https:\/\/www.europesays.com\/fr\/wp-json\/wp\/v2\/categories?post=549298"},{"taxonomy":"post_tag","embeddable":true,"href":"https:\/\/www.europesays.com\/fr\/wp-json\/wp\/v2\/tags?post=549298"}],"curies":[{"name":"wp","href":"https:\/\/api.w.org\/{rel}","templated":true}]}}