{"id":549311,"date":"2025-11-21T14:43:16","date_gmt":"2025-11-21T14:43:16","guid":{"rendered":"https:\/\/www.europesays.com\/fr\/549311\/"},"modified":"2025-11-21T14:43:16","modified_gmt":"2025-11-21T14:43:16","slug":"maupay-clauss-saliba-ils-ont-joue-pour-les-deux-clubs","status":"publish","type":"post","link":"https:\/\/www.europesays.com\/fr\/549311\/","title":{"rendered":"Maupay, Clauss, Saliba&#8230; ils ont jou\u00e9 pour les deux clubs"},"content":{"rendered":"<p>La liste est immense. Au total, ils sont plus d&rsquo;une cinquantaine \u00e0 avoir port\u00e9 les maillots de l&rsquo;OM et de Nice. Certains ont connu des passages r\u00e9ussis, rest\u00e9s dans la m\u00e9moire des supporters des deux clubs, d&rsquo;autres sont tout simplement tomb\u00e9s dans l&rsquo;oubli.<\/p>\n<p>Pour les puristes du football des ann\u00e9es\u00a090, ces noms leur feront revivre de belles ann\u00e9es. Ils sont plusieurs \u00e0 avoir jou\u00e9 sous le maillot olympien durant la d\u00e9cennie folle, <a href=\"https:\/\/www.laprovence.com\/article\/sports\/42253776268595\/football-jean-christophe-marquet-cultive-la-jeunesse-eternelle\" target=\"_blank\" rel=\"nofollow noopener\">\u00e0 l&rsquo;image de Jean-Christophe Marquet<\/a>, pas dans le groupe lors du sacre olympien \u00e0 Munich en\u00a01993 mais qui a \u00e9t\u00e9 form\u00e9 \u00e0 l&rsquo;OM et disput\u00e9 cinq saisons sous le maillot bleu et blanc en professionnel (1991-1996), avant de disputer une saison sous celui des Aiglons (1999-2000). Le Marseillais de naissance et de c\u0153ur portera une nouvelle fois les couleurs olympiennes durant la saison\u00a02000-2001, avant de terminer sa carri\u00e8re au niveau amateur (Consolat et Endoume).<\/p>\n<p>L&rsquo;entra\u00eeneur olympien d&rsquo;une semaine notamment face \u00e0 l&rsquo;Ajax Amsterdam en Ligue Europa, <a href=\"https:\/\/www.laprovence.com\/article\/sports\/471382512197515\/psg-om-abardonado-a-laise-dans-son-nouveau-survetement\" target=\"_blank\" rel=\"nofollow noopener\">Jacques \u00ab\u00a0Pancho\u00a0\u00bb Abardonado s&rsquo;est \u00e9galement illustr\u00e9<\/a> du c\u00f4t\u00e9 des deux formations sudistes. Il a pass\u00e9 trois saisons du c\u00f4t\u00e9 de l&rsquo;OM au tournant des ann\u00e9es\u00a02000 (1998 &#8211; 2000), avant de s&rsquo;en aller du c\u00f4t\u00e9 de la French Riviera et des palmiers ni\u00e7ois pendant cinq saisons et demi (2002-2008). Il est depuis revenu \u00e0 l&rsquo;OM comme membre du staff technique de Jorge Sampaoli. Il est aujourd&rsquo;hui l&rsquo;un des adjoints de Roberto De Zerbi.<\/p>\n<p>Les derniers titres<\/p>\n<p>Pour ceux qui ont grandi la d\u00e9cennie suivante se souviennent forc\u00e9ment d&rsquo;Hatem Ben Arfa. Si le prodige a port\u00e9 les maillots adverses du PSG et de l&rsquo;OL, il s&rsquo;est \u00e9galement relanc\u00e9 \u00e0 Nice apr\u00e8s son aventure anglaise qui l&rsquo;a men\u00e9 \u00e0 Newcastle et \u00e0 Hull, avant d&rsquo;ex\u00e9cuter un tour de France des clubs. Autre style, autre joueur\u00a0: Bakari Kon\u00e9. L&rsquo;attaquant de poche ivoirien a fait les beaux jours de Nice entre\u00a02005 et\u00a02008 avant de rejoindre la capitale proven\u00e7ale o\u00f9 il sera champion de France en\u00a02010 aux c\u00f4t\u00e9s de Ben Arfa.<\/p>\n<p>Il est loin le temps o\u00f9 Marseille gagnait des titres. Le dernier troph\u00e9e soulev\u00e9 par les Olympiens remonte \u00e0 la saison\u00a02011-2012, en coupe de la Ligue, apr\u00e8s un match \u00e2pre face \u00e0 Lyon, <a href=\"https:\/\/www.laprovence.com\/article\/om\/75847495321214\/om-joey-barton-et-brandao-se-declarent-candidats-pour-succeder-a-gennaro-gattuso\" target=\"_blank\" rel=\"nofollow noopener\">o\u00f9 Brandao est venu lib\u00e9rer les siens en prolongations<\/a>. De l&rsquo;effectif de cette saison-l\u00e0, trois joueurs ont port\u00e9 les maillots marseillais et ni\u00e7ois\u00a0: Rod Fanni, Souleymane Diawara et Loic R\u00e9my. Les deux premiers se sont d&rsquo;abord illustr\u00e9s du c\u00f4t\u00e9 du V\u00e9lodrome avant de mettre le cap sur l&rsquo;Est. R\u00e9my a lui fait le chemin inverse, passant de Nice \u00e0 Marseille \u00e0 l&rsquo;intersaison 2010.<\/p>\n<p>Crash project<\/p>\n<p>Champion&rsquo;s project. Quelques ann\u00e9es plus tard, le projet continue de faire doucement rire les supporters olympiens. De cette \u00e9poque de nombreux joueurs sont venus garnir les rangs phoc\u00e9ens et parmi eux quatre joueurs ont port\u00e9 les deux maillots avec plus ou moins de succ\u00e8s. Mario Lemina en \u00e9tait presque devenu l&rsquo;incarnation, arriv\u00e9 en terres marseillaises en\u00a02013, il a connu la restructuration du club qui vivait ses heures sportives les plus difficiles. Il finira par s&rsquo;en aller \u00e0 la Juventus Turin en\u00a02015, d&rsquo;abord pr\u00eat\u00e9, il sera d\u00e9finitivement c\u00e9d\u00e9 au club pi\u00e9montais \u00e0 l&rsquo;\u00e9t\u00e9\u00a02016. Puis il fera son retour en France en\u00a02021, portant le maillot du Gym durant deux saisons.<\/p>\n<p>Mario Balotelli s&rsquo;est rappel\u00e9 aux yeux du monde lors de son passage \u00e0 Nice (2016-2019). L&rsquo;amour ne durant que trois ans, la fin de son aventure ni\u00e7oise s&rsquo;est termin\u00e9e sur des incompr\u00e9hensions. Il s&rsquo;en ira \u00e0 Marseille \u00e0 l&rsquo;hiver\u00a02019 pour six petits mois o\u00f9 il disputera 15 matchs pour 8 buts inscrits avant de partir comme il est venu vers l&rsquo;Italie et Brescia.<\/p>\n<p>Val\u00e8re Germain, \u00e9galement pass\u00e9 par Nice avant de revenir \u00e0 Marseille, sa ville natale, o\u00f9 son passage aura \u00e9t\u00e9 des plus laborieux\u00a0: en manque de confiance, mal aim\u00e9 par ses supporters et pas toujours utilis\u00e9 \u00e0 bon escient, il finira par quitter le navire en\u00a02021 pour rallier Montpellier.<\/p>\n<p>De l&rsquo;H\u00e9rault, Morgan Sanson est arriv\u00e9 en grandes pompes \u00e0 l&rsquo;hiver\u00a02017 apr\u00e8s un bras de fer autour du montant du transfert. Quatre saisons et 157 matches apr\u00e8s, il part tenter sa chance en Angleterre du c\u00f4t\u00e9 d&rsquo;Aston Villa. Une adaptation difficile et des prestations moribondes en Angleterre ont pouss\u00e9 les Villans \u00e0 lui trouver une porte de sortie en pr\u00eat \u00e0 Nice \u00e0 l&rsquo;\u00e9t\u00e9\u00a02023, apr\u00e8s avoir \u00e9volu\u00e9 du c\u00f4t\u00e9 de Strasbourg les six premiers mois de l&rsquo;ann\u00e9e. Il a d\u00e9finitivement \u00e9t\u00e9 acquis par l&rsquo;OGCN durant le dernier mercato estival.<\/p>\n<p>Saliba, Amavi, Ben Seghir, Clauss, Maupay\u00a0: les derniers en date<\/p>\n<p>D&rsquo;autres joueurs, pass\u00e9s plus r\u00e9cemment pour l&rsquo;OM ou toujours sous giron marseillais, ont port\u00e9 les deux maillots.<a href=\"https:\/\/www.laprovence.com\/article\/sports\/53930974232612\/euro-2024-le-plus-gros-virage-de-ma-carriere-a-ete-mon-pret-a-l-om-insiste-william-saliba\" target=\"_blank\" rel=\"nofollow noopener\"> William Saliba, recrue phare du premier mercato estival de Pablo Longoria (2021)<\/a> en pr\u00eat depuis Arsenal s&rsquo;\u00e9tait engag\u00e9 pour une saison \u00e0 l&rsquo;OM, apr\u00e8s avoir \u00e9t\u00e9 pr\u00eat\u00e9 la saison pr\u00e9c\u00e9dente \u00e0 Nice o\u00f9 il s&rsquo;\u00e9tait impos\u00e9 parmi le onze titulaire.<\/p>\n<p>Vendus par le club olympien, <a href=\"https:\/\/www.laprovence.com\/article\/om\/51982289375167\/mercato-om-jordan-amavi-devrait-sengager-dans-les-prochaines-heures-avec-brest\" target=\"_blank\" rel=\"nofollow noopener\">Jordan Amavi<\/a> et Salim Ben Seghir sont \u00e9galement pass\u00e9s par Nice. Catalogu\u00e9 comme ind\u00e9sirable, Jordan Amavi a \u00e9t\u00e9 pr\u00eat\u00e9 aux Aiglons lors du mercato hivernal 2022, avant de revenir \u00e0 Marseille et d&rsquo;\u00eatre pr\u00eat\u00e9 dans la foul\u00e9e au club espagnol de Getafe, puis \u00e0 Brest la saison derni\u00e8re. Le club breton a d\u00e9cid\u00e9 de le recruter d\u00e9finitivement \u00e0 la fin du mois de juillet. Salim Ben Seghir, fr\u00e8re a\u00een\u00e9 de la p\u00e9pite mon\u00e9gasque Eliesse Ben Seghir, a \u00e9t\u00e9 form\u00e9 \u00e0 Nice et s&rsquo;est ensuite engag\u00e9 avec l&rsquo;OM. Jamais vraiment dans les plans des entra\u00eeneurs successifs, il \u00e9tait pr\u00eat\u00e9 la saison derni\u00e8re en Suisse, \u00e0 Xamax, qui se l&rsquo;est offert d\u00e9finitivement en d\u00e9but de saison.<\/p>\n<p>Une longue liste \u00e0 laquelle il faut rajouter les deux derniers joueurs en date : Jonathan Clauss et<a href=\"https:\/\/www.laprovence.com\/article\/om\/338824868992715\/om-neal-maupay-itineraire-dun-surdoue\" target=\"_blank\" rel=\"nofollow noopener\"> Neal Maupay.<\/a><\/p>\n","protected":false},"excerpt":{"rendered":"La liste est immense. Au total, ils sont plus d&rsquo;une cinquantaine \u00e0 avoir port\u00e9 les maillots de l&rsquo;OM&hellip;\n","protected":false},"author":2,"featured_media":549312,"comment_status":"","ping_status":"","sticky":false,"template":"","format":"standard","meta":{"footnotes":""},"categories":[2819],"tags":[17,1111,11,66685,66684,1777,674,1011,27,6085,16026,66683,12,2401,65073,149,2537,882,25],"class_list":{"0":"post-549311","1":"post","2":"type-post","3":"status-publish","4":"format-standard","5":"has-post-thumbnail","7":"category-nice","8":"tag-17","9":"tag-actu","10":"tag-actualites","11":"tag-balotelli","12":"tag-clauss","13":"tag-eu","14":"tag-europe","15":"tag-fr","16":"tag-france","17":"tag-ils","18":"tag-joue","19":"tag-maupay","20":"tag-news","21":"tag-nice","22":"tag-nice-om","23":"tag-om","24":"tag-ont","25":"tag-provence-alpes-cote-dazur","26":"tag-republique-francaise"},"share_on_mastodon":{"url":"https:\/\/pubeurope.com\/@fr\/115588222455163835","error":""},"_links":{"self":[{"href":"https:\/\/www.europesays.com\/fr\/wp-json\/wp\/v2\/posts\/549311","targetHints":{"allow":["GET"]}}],"collection":[{"href":"https:\/\/www.europesays.com\/fr\/wp-json\/wp\/v2\/posts"}],"about":[{"href":"https:\/\/www.europesays.com\/fr\/wp-json\/wp\/v2\/types\/post"}],"author":[{"embeddable":true,"href":"https:\/\/www.europesays.com\/fr\/wp-json\/wp\/v2\/users\/2"}],"replies":[{"embeddable":true,"href":"https:\/\/www.europesays.com\/fr\/wp-json\/wp\/v2\/comments?post=549311"}],"version-history":[{"count":0,"href":"https:\/\/www.europesays.com\/fr\/wp-json\/wp\/v2\/posts\/549311\/revisions"}],"wp:featuredmedia":[{"embeddable":true,"href":"https:\/\/www.europesays.com\/fr\/wp-json\/wp\/v2\/media\/549312"}],"wp:attachment":[{"href":"https:\/\/www.europesays.com\/fr\/wp-json\/wp\/v2\/media?parent=549311"}],"wp:term":[{"taxonomy":"category","embeddable":true,"href":"https:\/\/www.europesays.com\/fr\/wp-json\/wp\/v2\/categories?post=549311"},{"taxonomy":"post_tag","embeddable":true,"href":"https:\/\/www.europesays.com\/fr\/wp-json\/wp\/v2\/tags?post=549311"}],"curies":[{"name":"wp","href":"https:\/\/api.w.org\/{rel}","templated":true}]}}