{"id":549319,"date":"2025-11-21T14:47:22","date_gmt":"2025-11-21T14:47:22","guid":{"rendered":"https:\/\/www.europesays.com\/fr\/549319\/"},"modified":"2025-11-21T14:47:22","modified_gmt":"2025-11-21T14:47:22","slug":"les-girondins-de-bordeaux-bientot-sur-ligue-1-france-bordeaux","status":"publish","type":"post","link":"https:\/\/www.europesays.com\/fr\/549319\/","title":{"rendered":"Les Girondins de Bordeaux bient\u00f4t sur Ligue 1+\u00a0? &#8211; France &#8211; Bordeaux"},"content":{"rendered":"<p>Le \u00ab\u202f+\u202f\u00bb est important, parce que la Ligue 1, c\u2019est pas tout de suite.<\/p>\n<p>Actuel diffuseur de huit matchs de Ligue 1 sur neuf par journ\u00e9e (le dernier diffus\u00e9 sur beIN Sports), <strong>la nouvelle chaine Ligue 1+ veut \u00e9largir son catalogue<\/strong>. Apr\u00e8s avoir \u00e9chou\u00e9 \u00e0 obtenir les droits partag\u00e9s de l\u2019\u00e9quipe de France Espoirs, <a target=\"_blank\" href=\"https:\/\/www.sofoot.com\/breves\/zack-nani-diffusera-seul-lequipe-de-france-espoirs\" rel=\"nofollow noopener\">conserv\u00e9s exclusivement par le streamer Zack Nani<\/a>, <strong>la plateforme veut obtenir les droits pour diffuser les Girondins de Bordeaux<\/strong>, en National 2.<\/p>\n<p>Tavernost fait jouer ses relations<\/p>\n<p>Selon <a target=\"_blank\" href=\"https:\/\/rmcsport.bfmtv.com\/droits-tv\/info-rmc-sport-ligue-1-souhaite-co-diffuser-les-matchs-des-girondins-de-bordeaux-en-national-2_AV-202511210559.html\" rel=\"nofollow noopener\">RMC Sport<\/a>, ce projet concernerait les matchs \u00e0 domicile des Girondins, actuellement diffus\u00e9s par TV7 Bordeaux, cha\u00eene du Groupe Sud-Ouest. <strong><a target=\"_blank\" href=\"https:\/\/www.sofoot.com\/articles\/le-nouveau-directeur-general-de-lfp-media-nicolas-de-tavernost-a-t-il-le-profil-pour-sauver-le-football-francais\" rel=\"nofollow noopener\">Nicolas de Tavernost<\/a>, actuel directeur g\u00e9n\u00e9ral de Ligue 1 + et ancien pr\u00e9sident du club bordelais<\/strong>, dirige les n\u00e9gociations. L\u2019objectif est d\u2019installer quatre cam\u00e9ras au Stade Atlantique, en plus d\u2019obtenir cette co-diffusion.<\/p>\n<p>Apr\u00e8s 10 journ\u00e9es de championnat, <strong>l\u2019\u00e9quipe de Bruno Irles occupe la troisi\u00e8me place de son groupe de National 2<\/strong>, \u00e0 seulement deux points du leader La Roche-sur-Yon.<\/p>\n<p>\u00c0 quand un match de N2 en prime time le dimanche soir ?<\/p>\n<p>\t\t\t\t\t\t\t\t\t\t<a class=\"lien-connexe\" href=\"https:\/\/www.sofoot.com\/breves\/bordeaux-qualifie-but-de-dingue-a-vitre-le-petit-poucet-bobigny-elimine-le-recap-de-la-coupe-de-france\" rel=\"nofollow noopener\" target=\"_blank\">But de dingue \u00e0 Vitr\u00e9, Bordeaux qualifi\u00e9&#8230; le r\u00e9cap de la Coupe\u00a0de\u00a0France<\/a>\t\t\t\t\t<\/p>\n","protected":false},"excerpt":{"rendered":"Le \u00ab\u202f+\u202f\u00bb est important, parce que la Ligue 1, c\u2019est pas tout de suite. Actuel diffuseur de huit&hellip;\n","protected":false},"author":2,"featured_media":549320,"comment_status":"","ping_status":"","sticky":false,"template":"","format":"standard","meta":{"footnotes":""},"categories":[2817],"tags":[1111,47,11,61,1997,69,65,64,1777,674,63,1011,27,68,66,12,62,2219,70,25,67],"class_list":{"0":"post-549319","1":"post","2":"type-post","3":"status-publish","4":"format-standard","5":"has-post-thumbnail","7":"category-bordeaux","8":"tag-actu","9":"tag-actualite","10":"tag-actualites","11":"tag-actus-football","12":"tag-bordeaux","13":"tag-bundesliga","14":"tag-championnats-europeens","15":"tag-equipe-de-france","16":"tag-eu","17":"tag-europe","18":"tag-football","19":"tag-fr","20":"tag-france","21":"tag-ligua","22":"tag-ligue-1","23":"tag-news","24":"tag-news-foot","25":"tag-nouvelle-aquitaine","26":"tag-premier-league","27":"tag-republique-francaise","28":"tag-serie-a"},"share_on_mastodon":{"url":"https:\/\/pubeurope.com\/@fr\/115588238183360902","error":""},"_links":{"self":[{"href":"https:\/\/www.europesays.com\/fr\/wp-json\/wp\/v2\/posts\/549319","targetHints":{"allow":["GET"]}}],"collection":[{"href":"https:\/\/www.europesays.com\/fr\/wp-json\/wp\/v2\/posts"}],"about":[{"href":"https:\/\/www.europesays.com\/fr\/wp-json\/wp\/v2\/types\/post"}],"author":[{"embeddable":true,"href":"https:\/\/www.europesays.com\/fr\/wp-json\/wp\/v2\/users\/2"}],"replies":[{"embeddable":true,"href":"https:\/\/www.europesays.com\/fr\/wp-json\/wp\/v2\/comments?post=549319"}],"version-history":[{"count":0,"href":"https:\/\/www.europesays.com\/fr\/wp-json\/wp\/v2\/posts\/549319\/revisions"}],"wp:featuredmedia":[{"embeddable":true,"href":"https:\/\/www.europesays.com\/fr\/wp-json\/wp\/v2\/media\/549320"}],"wp:attachment":[{"href":"https:\/\/www.europesays.com\/fr\/wp-json\/wp\/v2\/media?parent=549319"}],"wp:term":[{"taxonomy":"category","embeddable":true,"href":"https:\/\/www.europesays.com\/fr\/wp-json\/wp\/v2\/categories?post=549319"},{"taxonomy":"post_tag","embeddable":true,"href":"https:\/\/www.europesays.com\/fr\/wp-json\/wp\/v2\/tags?post=549319"}],"curies":[{"name":"wp","href":"https:\/\/api.w.org\/{rel}","templated":true}]}}