{"id":549323,"date":"2025-11-21T14:49:15","date_gmt":"2025-11-21T14:49:15","guid":{"rendered":"https:\/\/www.europesays.com\/fr\/549323\/"},"modified":"2025-11-21T14:49:15","modified_gmt":"2025-11-21T14:49:15","slug":"sofiane-oumiha-medaille-dargent-aux-jo-de-paris-rejoint-la-liste-de-jean-luc-moudenc","status":"publish","type":"post","link":"https:\/\/www.europesays.com\/fr\/549323\/","title":{"rendered":"Sofiane Oumiha, m\u00e9daill\u00e9 d\u2019argent aux JO de Paris, rejoint la liste de Jean-Luc Moudenc"},"content":{"rendered":"<p>Apr\u00e8s Guillaume Duval la semaine derni\u00e8re, c\u2019est au tour du boxeur <a href=\"https:\/\/www.20minutes.fr\/sport\/jo_2024\/4110955-20240919-jo-paris-2024-leon-marchand-antoine-dupont-toulouse-accueille-heros-athletes\" target=\"_blank\" class=\"c-link c-link--is-underlined\" rel=\"noopener\">Sofiane Oumiha<\/a>, revenu des <a href=\"https:\/\/www.20minutes.fr\/sport\/jo_2024\/\" class=\"c-link c-link--is-underlined\" target=\"_blank\" rel=\"noopener\">Jeux olympiques de Paris<\/a> avec une m\u00e9daille d\u2019argent autour du cou, d\u2019officialiser son entr\u00e9e sur la liste du maire sortant (divers droite) pour <a href=\"https:\/\/www.20minutes.fr\/municipales\/\" class=\"c-link c-link--is-underlined\" target=\"_blank\" rel=\"noopener\">les municipales<\/a> de\u00a02026, <a href=\"https:\/\/www.20minutes.fr\/toulouse\/4183981-20251106-municipales-2026-toulouse-surprise-jean-luc-moudenc-maire-sortant-annonce-officiellement-candidature\" target=\"_blank\" class=\"c-link c-link--is-underlined\" rel=\"noopener\">Jean-Luc Moudenc<\/a>.<\/p>\n<p>\u00c0 30 ans, le Toulousain pur jus du quartier de la Reynerie devient ainsi la nouvelle \u00ab\u00a0figure inspirante pour la jeunesse\u00a0\u00bb vant\u00e9e par Jean-Luc Moudenc. Le champion, qui a grandi dans le quartier prioritaire de la Ville rose avant de monter sur les rings du monde entier, voit dans cet engagement une fa\u00e7on de boucler la boucle.<\/p>\n<\/p>\n<p>\u00ab\u00a0Aujourd\u2019hui, je veux redonner \u00e0 Toulouse ce qu\u2019elle m\u2019a donn\u00e9\u00a0\u00bb<\/p>\n<p>\u00ab\u00a0Je veux accompagner Jean-Luc dans la victoire, car nous partageons la m\u00eame ambition\u00a0: repr\u00e9senter Toulouse dans ce qu\u2019elle a de plus beau, de plus fort, de plus inspirant. Une ville qui donne sa chance, qui encourage, qui \u00e9l\u00e8ve. Toulouse m\u2019a construit. Aujourd\u2019hui, je veux redonner \u00e0 Toulouse ce qu\u2019elle m\u2019a donn\u00e9\u00a0\u00bb, d\u00e9clare Sofiane Oumiha dans un communiqu\u00e9.<\/p>\n<p>\u00ab\u00a0Le gamin de la Reynerie que je suis a connu de belles victoires, des d\u00e9faites aussi, mais j\u2019ai toujours su me relever. La boxe est un sport individuel mais la victoire est toujours collective. C\u2019est comme \u00e7a que je vois l\u2019engagement aux c\u00f4t\u00e9s de Jean-Luc Moudenc\u00a0\u00bb, conclut le boxeur.<\/p>\n<p>La liste du maire sortant s\u2019\u00e9toffe donc de profils populaires et ancr\u00e9s localement\u00a0: le pr\u00e9sident de la F\u00e9d\u00e9ration des commer\u00e7ants toulousains d\u2019un c\u00f4t\u00e9, le champion olympique de l\u2019autre, \u00e0 quelques mois des \u00e9lections.<\/p>\n","protected":false},"excerpt":{"rendered":"Apr\u00e8s Guillaume Duval la semaine derni\u00e8re, c\u2019est au tour du boxeur Sofiane Oumiha, revenu des Jeux olympiques de&hellip;\n","protected":false},"author":2,"featured_media":549324,"comment_status":"","ping_status":"","sticky":false,"template":"","format":"standard","meta":{"footnotes":""},"categories":[2816],"tags":[1111,11,13740,2761,1777,674,1011,27,2722,2857,7941,2721,12,2680,316,1306,25,66686,2312],"class_list":{"0":"post-549323","1":"post","2":"type-post","3":"status-publish","4":"format-standard","5":"has-post-thumbnail","7":"category-toulouse","8":"tag-actu","9":"tag-actualites","10":"tag-boxe","11":"tag-elections-municipales-2026","12":"tag-eu","13":"tag-europe","14":"tag-fr","15":"tag-france","16":"tag-haute-garonne","17":"tag-jean-luc-moudenc","18":"tag-jo-paris-2024","19":"tag-midi-pyrenees","20":"tag-news","21":"tag-occitanie","22":"tag-politique","23":"tag-regions","24":"tag-republique-francaise","25":"tag-sofiane-oumiha","26":"tag-toulouse"},"share_on_mastodon":{"url":"https:\/\/pubeurope.com\/@fr\/115588246121934147","error":""},"_links":{"self":[{"href":"https:\/\/www.europesays.com\/fr\/wp-json\/wp\/v2\/posts\/549323","targetHints":{"allow":["GET"]}}],"collection":[{"href":"https:\/\/www.europesays.com\/fr\/wp-json\/wp\/v2\/posts"}],"about":[{"href":"https:\/\/www.europesays.com\/fr\/wp-json\/wp\/v2\/types\/post"}],"author":[{"embeddable":true,"href":"https:\/\/www.europesays.com\/fr\/wp-json\/wp\/v2\/users\/2"}],"replies":[{"embeddable":true,"href":"https:\/\/www.europesays.com\/fr\/wp-json\/wp\/v2\/comments?post=549323"}],"version-history":[{"count":0,"href":"https:\/\/www.europesays.com\/fr\/wp-json\/wp\/v2\/posts\/549323\/revisions"}],"wp:featuredmedia":[{"embeddable":true,"href":"https:\/\/www.europesays.com\/fr\/wp-json\/wp\/v2\/media\/549324"}],"wp:attachment":[{"href":"https:\/\/www.europesays.com\/fr\/wp-json\/wp\/v2\/media?parent=549323"}],"wp:term":[{"taxonomy":"category","embeddable":true,"href":"https:\/\/www.europesays.com\/fr\/wp-json\/wp\/v2\/categories?post=549323"},{"taxonomy":"post_tag","embeddable":true,"href":"https:\/\/www.europesays.com\/fr\/wp-json\/wp\/v2\/tags?post=549323"}],"curies":[{"name":"wp","href":"https:\/\/api.w.org\/{rel}","templated":true}]}}