{"id":549329,"date":"2025-11-21T14:52:21","date_gmt":"2025-11-21T14:52:21","guid":{"rendered":"https:\/\/www.europesays.com\/fr\/549329\/"},"modified":"2025-11-21T14:52:21","modified_gmt":"2025-11-21T14:52:21","slug":"trois-producteurs-artisanaux-de-boissons-font-cause-et-cooperative-communes","status":"publish","type":"post","link":"https:\/\/www.europesays.com\/fr\/549329\/","title":{"rendered":"trois producteurs artisanaux de boissons font cause et coop\u00e9rative communes"},"content":{"rendered":"<p class=\"rev-margin-0 rev-text-xs-normal\">Guillaume Strebler de la Distillerie de la Plaine (\u00e0 gauche) et Sinclair Ringenbach des kombuchas Tisse, deux des producteurs int\u00e9gr\u00e9s (avec la Bi\u00e8re de la Plaine) \u00e0 la coop\u00e9rative de producteurs marseillais La Source.<\/p>\n<p class=\"rev-margin-0 rev-text-xs-bold\">\/ Photo Lucie AMALRIC<\/p>\n<p>C\u2019est un vaste entrep\u00f4t de la zone d\u2019activit\u00e9 Master Park de la Pomme \u00e0 Marseille (11e). De longs racks o\u00f9 s\u2019amoncellent palettes pr\u00eates pour l\u2019exp\u00e9dition, cartons s\u00e9rigraphi\u00e9s encore vides, sacs de malt et de houblon\u00a0; des casiers \u00e0 bouteilles au sol, des cuves inox un peu partout, une cha\u00eene d\u2019embouteillage\u2026 Bienvenue \u00e0 La Source, toute neuve soci\u00e9t\u00e9 coop\u00e9rative d\u2019int\u00e9r\u00eat collectif (Scic) r\u00e9unissant trois des acteurs en vue de la production de boissons \u00e0 Marseille\u00a0: la <a href=\"https:\/\/www.laprovence.com\/article\/region\/23988584829042\/a-marseille-la-biere-de-la-plaine-et-tisse-organisent-la-fete-des-boissons-le-7-juin\" target=\"_blank\" rel=\"noopener\">Brasserie de la Plaine<\/a>, la Distillerie de la Plaine (m\u00eame nom commercial mais entit\u00e9s administratives distinctes) et Tisse Kombucha.<\/p>\n<p><img alt=\"Vaste stockage, outils de production communs, mutualisation des livraisons : la coop\u00e9rative de La Pomme (11e), permet une meilleure rationalisation des frais pour chaque soci\u00e9t\u00e9 associ\u00e9e.\" loading=\"lazy\" decoding=\"async\" data-nimg=\"fill\" class=\" TwicCore_img__i9TC1 undefined  undefined\" style=\"position:absolute;height:100%;width:100%;left:0;top:0;right:0;bottom:0;color:transparent;background-size:cover;background-position:50% 50%;background-repeat:no-repeat;background-image:url(&quot;data:image\/svg+xml;charset=utf-8,%3Csvg xmlns='http:\/\/www.w3.org\/2000\/svg' %3E%3Cfilter id='b' color-interpolation-filters='sRGB'%3E%3CfeGaussianBlur stdDeviation='20'\/%3E%3CfeColorMatrix values='1 0 0 0 0 0 1 0 0 0 0 0 1 0 0 0 0 0 100 -1' result='s'\/%3E%3CfeFlood x='0' y='0' width='100%25' height='100%25'\/%3E%3CfeComposite operator='out' in='s'\/%3E%3CfeComposite in2='SourceGraphic'\/%3E%3CfeGaussianBlur stdDeviation='20'\/%3E%3C\/filter%3E%3Cimage width='100%25' height='100%25' x='0' y='0' preserveAspectRatio='none' style='filter: url(%23b);' href='https:\/\/pictures.laprovence.com\/cdn-cgi\/image\/blur=250\/media\/melody\/2025\/11\/21\/vaste-stockage-outils-de-production-communs-mutualisation-des-livraisons-la-cooperative-de-la-pomme-1763735788_cba2217a60296cfa2217a6029c3b22v_.jpg'\/%3E%3C\/svg%3E&quot;)\"   src=\"https:\/\/www.europesays.com\/fr\/wp-content\/uploads\/2025\/11\/vaste-stockage-outils-de-production-communs-mutualisation-des-livraisons-la-cooperative-de-la-pomme-.jpeg\"\/>Vaste stockage, outils de production communs, mutualisation des livraisons : la coop\u00e9rative de La Pomme (11e), permet une meilleure rationalisation des frais pour chaque soci\u00e9t\u00e9 associ\u00e9e. \/ Photo L.A.<\/p>\n<p>L\u2019id\u00e9e semble de prime abord limpide\u00a0: regrouper en un m\u00eame lieu plusieurs producteurs artisanaux pour mieux rentabiliser le loyer, les outils de production, la logistique et les achats. Elle ne va pourtant pas de soi dans un monde artisanal o\u00f9 chacun est plut\u00f4t habitu\u00e9 \u00e0 mener ses affaires dans son coin.<\/p>\n<p>Rationaliser les co\u00fbts et \u00e9toffer le catalogue<\/p>\n<p>\u00c7a n\u2019est donc pas un hasard si La Source est concr\u00e8tement n\u00e9e au printemps dernier, au moment m\u00eame o\u00f9 la plus importante de ses trois composantes, la <a href=\"https:\/\/www.brasseriedelaplaine.fr\/\" target=\"_blank\" rel=\"noopener\">Brasserie de la Plaine<\/a>, pionni\u00e8re des bi\u00e8res artisanales marseillaises n\u00e9e en\u00a02013, \u00e9tait &#8230;<\/p>\n","protected":false},"excerpt":{"rendered":"Guillaume Strebler de la Distillerie de la Plaine (\u00e0 gauche) et Sinclair Ringenbach des kombuchas Tisse, deux des&hellip;\n","protected":false},"author":2,"featured_media":549330,"comment_status":"","ping_status":"","sticky":false,"template":"","format":"standard","meta":{"footnotes":""},"categories":[2814],"tags":[17,1111,11,66687,32846,3738,1777,674,7234,1011,27,884,12,38757,882,16,25,1100],"class_list":{"0":"post-549329","1":"post","2":"type-post","3":"status-publish","4":"format-standard","5":"has-post-thumbnail","7":"category-marseille","8":"tag-17","9":"tag-actu","10":"tag-actualites","11":"tag-artisanaux","12":"tag-boissons","13":"tag-cause","14":"tag-eu","15":"tag-europe","16":"tag-font","17":"tag-fr","18":"tag-france","19":"tag-marseille","20":"tag-news","21":"tag-producteurs","22":"tag-provence-alpes-cote-dazur","23":"tag-region","24":"tag-republique-francaise","25":"tag-trois"},"share_on_mastodon":{"url":"https:\/\/pubeurope.com\/@fr\/115588258506685758","error":""},"_links":{"self":[{"href":"https:\/\/www.europesays.com\/fr\/wp-json\/wp\/v2\/posts\/549329","targetHints":{"allow":["GET"]}}],"collection":[{"href":"https:\/\/www.europesays.com\/fr\/wp-json\/wp\/v2\/posts"}],"about":[{"href":"https:\/\/www.europesays.com\/fr\/wp-json\/wp\/v2\/types\/post"}],"author":[{"embeddable":true,"href":"https:\/\/www.europesays.com\/fr\/wp-json\/wp\/v2\/users\/2"}],"replies":[{"embeddable":true,"href":"https:\/\/www.europesays.com\/fr\/wp-json\/wp\/v2\/comments?post=549329"}],"version-history":[{"count":0,"href":"https:\/\/www.europesays.com\/fr\/wp-json\/wp\/v2\/posts\/549329\/revisions"}],"wp:featuredmedia":[{"embeddable":true,"href":"https:\/\/www.europesays.com\/fr\/wp-json\/wp\/v2\/media\/549330"}],"wp:attachment":[{"href":"https:\/\/www.europesays.com\/fr\/wp-json\/wp\/v2\/media?parent=549329"}],"wp:term":[{"taxonomy":"category","embeddable":true,"href":"https:\/\/www.europesays.com\/fr\/wp-json\/wp\/v2\/categories?post=549329"},{"taxonomy":"post_tag","embeddable":true,"href":"https:\/\/www.europesays.com\/fr\/wp-json\/wp\/v2\/tags?post=549329"}],"curies":[{"name":"wp","href":"https:\/\/api.w.org\/{rel}","templated":true}]}}