{"id":549333,"date":"2025-11-21T14:54:10","date_gmt":"2025-11-21T14:54:10","guid":{"rendered":"https:\/\/www.europesays.com\/fr\/549333\/"},"modified":"2025-11-21T14:54:10","modified_gmt":"2025-11-21T14:54:10","slug":"une-operation-de-police-massive-menee","status":"publish","type":"post","link":"https:\/\/www.europesays.com\/fr\/549333\/","title":{"rendered":"une op\u00e9ration de police massive men\u00e9e"},"content":{"rendered":"<p>                    Par<br \/>\n        <strong><br \/>\n            <a href=\"https:\/\/actu.fr\/auteur\/julien-damboise\" title=\"Consulter tous les articles de Julien Damboise\" rel=\"nofollow noopener\" target=\"_blank\">Julien Damboise<\/a><br \/>\n                    <\/strong><\/p>\n<p>        Publi\u00e9 le<\/p>\n<p>            21 nov. 2025 \u00e0 15h49        <\/p>\n<p>Une large <strong>op\u00e9ration de s\u00e9curisation<\/strong> a \u00e9t\u00e9 men\u00e9e par la police dans les quartiers de <a href=\"https:\/\/actu.fr\/tag\/guillotiere\" rel=\"nofollow noopener\" target=\"_blank\">Guilloti\u00e8re<\/a> et Villeroy cette semaine \u00e0 <a href=\"https:\/\/actu.fr\/lyon\/\" rel=\"nofollow noopener\" target=\"_blank\">Lyon<\/a>. Les forces de l\u2019ordre ont investi les deux secteurs avec d\u2019importants moyens d\u00e9ploy\u00e9s durant deux journ\u00e9es. Voici <strong>les r\u00e9sultats<\/strong>.\u00a0<\/p>\n<p>Guilloti\u00e8re et Villeroy quadrill\u00e9s<\/p>\n<p class=\" wall-content\">Comme pr\u00e9c\u00e9demment \u00e0 <a href=\"https:\/\/actu.fr\/auvergne-rhone-alpes\/venissieux_69259\" rel=\"nofollow noopener\" target=\"_blank\">V\u00e9nissieux<\/a>, Meyzieu et d\u00e9j\u00e0 \u00e0 Lyon, la police a men\u00e9 une vaste op\u00e9ration de \u00ab s\u00e9curisation \u00bb mercredi 19 et jeudi 20 novembre sur les quartiers Guilloti\u00e8re et Villeroy, particuli\u00e8rement touch\u00e9s par certains types de <strong>d\u00e9linquances<\/strong>.<\/p>\n<p class=\" wall-content\">Une mobilisation dans le cadre de la mise en \u0153uvre du plan d\u2019action d\u00e9partemental de restauration de la s\u00e9curit\u00e9 du quotidien qui d\u00e9finit depuis le d\u00e9but de l\u2019ann\u00e9e 2025 <a href=\"https:\/\/actu.fr\/auvergne-rhone-alpes\/lyon_69123\/lyon-nouveau-plan-de-bataille-contre-l-insecurite-la-mobilisation-generale-decretee_62284173.html\" rel=\"nofollow noopener\" target=\"_blank\">les priorit\u00e9s des autorit\u00e9s<\/a>. On retrouve ainsi la lutte contre les violences et les trafics, notamment de drogue.<\/p>\n<p>Pr\u00e8s de 200 policiers, des interpellations<\/p>\n<p class=\" wall-content\">Cette fois, ce sont 194 policiers qui ont \u00e9t\u00e9 mobilis\u00e9s dans ces zones situ\u00e9es entre le 3e et le 7e. Ils ont \u00e9t\u00e9 \u00e9paul\u00e9s par des agents de la police municipale, de la RATP, ou encore des douaniers pour contr\u00f4ler <strong>750 personnes au total<\/strong>.<\/p>\n<p class=\" wall-content\">Parmi eux, 14 individus ont \u00e9t\u00e9 interpell\u00e9s tandis que <strong>10 \u00e9trangers<\/strong> en situation irr\u00e9guli\u00e8re ont \u00e9t\u00e9 remis \u00e0 la police aux fronti\u00e8res.<\/p>\n<p class=\" wall-content\"><strong>Des infractions aussi<\/strong><\/p>\n<p class=\" wall-content\">Des \u00ab\u00a0petites infractions\u00a0\u00bb ont \u00e9t\u00e9 \u00e9galement relev\u00e9es, 97 au total pour des jets de d\u00e9tritus, des d\u00e9lits routiers ou la d\u00e9couverte d\u2019objets de contrebande.<\/p>\n<p class=\" wall-content\">Les autorit\u00e9s se f\u00e9licitent aussi du nombre de 27 amendes forfaitaires d\u00e9lictuelles qui ont \u00e9t\u00e9 dress\u00e9s pour consommation de <a href=\"https:\/\/actu.fr\/tag\/drogue\" rel=\"nofollow noopener\" target=\"_blank\">stup\u00e9fiants<\/a>, vente \u00e0 la sauvette ou d\u00e9faut d\u2019assurance et d\u00e9faut de permis de conduire.<\/p>\n<p>Votre r\u00e9gion, votre actu !<\/p>\n<p>Recevez chaque jour les infos qui comptent pour vous.<\/p>\n<p>\t<a href=\"https:\/\/actu.fr\/newsletter\" class=\"ac-btn ac-btn--corner ac-btn--medium ac-btn--blue800\" rel=\"nofollow noopener\" target=\"_blank\">S&rsquo;incrire<\/a><\/p>\n<p class=\" wall-content\">Il y a eu aussi des saisies de tabac dans ce secteur tr\u00e8s concern\u00e9 par la vente \u00e0 la sauvette : 70 paquets de cigarettes de contrebande et 30 paquets de tabac \u00e0 chiquer. Un total de plus de <strong>26 000 euros en liquide<\/strong> a enfin \u00e9t\u00e9 confisqu\u00e9.<\/p>\n<p class=\" wall-content\">\u00c0 noter aussi que des volets antifraudes ont \u00e9t\u00e9 r\u00e9alis\u00e9s, avec quatre commerces contr\u00f4l\u00e9s entra\u00eenant une proc\u00e9dure pour recel et blanchiment, deux autres pour travail dissimul\u00e9.<\/p>\n<p class=\" wall-content\">Personnalisez votre actualit\u00e9 en ajoutant vos villes et m\u00e9dias en favori avec <a href=\"https:\/\/moncompte.actu.fr\" title=\"D\u00e9couvez Mon Actu\" rel=\"nofollow noopener\" data-trk=\"{&quot;cta&quot;:{&quot;action&quot;:&quot;https:\\\/\\\/moncompte.actu.fr&quot;,&quot;category&quot;:&quot;mon compte&quot;,&quot;from&quot;:&quot;article footer&quot;,&quot;name&quot;:&quot;Mon actu&quot;,&quot;type&quot;:&quot;cta&quot;}}\" target=\"_blank\">Mon Actu<\/a>.<\/p>\n","protected":false},"excerpt":{"rendered":"Par Julien Damboise Publi\u00e9 le 21 nov. 2025 \u00e0 15h49 Une large op\u00e9ration de s\u00e9curisation a \u00e9t\u00e9 men\u00e9e&hellip;\n","protected":false},"author":2,"featured_media":549334,"comment_status":"","ping_status":"","sticky":false,"template":"","format":"standard","meta":{"footnotes":""},"categories":[1889],"tags":[1111,11,2430,1777,674,118,1011,27,23173,2428,12,1072,25],"class_list":{"0":"post-549333","1":"post","2":"type-post","3":"status-publish","4":"format-standard","5":"has-post-thumbnail","7":"category-lyon","8":"tag-actu","9":"tag-actualites","10":"tag-auvergne-rhone-alpes","11":"tag-eu","12":"tag-europe","13":"tag-faits-divers","14":"tag-fr","15":"tag-france","16":"tag-guillotiere","17":"tag-lyon","18":"tag-news","19":"tag-police","20":"tag-republique-francaise"},"share_on_mastodon":{"url":"https:\/\/pubeurope.com\/@fr\/115588265821506471","error":""},"_links":{"self":[{"href":"https:\/\/www.europesays.com\/fr\/wp-json\/wp\/v2\/posts\/549333","targetHints":{"allow":["GET"]}}],"collection":[{"href":"https:\/\/www.europesays.com\/fr\/wp-json\/wp\/v2\/posts"}],"about":[{"href":"https:\/\/www.europesays.com\/fr\/wp-json\/wp\/v2\/types\/post"}],"author":[{"embeddable":true,"href":"https:\/\/www.europesays.com\/fr\/wp-json\/wp\/v2\/users\/2"}],"replies":[{"embeddable":true,"href":"https:\/\/www.europesays.com\/fr\/wp-json\/wp\/v2\/comments?post=549333"}],"version-history":[{"count":0,"href":"https:\/\/www.europesays.com\/fr\/wp-json\/wp\/v2\/posts\/549333\/revisions"}],"wp:featuredmedia":[{"embeddable":true,"href":"https:\/\/www.europesays.com\/fr\/wp-json\/wp\/v2\/media\/549334"}],"wp:attachment":[{"href":"https:\/\/www.europesays.com\/fr\/wp-json\/wp\/v2\/media?parent=549333"}],"wp:term":[{"taxonomy":"category","embeddable":true,"href":"https:\/\/www.europesays.com\/fr\/wp-json\/wp\/v2\/categories?post=549333"},{"taxonomy":"post_tag","embeddable":true,"href":"https:\/\/www.europesays.com\/fr\/wp-json\/wp\/v2\/tags?post=549333"}],"curies":[{"name":"wp","href":"https:\/\/api.w.org\/{rel}","templated":true}]}}