{"id":549357,"date":"2025-11-21T15:11:26","date_gmt":"2025-11-21T15:11:26","guid":{"rendered":"https:\/\/www.europesays.com\/fr\/549357\/"},"modified":"2025-11-21T15:11:26","modified_gmt":"2025-11-21T15:11:26","slug":"leurope-brandit-le-no-deal-face-au-tabou-de-la-sortie-des-energies-fossiles","status":"publish","type":"post","link":"https:\/\/www.europesays.com\/fr\/549357\/","title":{"rendered":"L\u2019Europe brandit le \u00ab\u00a0no deal\u00a0\u00bb face au tabou de la sortie des \u00e9nergies fossiles"},"content":{"rendered":"<p>Le ton est mont\u00e9 d\u2019un cran. Ce n\u2019est plus une simple passe d\u2019armes diplomatique, mais une v\u00e9ritable crise de confiance qui secoue les derniers jours de la Conf\u00e9rence des Parties (COP30). Au c\u0153ur de l\u2019impasse, un mot absent : \u00ab\u00a0fossiles\u00a0\u00bb.<\/p>\n<p>Lorsque le commissaire europ\u00e9en Wopke Hoekstra a d\u00e9clar\u00e9 le texte de la pr\u00e9sidence br\u00e9silienne \u00ab\u00a0inacceptable\u00a0\u00bb et \u00ab\u00a0loin de l\u2019ambition dont nous avons besoin\u00a0\u00bb, le sc\u00e9nario du \u00ab\u00a0no deal\u00a0\u00bb a cess\u00e9 d\u2019\u00eatre un simple risque pour devenir une strat\u00e9gie assum\u00e9e. L\u2019Union europ\u00e9enne (UE), alli\u00e9e \u00e0 pr\u00e8s de 80 pays dont les plus menac\u00e9s, a choisi de brandir la menace de l&rsquo;absence d&rsquo;accord final pour arracher un engagement structurant et chiffr\u00e9 sur l\u2019abandon du p\u00e9trole, du gaz et du charbon. C\u2019est le prix de la cr\u00e9dibilit\u00e9 pour maintenir l\u2019objectif de 1,5 \u00b0C de l\u2019accord de Paris.<\/p>\n<p>Le foss\u00e9 \u00e9conomique et moral de la transition&#13;\n<\/p>\n<p>Car ce mot symbolise la rupture \u00e9conomique que les n\u00e9gociations s\u2019efforcent d\u2019\u00e9viter depuis des d\u00e9cennies. Pour l\u2019UE et la Coalition de l\u2019ambition, qui inclut des \u00c9tats insulaires dont l\u2019existence m\u00eame est en jeu, le retrait progressif des fossiles n\u2019est pas une option mais une feuille de route imp\u00e9rative. Il s\u2019agit d\u2019un signal clair aux march\u00e9s de l\u2019\u00e9nergie et aux investisseurs, posant l\u2019\u00e9pine dorsale de l\u2019\u00e9conomie de demain.<\/p>\n<p>Face \u00e0 cette urgence, un Bloc de la r\u00e9sistance oppose un v\u00e9to \u00e9conomique. Ce groupe est articul\u00e9 autour des pays producteurs (Arabie saoudite, Russie, Nigeria) pour qui le maintient de leurs revenus p\u00e9troliers est une ligne rouge. Il est \u00e9galement renforc\u00e9 par de grands \u00e9metteurs \u00e9mergents comme la Chine et l\u2019Inde. Leur argument est que toute transition doit \u00eatre \u00ab\u00a0juste\u00a0\u00bb et ne pas compromettre leur d\u00e9veloppement \u00e9conomique. Ils pr\u00e9f\u00e8rent un texte qui insiste lourdement sur le triplement des financements des pays riches vers le Sud global \u2013 une priorit\u00e9 l\u00e9gitime du G77+Chine \u2013 plut\u00f4t que sur des contraintes d\u2019att\u00e9nuation.<\/p>\n<p>C\u2019est l\u00e0 que r\u00e9side la tension narrative profonde de cette COP : l\u2019\u00e9quit\u00e9 financi\u00e8re du Sud Global contre l\u2019ambition climatique demand\u00e9e par l\u2019Europe et les plus vuln\u00e9rables. La pr\u00e9sidence br\u00e9silienne a tent\u00e9 de faire une synth\u00e8se en priorisant les avanc\u00e9es sur le financement. Mais le texte, en omettant les \u00e9nergies fossiles, donne l\u2019impression de saupoudrer de l\u2019argent sur un syst\u00e8me qui continue de br\u00fbler le moteur de la crise.<\/p>\n<p>Un pari risqu\u00e9, une menace n\u00e9cessaire&#13;\n<\/p>\n<p>En mena\u00e7ant de rompre, l\u2019UE prend un risque immense\u00a0: celui de faire \u00e9chouer l\u2019accord, ce qui serait un revers diplomatique majeur. Mais elle fait aussi un pari strat\u00e9gique\u00a0: celui de forcer les n\u00e9gociateurs \u00e0 admettre qu\u2019un mauvais accord \u2013 un accord sans la sortie des fossiles \u2013 est plus dangereux qu\u2019une absence d\u2019accord. Un texte cosm\u00e9tique donnerait au monde une fausse impression de victoire tout en verrouillant la trajectoire vers un r\u00e9chauffement catastrophique.<\/p>\n<p>La poursuite des tractations au-del\u00e0 de la date limite est d\u00e9sormais in\u00e9luctable. L\u2019Europe met en \u00e9vidence une v\u00e9rit\u00e9 simple\u00a0: sans la fin programm\u00e9e des fossiles, il n\u2019y a pas d\u2019accord, il n\u2019y a qu\u2019une illusion climatique. Les heures qui viennent r\u00e9v\u00e9leront si la pression europ\u00e9enne peut fissurer la r\u00e9sistance des producteurs, ou si le 1,5\u00a0\u00b0C restera un objectif inaccessible, victime de l\u2019inertie \u00e9conomique.<\/p>\n","protected":false},"excerpt":{"rendered":"Le ton est mont\u00e9 d\u2019un cran. Ce n\u2019est plus une simple passe d\u2019armes diplomatique, mais une v\u00e9ritable crise&hellip;\n","protected":false},"author":2,"featured_media":549358,"comment_status":"","ping_status":"","sticky":false,"template":"","format":"standard","meta":{"footnotes":""},"categories":[1586],"tags":[66689,17,11,66688,1129,53082,10083,4427,1777,674,2823,57805,1011,27,1808,12,25,3686,9326],"class_list":{"0":"post-549357","1":"post","2":"type-post","3":"status-publish","4":"format-standard","5":"has-post-thumbnail","7":"category-europe","8":"tag-no","9":"tag-17","10":"tag-actualites","11":"tag-brandit","12":"tag-climat","13":"tag-cop30","14":"tag-deal","15":"tag-energies","16":"tag-eu","17":"tag-europe","18":"tag-face","19":"tag-fossiles","20":"tag-fr","21":"tag-france","22":"tag-leurope","23":"tag-news","24":"tag-republique-francaise","25":"tag-sortie","26":"tag-tabou"},"share_on_mastodon":{"url":"https:\/\/pubeurope.com\/@fr\/115588332657833935","error":""},"_links":{"self":[{"href":"https:\/\/www.europesays.com\/fr\/wp-json\/wp\/v2\/posts\/549357","targetHints":{"allow":["GET"]}}],"collection":[{"href":"https:\/\/www.europesays.com\/fr\/wp-json\/wp\/v2\/posts"}],"about":[{"href":"https:\/\/www.europesays.com\/fr\/wp-json\/wp\/v2\/types\/post"}],"author":[{"embeddable":true,"href":"https:\/\/www.europesays.com\/fr\/wp-json\/wp\/v2\/users\/2"}],"replies":[{"embeddable":true,"href":"https:\/\/www.europesays.com\/fr\/wp-json\/wp\/v2\/comments?post=549357"}],"version-history":[{"count":0,"href":"https:\/\/www.europesays.com\/fr\/wp-json\/wp\/v2\/posts\/549357\/revisions"}],"wp:featuredmedia":[{"embeddable":true,"href":"https:\/\/www.europesays.com\/fr\/wp-json\/wp\/v2\/media\/549358"}],"wp:attachment":[{"href":"https:\/\/www.europesays.com\/fr\/wp-json\/wp\/v2\/media?parent=549357"}],"wp:term":[{"taxonomy":"category","embeddable":true,"href":"https:\/\/www.europesays.com\/fr\/wp-json\/wp\/v2\/categories?post=549357"},{"taxonomy":"post_tag","embeddable":true,"href":"https:\/\/www.europesays.com\/fr\/wp-json\/wp\/v2\/tags?post=549357"}],"curies":[{"name":"wp","href":"https:\/\/api.w.org\/{rel}","templated":true}]}}