{"id":54936,"date":"2025-04-26T17:44:09","date_gmt":"2025-04-26T17:44:09","guid":{"rendered":"https:\/\/www.europesays.com\/fr\/54936\/"},"modified":"2025-04-26T17:44:09","modified_gmt":"2025-04-26T17:44:09","slug":"cette-celebre-marque-de-luxe-va-ouvrir-un-magasin-en-centre-ville","status":"publish","type":"post","link":"https:\/\/www.europesays.com\/fr\/54936\/","title":{"rendered":"cette c\u00e9l\u00e8bre marque de luxe va ouvrir un magasin en centre-ville"},"content":{"rendered":"<p>            Par<br \/>\n        <strong><br \/>\n            <a href=\"https:\/\/actu.fr\/auteur\/clemence-pays02-actu-fr\" title=\"Consulter tous les articles de Cl\u00e9mence Pays\" rel=\"nofollow noopener\" target=\"_blank\">Cl\u00e9mence Pays<\/a><br \/>\n        <\/strong><\/p>\n<p>        Publi\u00e9 le<\/p>\n<p>            26 avr. 2025 \u00e0 18h52        <\/p>\n<p>En 2020, les foulards en soie et les accessoires en cuir <strong>Herm\u00e8s<\/strong> avaient quitt\u00e9 le centre-ville de Rennes. La boutique, au <strong>6, rue La Fayette,<\/strong> avait retrouv\u00e9 le monde de la mode en 2022 avec l\u2019arriv\u00e9e de l\u2019enseigne de pr\u00eat-\u00e0-porter masculin <strong>Bonne Gueule.<\/strong><\/p>\n<p class=\" wall-content\">En 2024, la soci\u00e9t\u00e9, dont le si\u00e8ge social est bas\u00e9 \u00e0 Paris, a rencontr\u00e9 des difficult\u00e9s financi\u00e8res et a annonc\u00e9 son placement en <strong>redressement judiciaire.<\/strong> La marque s\u2019est retrouv\u00e9e contrainte de fermer plusieurs points de vente et a donc pli\u00e9 bagage \u00e0 Rennes, <a href=\"https:\/\/actu.fr\/pays-de-la-loire\/nantes_44109\/nantes-cette-boutique-de-pret-a-porter-masculin-ferme-definitivement_61731266.html\" rel=\"nofollow noopener\" target=\"_blank\">mais aussi \u00e0 Nantes<\/a> et <a href=\"https:\/\/actu.fr\/grand-est\/strasbourg_67482\/strasbourg-deux-ans-apres-son-ouverture-bonnegueule-ferme-une-belle-adresse-au-loyer-helas-trop-eleve_61896749.html\" rel=\"nofollow noopener\" target=\"_blank\">\u00e0 Strasbourg<\/a>.<\/p>\n<p>Le retour du luxe \u00e0 Rennes<\/p>\n<p class=\" wall-content\">Depuis plusieurs semaines, les vitrines de la boutique ont \u00e9t\u00e9 recouvertes de vitrophanies blanches au <strong>logo bien connu.<\/strong> Ce cheval lanc\u00e9 au galop n\u2019est autre que celui de l\u2019enseigne <strong>Longchamp,<\/strong> fond\u00e9e en 1948 par Jean Cassegrain.<\/p>\n<p>      <img   decoding=\"async\" loading=\"lazy\" src=\"https:\/\/www.europesays.com\/fr\/wp-content\/uploads\/2025\/04\/1-rennes-bonne-gueule-longchamp-rue-la-fayette-centre-ville-commerce-960x640.jpeg\" alt=\"Bonne Gueule Longchamp\" width=\"960\" height=\"640\"\/><br \/>\n    La boutique Bonne Gueule a ferm\u00e9 \u00e0 Rennes, elle va \u00eatre remplac\u00e9e par l\u2019enseigne de luxe Longchamp. (\u00a9Cl\u00e9mence Pays\/actu Rennes)<\/p>\n<p class=\" wall-content\">Contact\u00e9e par la r\u00e9daction d\u2019<a href=\"https:\/\/actu.fr\/rennes\/\" rel=\"nofollow noopener\" target=\"_blank\">actu Rennes<\/a>, la marque indique que le magasin rennais doit ouvrir ses portes <strong>au second semestre 2025,<\/strong> \u00ab\u2009plut\u00f4t vers la rentr\u00e9e\u2009\u00bb.<\/p>\n<p>Vid\u00e9os : en ce moment sur Actu<\/p>\n<p class=\" wall-content\">Pour m\u00e9moire, Longchamp avait d\u00e9j\u00e0 ouvert une boutique \u00e0 Rennes par le pass\u00e9, 4, rue Rallier-du-Baty. Le magasin \u00e0 la fa\u00e7ade verte avait <strong>ferm\u00e9 ses portes en 2017<\/strong> avant d\u2019\u00eatre remplac\u00e9 par le restaurant tha\u00eflandais Pitaya.<\/p>\n<p class=\" wall-content\">Suivez toute l\u2019actualit\u00e9 de vos villes et m\u00e9dias favoris en vous inscrivant \u00e0 <a href=\"https:\/\/moncompte.actu.fr\" title=\"D\u00e9couvez Mon Actu\" rel=\"nofollow noopener\" data-trk=\"{&quot;cta&quot;:{&quot;action&quot;:&quot;https:\\\/\\\/moncompte.actu.fr&quot;,&quot;category&quot;:&quot;mon compte&quot;,&quot;from&quot;:&quot;article footer&quot;,&quot;name&quot;:&quot;Mon actu&quot;,&quot;type&quot;:&quot;cta&quot;}}\" target=\"_blank\">Mon Actu<\/a>.<\/p>\n","protected":false},"excerpt":{"rendered":"Par Cl\u00e9mence Pays Publi\u00e9 le 26 avr. 2025 \u00e0 18h52 En 2020, les foulards en soie et les&hellip;\n","protected":false},"author":2,"featured_media":54937,"comment_status":"","ping_status":"","sticky":false,"template":"","format":"standard","meta":{"footnotes":""},"categories":[2821],"tags":[1111,11,829,215,33,1777,674,1011,27,2425,12,3147,584,25],"class_list":{"0":"post-54936","1":"post","2":"type-post","3":"status-publish","4":"format-standard","5":"has-post-thumbnail","7":"category-rennes","8":"tag-actu","9":"tag-actualites","10":"tag-bretagne","11":"tag-commerce","12":"tag-economie","13":"tag-eu","14":"tag-europe","15":"tag-fr","16":"tag-france","17":"tag-luxe","18":"tag-news","19":"tag-nouveaux-commerces","20":"tag-rennes","21":"tag-republique-francaise"},"share_on_mastodon":{"url":"https:\/\/pubeurope.com\/@fr\/114405511235768305","error":""},"_links":{"self":[{"href":"https:\/\/www.europesays.com\/fr\/wp-json\/wp\/v2\/posts\/54936","targetHints":{"allow":["GET"]}}],"collection":[{"href":"https:\/\/www.europesays.com\/fr\/wp-json\/wp\/v2\/posts"}],"about":[{"href":"https:\/\/www.europesays.com\/fr\/wp-json\/wp\/v2\/types\/post"}],"author":[{"embeddable":true,"href":"https:\/\/www.europesays.com\/fr\/wp-json\/wp\/v2\/users\/2"}],"replies":[{"embeddable":true,"href":"https:\/\/www.europesays.com\/fr\/wp-json\/wp\/v2\/comments?post=54936"}],"version-history":[{"count":0,"href":"https:\/\/www.europesays.com\/fr\/wp-json\/wp\/v2\/posts\/54936\/revisions"}],"wp:featuredmedia":[{"embeddable":true,"href":"https:\/\/www.europesays.com\/fr\/wp-json\/wp\/v2\/media\/54937"}],"wp:attachment":[{"href":"https:\/\/www.europesays.com\/fr\/wp-json\/wp\/v2\/media?parent=54936"}],"wp:term":[{"taxonomy":"category","embeddable":true,"href":"https:\/\/www.europesays.com\/fr\/wp-json\/wp\/v2\/categories?post=54936"},{"taxonomy":"post_tag","embeddable":true,"href":"https:\/\/www.europesays.com\/fr\/wp-json\/wp\/v2\/tags?post=54936"}],"curies":[{"name":"wp","href":"https:\/\/api.w.org\/{rel}","templated":true}]}}