{"id":549371,"date":"2025-11-21T15:24:19","date_gmt":"2025-11-21T15:24:19","guid":{"rendered":"https:\/\/www.europesays.com\/fr\/549371\/"},"modified":"2025-11-21T15:24:19","modified_gmt":"2025-11-21T15:24:19","slug":"ugo-ananie-change-de-club-actualite","status":"publish","type":"post","link":"https:\/\/www.europesays.com\/fr\/549371\/","title":{"rendered":"Ugo Ananie change de club &#8211; Actualit\u00e9"},"content":{"rendered":"<p style=\"text-align: justify;\">Apr\u00e8s deux ans au VC Amateur Saint-Quentin, Ugo Ananie va changer de club pendant l\u2019intersaison. Le Nordiste s\u2019est engag\u00e9 avec le VCU Schwenheim, annonce le club alsacien de N2.<\/p>\n<p>Le coureur de bient\u00f4t 23 ans a termin\u00e9 cette ann\u00e9e 3e de la Nocturne Souvenir Alain Dejardin \u00e0 Abbeville, 4e de Seclin-L&rsquo;Apr\u00e8s Tour, 5e du Grand Prix de la Cerise \u00e0 Masny et du Grand Prix de Gouy-sous-Bellonne, 8e du Crit\u00e9rium d&rsquo;Arras ou encore 12e d\u2019une \u00e9tape du Tour du Loiret.<\/p>\n<p>En Coupe de France N3, il a termin\u00e9 15e du Tour d&rsquo;Erdre et Gesvres, 18e du Grand Prix de Valberg et 19e du Grand Prix Christian Fenioux.<\/p>\n<p>Sp\u00e9cialiste de cyclo-cross, il vient de se classer 15e et 14 \u00e0 Quelneuc, en Coupe de France.<\/p>\n<p>Retrouvez toutes les mutations de l&rsquo;intersaison\u00a0<a href=\"https:\/\/www.directvelo.com\/mutations\/2026\" target=\"_blank\" rel=\"noopener\"><strong>en cliquant ici<\/strong><\/a>.<\/p>\n","protected":false},"excerpt":{"rendered":"Apr\u00e8s deux ans au VC Amateur Saint-Quentin, Ugo Ananie va changer de club pendant l\u2019intersaison. Le Nordiste s\u2019est&hellip;\n","protected":false},"author":2,"featured_media":549372,"comment_status":"","ping_status":"","sticky":false,"template":"","format":"standard","meta":{"footnotes":""},"categories":[1411],"tags":[834,828,836,829,837,827,83,826,824,823,1154,207,814,817,815,816,822,821,832,211,839,1011,27,820,818,819,835,831,830,833,838,60,212,208,825],"class_list":{"0":"post-549371","1":"post","2":"type-post","3":"status-publish","4":"format-standard","5":"has-post-thumbnail","7":"category-cyclisme","8":"tag-attaque","9":"tag-belgique","10":"tag-braquet","11":"tag-bretagne","12":"tag-chute","13":"tag-competition","14":"tag-coupe-de-france","15":"tag-coureur","16":"tag-course-cyclisme","17":"tag-course-cycliste","18":"tag-cycling","19":"tag-cyclisme","20":"tag-direct","21":"tag-direct-velo","22":"tag-directvelo","23":"tag-directvelo-com","24":"tag-epreuve","25":"tag-epreuve-cycliste","26":"tag-federation-francaise-de-cyclisme","27":"tag-ffc","28":"tag-flandres","29":"tag-fr","30":"tag-france","31":"tag-live","32":"tag-live-course","33":"tag-live-epreuve","34":"tag-peloton","35":"tag-radio-peloton","36":"tag-radio-tour","37":"tag-ravitaillement","38":"tag-relance","39":"tag-sports","40":"tag-uci","41":"tag-velo","42":"tag-velos"},"share_on_mastodon":{"url":"https:\/\/pubeurope.com\/@fr\/115588383742034311","error":""},"_links":{"self":[{"href":"https:\/\/www.europesays.com\/fr\/wp-json\/wp\/v2\/posts\/549371","targetHints":{"allow":["GET"]}}],"collection":[{"href":"https:\/\/www.europesays.com\/fr\/wp-json\/wp\/v2\/posts"}],"about":[{"href":"https:\/\/www.europesays.com\/fr\/wp-json\/wp\/v2\/types\/post"}],"author":[{"embeddable":true,"href":"https:\/\/www.europesays.com\/fr\/wp-json\/wp\/v2\/users\/2"}],"replies":[{"embeddable":true,"href":"https:\/\/www.europesays.com\/fr\/wp-json\/wp\/v2\/comments?post=549371"}],"version-history":[{"count":0,"href":"https:\/\/www.europesays.com\/fr\/wp-json\/wp\/v2\/posts\/549371\/revisions"}],"wp:featuredmedia":[{"embeddable":true,"href":"https:\/\/www.europesays.com\/fr\/wp-json\/wp\/v2\/media\/549372"}],"wp:attachment":[{"href":"https:\/\/www.europesays.com\/fr\/wp-json\/wp\/v2\/media?parent=549371"}],"wp:term":[{"taxonomy":"category","embeddable":true,"href":"https:\/\/www.europesays.com\/fr\/wp-json\/wp\/v2\/categories?post=549371"},{"taxonomy":"post_tag","embeddable":true,"href":"https:\/\/www.europesays.com\/fr\/wp-json\/wp\/v2\/tags?post=549371"}],"curies":[{"name":"wp","href":"https:\/\/api.w.org\/{rel}","templated":true}]}}