{"id":549373,"date":"2025-11-21T15:25:24","date_gmt":"2025-11-21T15:25:24","guid":{"rendered":"https:\/\/www.europesays.com\/fr\/549373\/"},"modified":"2025-11-21T15:25:24","modified_gmt":"2025-11-21T15:25:24","slug":"le-real-madrid-remercie-lamine-yamal","status":"publish","type":"post","link":"https:\/\/www.europesays.com\/fr\/549373\/","title":{"rendered":"Le Real Madrid remercie Lamine Yamal"},"content":{"rendered":"<p><b>Apr\u00e8s un d\u00e9but de saison contrast\u00e9, le Real Madrid peine \u00e0<br \/>\nenclencher la machine. Cependant, face au rival, le FC Barcelone, le club de la<br \/>\ncapitale espagnole a su \u00e9lever son niveau de jeu pour remporter le Clasico. Ce<br \/>\nvendredi, Thibaut Courtois revient sur la rencontre et remercie Lamine Yamal. <\/b><\/p>\n<p>Le premier Clasico de cette saison 2025\/2026 a fait couler<br \/>\nbeaucoup d\u2019encre en Espagne et plus globalement en Europe. La rencontre a \u00e9t\u00e9<br \/>\nmarqu\u00e9e par un succ\u00e8s madril\u00e8ne 2-1, gr\u00e2ce notamment \u00e0 un but de <a href=\"https:\/\/www.foot01.com\/espagne\" target=\"_self\" rel=\"noopener\">Kylian Mbapp\u00e9<\/a>.<br \/>\nMais avant la rencontre, la tension \u00e9tait \u00e0 son paroxysme apr\u00e8s les<br \/>\nd\u00e9clarations de Lamine Yamal. Le jeune espagnol s\u2019est attir\u00e9 les foudres de la<br \/>\npresse madril\u00e8ne ainsi que des supporters de la capitale espagnole. Ce vendredi, Thibaut<br \/>\nCourtois est revenu sur cette rencontre dans un entretien pour la Cadena Cope.Yamal boost le Real Madrid<\/p>\n<p>Le portier belge du Real Madrid affirme que le vestiaire du<br \/>\nc\u00f4t\u00e9 de Valdebebas n\u2019est pas rest\u00e9 insensible aux propos du jeune vainqueur de<br \/>\nl\u2019Euro 2024 avec la Roja. \u00ab Lamine est un grand joueur, il marquera son<br \/>\n\u00e9poque, mais il a sem\u00e9 la zizanie et la presse s&rsquo;est jet\u00e9e sur lui. Quand les<br \/>\n\u00e9motions sont vives, on dit des choses qu&rsquo;on ne devrait pas dire, mais c&rsquo;est<br \/>\ncomme \u00e7a, le Cl\u00e1sico. Apr\u00e8s avoir perdu quatre fois l&rsquo;ann\u00e9e derni\u00e8re, on avait<br \/>\nbesoin d&rsquo;une petite \u00e9tincelle pour les attaquer. Les commentaires de Lamine<br \/>\nnous ont motiv\u00e9s. Quand ils nous ont battus, ils ne nous ont pas respect\u00e9 non<br \/>\nplus. Si je croise Lamine dans un restaurant, je lui dirai bonjour,\u00a0\u00bb<br \/>\nexplique-t-il. Le Belge et l\u2019ensemble du Real Madrid peuvent donc remercier les d\u00e9clarations de Lamine Yamal pour le boost lors du Clasico. Les deux formations se<br \/>\nreverront au moins une fois encore cette saison. Le retour au Camp Nou aura<br \/>\nlieu le week-end du 10 mai 2026.\u00a0<\/p>\n<p><img decoding=\"async\" src=\"https:\/\/www.europesays.com\/fr\/wp-content\/uploads\/2025\/11\/3468.png\" alt=\"Real Madrid\" class=\"w-12 h-12 object-contain\"\/><img decoding=\"async\" class=\"w-4 h-4 left-[1.67px] top-[1.67px] absolute\" src=\"https:\/\/www.europesays.com\/fr\/wp-content\/uploads\/2025\/11\/564.png\" alt=\"La Liga\"\/><\/p>\n<p>La Liga<\/p>\n<p>09 novembre 2025 \u00e0 16:15<\/p>\n<p>La Liga<\/p>\n<p>04 novembre 2025 \u00e0 21:00<\/p>\n<p>Champions League<\/p>\n<p><img decoding=\"async\" src=\"https:\/\/www.europesays.com\/fr\/wp-content\/uploads\/2025\/11\/96611.png\" alt=\"K. Mbapp\u00e9\" class=\"w-16 h-16 object-cover rounded-full\"\/><\/p>\n<p>10.K. Mbapp\u00e9<\/p>\n<p><img decoding=\"async\" src=\"https:\/\/www.europesays.com\/fr\/wp-content\/uploads\/2025\/09\/fr.png\" alt=\"FRA\" class=\"w-6 h-4 object-cover\"\/>FRA \u2022 \u00c2ge 26 \u2022 Attaquant<img decoding=\"async\" src=\"https:\/\/www.europesays.com\/fr\/wp-content\/uploads\/2025\/09\/600687.png\" alt=\"V. J\u00fanior\" class=\"w-16 h-16 object-cover rounded-full\"\/><\/p>\n<p>7.V. J\u00fanior<\/p>\n<p><img decoding=\"async\" src=\"https:\/\/www.europesays.com\/fr\/wp-content\/uploads\/2025\/09\/br.png\" alt=\"BRA\" class=\"w-6 h-4 object-cover\"\/>BRA \u2022 \u00c2ge 25 \u2022 Attaquant<\/p>\n","protected":false},"excerpt":{"rendered":"Apr\u00e8s un d\u00e9but de saison contrast\u00e9, le Real Madrid peine \u00e0 enclencher la machine. Cependant, face au rival,&hellip;\n","protected":false},"author":2,"featured_media":549374,"comment_status":"","ping_status":"","sticky":false,"template":"","format":"standard","meta":{"footnotes":""},"categories":[1410],"tags":[66690,63,1011,27,453,60],"class_list":{"0":"post-549373","1":"post","2":"type-post","3":"status-publish","4":"format-standard","5":"has-post-thumbnail","7":"category-football","8":"tag-foot-europeen","9":"tag-football","10":"tag-fr","11":"tag-france","12":"tag-liga","13":"tag-sports"},"share_on_mastodon":{"url":"https:\/\/pubeurope.com\/@fr\/115588388550027570","error":""},"_links":{"self":[{"href":"https:\/\/www.europesays.com\/fr\/wp-json\/wp\/v2\/posts\/549373","targetHints":{"allow":["GET"]}}],"collection":[{"href":"https:\/\/www.europesays.com\/fr\/wp-json\/wp\/v2\/posts"}],"about":[{"href":"https:\/\/www.europesays.com\/fr\/wp-json\/wp\/v2\/types\/post"}],"author":[{"embeddable":true,"href":"https:\/\/www.europesays.com\/fr\/wp-json\/wp\/v2\/users\/2"}],"replies":[{"embeddable":true,"href":"https:\/\/www.europesays.com\/fr\/wp-json\/wp\/v2\/comments?post=549373"}],"version-history":[{"count":0,"href":"https:\/\/www.europesays.com\/fr\/wp-json\/wp\/v2\/posts\/549373\/revisions"}],"wp:featuredmedia":[{"embeddable":true,"href":"https:\/\/www.europesays.com\/fr\/wp-json\/wp\/v2\/media\/549374"}],"wp:attachment":[{"href":"https:\/\/www.europesays.com\/fr\/wp-json\/wp\/v2\/media?parent=549373"}],"wp:term":[{"taxonomy":"category","embeddable":true,"href":"https:\/\/www.europesays.com\/fr\/wp-json\/wp\/v2\/categories?post=549373"},{"taxonomy":"post_tag","embeddable":true,"href":"https:\/\/www.europesays.com\/fr\/wp-json\/wp\/v2\/tags?post=549373"}],"curies":[{"name":"wp","href":"https:\/\/api.w.org\/{rel}","templated":true}]}}