{"id":549379,"date":"2025-11-21T15:29:22","date_gmt":"2025-11-21T15:29:22","guid":{"rendered":"https:\/\/www.europesays.com\/fr\/549379\/"},"modified":"2025-11-21T15:29:22","modified_gmt":"2025-11-21T15:29:22","slug":"karine-le-marchand-refuse-cette-demande-des-anciens-de-lamour-est-dans-le-pre","status":"publish","type":"post","link":"https:\/\/www.europesays.com\/fr\/549379\/","title":{"rendered":"Karine Le\u00a0Marchand refuse cette demande des anciens de \u00ab\u00a0L\u2019Amour est dans le pr\u00e9\u00a0\u00bb"},"content":{"rendered":"<p>Karine Le\u00a0Marchand est devenue le visage de L\u2019Amour est dans le pr\u00e9, qui f\u00eatera au mois de d\u00e9cembre ses 20 ans. Malgr\u00e9 quelques dissensions avec <a href=\"https:\/\/www.20minutes.fr\/arts-stars\/television\/4135490-20250125-karine-marchand-recadree-apres-menace-quitter-m6-si-cyril-hanouna-rejoint-groupe\" rel=\"nofollow noopener\" target=\"_blank\" class=\"c-link c-link--is-underlined\">le groupe M6<\/a> \u00e0 l\u2019annonce de l\u2019arriv\u00e9e de Cyril Hanouna sur W9, cha\u00eene du groupe, difficile aujourd\u2019hui d\u2019imaginer le programme sans l\u2019animatrice qui l\u2019a rejoint \u00e0 la cinqui\u00e8me saison.<\/p>\n<p>Les candidats sont d\u2019ailleurs tr\u00e8s attach\u00e9s \u00e0 leur bonne f\u00e9e, \u00e0 l\u2019image de <a href=\"https:\/\/www.20minutes.fr\/arts-stars\/people\/4107683-20240830-mathieu-ancien-candidat-amour-pre-revient-amitie-karine-marchand\" rel=\"nofollow noopener\" target=\"_blank\" class=\"c-link c-link--is-underlined\">Mathieu Ceschin<\/a>, qui a d\u00e9velopp\u00e9 une relation forte avec l\u2019animatrice. Cette derni\u00e8re a m\u00eame offici\u00e9 \u00e0 la c\u00e9r\u00e9monie la\u00efque de son mariage &#8211; aujourd\u2019hui r\u00e9volu &#8211; avec Alexandre.<\/p>\n<p>Mariage et naissances<\/p>\n<p>\u00ab\u00a0Ils me font confiance et je suis d\u2019une bienveillance totale, je n\u2019ai aucun int\u00e9r\u00eat \u00e0 les encourager \u00e0 aller vers untel ou untel\u00a0\u00bb, a d\u2019ailleurs confi\u00e9 Karine Le\u00a0Marchand \u00e0 <a href=\"https:\/\/www.programme-tv.net\/news\/tv\/392279-karine-le-marchand-est-elle-la-marraine-d-un-des-94-bebes-nes-de-l-amour-est-dans-le-pre-elle-nous-repond\/\" rel=\"nofollow noopener\" target=\"_blank\" class=\"c-link c-link--is-underlined\">T\u00e9l\u00e9-Loisirs<\/a>. Mais il faut tout de m\u00eame garder une certaine distance, m\u00eame si elle se dit \u00ab\u00a0tr\u00e8s attach\u00e9e \u00e0 (s)es agriculteurs\u00a0\u00bb.<\/p>\n<p>\u00ab\u00a0Je ne veux pas \u00eatre la marraine d\u2019un des enfants parce que je n\u2019aurais pas le temps de m\u2019en occuper\u00a0\u00bb, a justifi\u00e9 la maman d\u2019Alya, 23 ans. Le r\u00f4le est selon elle trop \u00ab\u00a0important\u00a0\u00bb pour \u00eatre pris \u00e0 la l\u00e9g\u00e8re, et Karine Le\u00a0Marchand, qui a lanc\u00e9 une <a href=\"https:\/\/www.20minutes.fr\/arts-stars\/television\/4170617-20250901-amour-pre-m6-club-belles-ames-lance-karine-marchand\" rel=\"nofollow noopener\" target=\"_blank\" class=\"c-link c-link--is-underlined\">agence matrimoniale<\/a> et une retraite bien-\u00eatre \u00e0 Aix-en-Provence, aurait bien du mal \u00e0 \u00eatre pr\u00e9sente comme il se doit.<\/p>\n<p>\u00ab\u00a0Donc, je ne veux \u00eatre ni t\u00e9moin de mariage, ni marraine d\u2019un enfant parce que je ne saurais pas tenir mon r\u00f4le\u00a0\u00bb, a-t-elle conclu. Avec 94 b\u00e9b\u00e9s n\u00e9s depuis le d\u00e9but de l\u2019\u00e9mission, selon T\u00e9l\u00e9-Loisirs, on comprend que la responsabilit\u00e9 pourrait \u00eatre un peu lourde \u00e0 porter\u00a0!<\/p>\n","protected":false},"excerpt":{"rendered":"Karine Le\u00a0Marchand est devenue le visage de L\u2019Amour est dans le pr\u00e9, qui f\u00eatera au mois de d\u00e9cembre&hellip;\n","protected":false},"author":2,"featured_media":549380,"comment_status":"","ping_status":"","sticky":false,"template":"","format":"standard","meta":{"footnotes":""},"categories":[1356],"tags":[58,59,1011,27,5413,9307,494,973,252,1364,133],"class_list":{"0":"post-549379","1":"post","2":"type-post","3":"status-publish","4":"format-standard","5":"has-post-thumbnail","7":"category-television","8":"tag-divertissement","9":"tag-entertainment","10":"tag-fr","11":"tag-france","12":"tag-karine-le-marchand","13":"tag-lamour-est-dans-le-pre","14":"tag-m6","15":"tag-people","16":"tag-television","17":"tag-tv","18":"tag-video"},"share_on_mastodon":{"url":"https:\/\/pubeurope.com\/@fr\/115588403517373708","error":""},"_links":{"self":[{"href":"https:\/\/www.europesays.com\/fr\/wp-json\/wp\/v2\/posts\/549379","targetHints":{"allow":["GET"]}}],"collection":[{"href":"https:\/\/www.europesays.com\/fr\/wp-json\/wp\/v2\/posts"}],"about":[{"href":"https:\/\/www.europesays.com\/fr\/wp-json\/wp\/v2\/types\/post"}],"author":[{"embeddable":true,"href":"https:\/\/www.europesays.com\/fr\/wp-json\/wp\/v2\/users\/2"}],"replies":[{"embeddable":true,"href":"https:\/\/www.europesays.com\/fr\/wp-json\/wp\/v2\/comments?post=549379"}],"version-history":[{"count":0,"href":"https:\/\/www.europesays.com\/fr\/wp-json\/wp\/v2\/posts\/549379\/revisions"}],"wp:featuredmedia":[{"embeddable":true,"href":"https:\/\/www.europesays.com\/fr\/wp-json\/wp\/v2\/media\/549380"}],"wp:attachment":[{"href":"https:\/\/www.europesays.com\/fr\/wp-json\/wp\/v2\/media?parent=549379"}],"wp:term":[{"taxonomy":"category","embeddable":true,"href":"https:\/\/www.europesays.com\/fr\/wp-json\/wp\/v2\/categories?post=549379"},{"taxonomy":"post_tag","embeddable":true,"href":"https:\/\/www.europesays.com\/fr\/wp-json\/wp\/v2\/tags?post=549379"}],"curies":[{"name":"wp","href":"https:\/\/api.w.org\/{rel}","templated":true}]}}