{"id":549383,"date":"2025-11-21T15:32:23","date_gmt":"2025-11-21T15:32:23","guid":{"rendered":"https:\/\/www.europesays.com\/fr\/549383\/"},"modified":"2025-11-21T15:32:23","modified_gmt":"2025-11-21T15:32:23","slug":"bande-annonce-ecolo-entre-avatar-et-zootopie-pour-le-prochain-film-pixar","status":"publish","type":"post","link":"https:\/\/www.europesays.com\/fr\/549383\/","title":{"rendered":"bande-annonce \u00e9colo entre Avatar et Zootopie pour le prochain film Pixar"},"content":{"rendered":"<p><strong>Apr\u00e8s <a href=\"https:\/\/www.ecranlarge.com\/films\/1447630-inside-out-2\" data-type=\"films\" data-id=\"692824\" target=\"_blank\" rel=\"noopener\">Vice-versa 2<\/a> et <a href=\"https:\/\/www.ecranlarge.com\/films\/1447667-elio\" data-type=\"films\" data-id=\"692825\" target=\"_blank\" rel=\"noopener\">Elio<\/a>, le nouveau Disney-<a href=\"https:\/\/www.ecranlarge.com\/personnalite\/1353028-pixar\" data-type=\"people\" data-id=\"902427\" target=\"_blank\" rel=\"noopener\">Pixar<\/a> arrive sera Jumpers de <a href=\"https:\/\/www.ecranlarge.com\/personnalite\/daniel-chong\" data-type=\"people\" data-id=\"1323910\" target=\"_blank\" rel=\"noopener\">Daniel Chong<\/a> et il se d\u00e9voile dans une nouvelle bande-annonce. <\/strong><\/p>\n<p>Depuis le pr\u00e9nom du petit dernier de la famille royale britannique, les bookmakers n\u2019avaient plus autant trembl\u00e9. Chez Disney-Pixar, les succ\u00e8s hallucinants (<strong><a href=\"https:\/\/www.ecranlarge.com\/films\/1447630-inside-out-2\" data-type=\"films\" data-id=\"692824\" target=\"_blank\" rel=\"noopener\">Vice-versa 2<\/a><\/strong> : presque 1,7 milliards de dollars de recettes pour un budget de 200 millions) et les m\u00e9ga-bides (<strong>Elio <\/strong>: 154 millions de b\u00e9n\u00e9fice pour un budget estim\u00e9, \u00e0 minima, entre 150 et 200 millions de dollars) se succ\u00e8dent. Et ce n\u2019est pas une question de licence ou de notori\u00e9t\u00e9 comme on pourrait le croire.<\/p>\n<p>                    <img decoding=\"async\" alt=\"\" class=\"wp-image-518375\" style=\"object-fit:cover;width:25px;height:25px\" src=\"https:\/\/www.ecranlarge.com\/content\/uploads\/2023\/09\/arrow-right-circle.svg\"\/><\/p>\n<p>Personne n\u2019est vraiment \u00e0 l\u2019abri de l\u2019\u00e9chec puisque le spin-off de <strong>Toy Story,<\/strong> <strong>Buzz l\u2019\u00c9clair<\/strong>, avait engrang\u00e9 \u00e0 peine 226 millions de dollars dans le monde (pour 200 de budget), quand <strong>El\u00e9mentaire <\/strong>(une histoire in\u00e9dite) avait cumul\u00e9 pr\u00e8s de 500 millions de dollars (pour 200 de budget \u00e9galement). Alors, \u00e0 quelle sauce seront mang\u00e9s les nouveaux arrivages de la firme historique du cin\u00e9ma d\u2019animation am\u00e9ricain ? Avant <strong>Toy Story 5 <\/strong>fin 2026, c\u2019est <strong>Jumpers <\/strong>qui affrontera la dure loi de la salle et on esp\u00e8re qu\u2019il s\u2019en sortira bien car sa nouvelle bande-annonce donne tr\u00e8s envie. <\/p>\n<p><img loading=\"lazy\" decoding=\"async\" width=\"820\" height=\"430\" alt=\"Jumpers\" class=\"wp-image-1324036\" style=\"width:1024px;height:auto\" src=\"https:\/\/www.europesays.com\/fr\/wp-content\/uploads\/2025\/11\/jumpers-feat.webp.webp\"  \/>\u00ab Tous les orthodontistes m\u2019ont dit que j\u2019\u00e9tais une cause perdue ! \u00bbHAYDEN CHRISTENSEN VA-T-IL FAIRE UN PROC\u00c8S ?<\/p>\n<p>Pour rappel, <strong>Jumpers <\/strong>racontera l\u2019histoire de <strong>Mabel, jeune fille d\u00e9gourdie et passionn\u00e9e par les animaux, qui va infiltrer leur monde gr\u00e2ce \u00e0 une technologie permettant de transf\u00e9rer sa conscience dans une sorte d\u2019avatar de castor<\/strong>.  Si la premi\u00e8re bande-annonce, sortie \u00e0 l\u2019\u00e9t\u00e9 2025, racontait ce concept, elle se bornait ensuite \u00e0 mettre bout \u00e0 bout certaines s\u00e9quences rigolotes qui suivaient la d\u00e9couverte du r\u00e8gne animal par l\u2019h\u00e9ro\u00efne. Cette nouvelle vid\u00e9o expose davantage l\u2019histoire et les enjeux du long-m\u00e9trage.<\/p>\n<p>Jumpers racontera donc non seulement l\u2019exploration de la faune des environs d\u2019un lac par Mabel, mais aussi son acclimatation \u00e0 ce nouveau milieu \u2013 reproduisant ainsi <strong>le trope toujours efficace et maintes fois utilis\u00e9 par Pixar du \u00ab fish out of the water \u00bb<\/strong> (poisson hors de l\u2019eau). Exemple : Le p\u00e8re de <strong>Nemo <\/strong>sortait de son r\u00e9cif corallien ; Bouh, jeune humaine, d\u00e9barquait dans le monde de <strong>Monstres et\u00a0compagnie<\/strong> ; R\u00e9my de <strong>Ratatouille\u00a0<\/strong>cherchait \u00e0 investir le lieu o\u00f9 il \u00e9tait, par essence, le plus ind\u00e9sirable, une cuisine, etc..<\/p>\n<p>Mais surtout, Mabel, par son influence dans ce nouvel univers, <strong>va involontairement provoquer une r\u00e9bellion animale<\/strong>. De quoi doubler le concept en pla\u00e7ant au final des animaux sauvages au c\u0153ur de la civilisation humaine. Et charriant au passage les th\u00e9matiques hautement actuelles de l\u2019\u00e9cologie et du rapport humains-b\u00eates.<\/p>\n<p>Autant dire qu\u2019on salue davantage cette prise de risque qu\u2019une \u00e9ni\u00e8me suite de <strong>Toy Story<\/strong> (m\u00eame si \u00e7a ne gage en rien des qualit\u00e9s cin\u00e9matographiques des deux \u0153uvres). <strong>Jumpers <\/strong>est r\u00e9alis\u00e9 et sc\u00e9naris\u00e9 par Daniel Chong, dont c\u2019est le premier long-m\u00e9trage (raison de plus pour \u00eatre curieux) <strong>et sortira dans nos salles fran\u00e7aises le 4 mars 2026.<\/strong><\/p>\n","protected":false},"excerpt":{"rendered":"Apr\u00e8s Vice-versa 2 et Elio, le nouveau Disney-Pixar arrive sera Jumpers de Daniel Chong et il se d\u00e9voile&hellip;\n","protected":false},"author":2,"featured_media":549384,"comment_status":"","ping_status":"","sticky":false,"template":"","format":"standard","meta":{"footnotes":""},"categories":[1354],"tags":[58,59,1346,1011,27,1360],"class_list":{"0":"post-549383","1":"post","2":"type-post","3":"status-publish","4":"format-standard","5":"has-post-thumbnail","7":"category-films","8":"tag-divertissement","9":"tag-entertainment","10":"tag-films","11":"tag-fr","12":"tag-france","13":"tag-movies"},"share_on_mastodon":{"url":"https:\/\/pubeurope.com\/@fr\/115588416333373618","error":""},"_links":{"self":[{"href":"https:\/\/www.europesays.com\/fr\/wp-json\/wp\/v2\/posts\/549383","targetHints":{"allow":["GET"]}}],"collection":[{"href":"https:\/\/www.europesays.com\/fr\/wp-json\/wp\/v2\/posts"}],"about":[{"href":"https:\/\/www.europesays.com\/fr\/wp-json\/wp\/v2\/types\/post"}],"author":[{"embeddable":true,"href":"https:\/\/www.europesays.com\/fr\/wp-json\/wp\/v2\/users\/2"}],"replies":[{"embeddable":true,"href":"https:\/\/www.europesays.com\/fr\/wp-json\/wp\/v2\/comments?post=549383"}],"version-history":[{"count":0,"href":"https:\/\/www.europesays.com\/fr\/wp-json\/wp\/v2\/posts\/549383\/revisions"}],"wp:featuredmedia":[{"embeddable":true,"href":"https:\/\/www.europesays.com\/fr\/wp-json\/wp\/v2\/media\/549384"}],"wp:attachment":[{"href":"https:\/\/www.europesays.com\/fr\/wp-json\/wp\/v2\/media?parent=549383"}],"wp:term":[{"taxonomy":"category","embeddable":true,"href":"https:\/\/www.europesays.com\/fr\/wp-json\/wp\/v2\/categories?post=549383"},{"taxonomy":"post_tag","embeddable":true,"href":"https:\/\/www.europesays.com\/fr\/wp-json\/wp\/v2\/tags?post=549383"}],"curies":[{"name":"wp","href":"https:\/\/api.w.org\/{rel}","templated":true}]}}