{"id":549389,"date":"2025-11-21T15:35:15","date_gmt":"2025-11-21T15:35:15","guid":{"rendered":"https:\/\/www.europesays.com\/fr\/549389\/"},"modified":"2025-11-21T15:35:15","modified_gmt":"2025-11-21T15:35:15","slug":"miss-guadeloupe-finit-loin-devant-miss-france-au-classement-final","status":"publish","type":"post","link":"https:\/\/www.europesays.com\/fr\/549389\/","title":{"rendered":"Miss Guadeloupe finit loin devant Miss France au classement final"},"content":{"rendered":"<p><a href=\"https:\/\/www.20minutes.fr\/monde\/4187012-20251121-miss-univers-miss-mexique-sacree-revanche-apres-critiques\" class=\"c-link c-link--is-underlined\" target=\"_blank\" rel=\"noopener\">Miss Univers 2025<\/a> n\u2019est pas fran\u00e7aise. C\u2019est Fatima Bosch, Miss Mexique, qui a \u00e9t\u00e9 couronn\u00e9e ce vendredi en Tha\u00eflande, \u00e0 l\u2019issue de la prestigieuse \u00e9lection. Une revanche pour la jeune femme durement critiqu\u00e9e pendant le concours. Mais \u00e0 quelle place ont termin\u00e9 Oph\u00e9ly M\u00e9zino, <a href=\"https:\/\/www.20minutes.fr\/arts-stars\/culture\/4185612-20251114-pourquoi-quatre-miss-francaises-concours-miss-univers-2025\" class=\"c-link c-link--is-underlined\" target=\"_blank\" rel=\"noopener\">Miss Guadeloupe<\/a>, et Eve Gilles, Miss France 2024\u00a0?<\/p>\n<\/p>\n<p>Contre toute attente, ce n\u2019est pas Miss France qui a obtenu le meilleur r\u00e9sultat au 74e concours de Miss Univers. La repr\u00e9sentante de la France, Eve Gilles, qui a d\u00e9fil\u00e9 dans <a href=\"https:\/\/www.20minutes.fr\/arts-stars\/culture\/4186567-20251119-miss-univers-2025-eve-gilles-miss-france-2024-choisi-defiler-tenue-rendant-hommage-jeanne-arc\" class=\"c-link c-link--is-underlined\" target=\"_blank\" rel=\"noopener\">une tenue rendant hommage \u00e0 Jeanne d\u2019Arc<\/a>, a honorablement atteint le top 30 de la comp\u00e9tition. \u00ab\u00a0Eve a r\u00e9alis\u00e9 un parcours impeccable men\u00e9 avec audace et d\u00e9termination tout au long de sa pr\u00e9paration lui permettant de se classer parmi plus de 138 candidates\u00a0\u00bb, s\u2019est r\u00e9joui le Comit\u00e9 Miss France sur Instagram.<\/p>\n<p>Le top 12 pour Miss Guadeloupe<\/p>\n<p>Mais <a href=\"https:\/\/www.20minutes.fr\/arts-stars\/people\/eve-gilles\/\" class=\"c-link c-link--is-underlined\" target=\"_blank\" rel=\"noopener\">Miss France 2024<\/a> n\u2019\u00e9tait pas la seule reine de beaut\u00e9 fran\u00e7aise engag\u00e9e dans le concours. Nourya Aboutoihi et C\u00e9lya Abatucci, qui repr\u00e9sentaient respectivement Mayotte et la Martinique, ne sont pas parvenues \u00e0 se hisser jusqu\u2019au top 30, mais Oph\u00e9ly M\u00e9zino, qui concourait pour la Guadeloupe, s\u2019est, elle, largement distingu\u00e9e, atteignant le prestigieux top 12 de la comp\u00e9tition.<\/p>\n<p>La jeune femme de 26 ans, premi\u00e8re dauphine de Miss France 2019, a donc coiff\u00e9 Eve Gilles au poteau, finissant m\u00eame loin devant Miss France 2024. Elle n\u2019est cependant pas parvenue \u00e0 \u00e9clipser Miss Tha\u00eflande, Miss Philippines, Miss Venezuela, Miss C\u00f4te d\u2019Ivoire et bien s\u00fbr <a href=\"https:\/\/www.20minutes.fr\/arts-stars\/people\/4183924-20251106-miss-univers-2025-organisateur-traite-miss-mexique-debile-toutes-miss-quittent-lieux\" class=\"c-link c-link--is-underlined\" target=\"_blank\" rel=\"noopener\">Miss Mexique, sacr\u00e9e Miss Univers 2025<\/a> \u00e0 l\u2019issue de la c\u00e9r\u00e9monie. \u00ab\u00a0Quoi qu\u2019il arrive ce soir, nous allons \u00e9crire l\u2019histoire ensemble. Je ne vous remercierai jamais assez de me permettre de repr\u00e9senter ce magnifique papillon que j\u2019appelle ma belle \u00eele. Du fond du c\u0153ur, merci pour votre soutien\u00a0\u00bb, avait d\u00e9clar\u00e9 la reine de beaut\u00e9 juste avant la soir\u00e9e.<\/p>\n<p>Plusieurs anciennes Miss France n\u2019ont pas manqu\u00e9 de r\u00e9agir \u00e0 la prestation des deux Fran\u00e7aises engag\u00e9es dans l\u2019ultime \u00e9tape du concours. \u00ab\u00a0Tu as \u00e9t\u00e9 parfaite\u00a0\u00bb a publi\u00e9 Flora Coquerel, Miss France 2014, \u00e0 l\u2019intention d\u2019Oph\u00e9ly M\u00e9zino. Tandis qu\u2019Eve Gilles a notamment re\u00e7u le soutien d\u2019Amandine Petit, Miss France 2021, et d\u2019<a href=\"https:\/\/www.20minutes.fr\/arts-stars\/people\/indira-ampiot\/\" class=\"c-link c-link--is-underlined\" target=\"_blank\" rel=\"noopener\">Indira Ampiot<\/a>, Miss France 2023.<\/p>\n<p>Alors que la page de Miss Univers 2025 se referme, les regards se tournent d\u00e9sormais vers le concours Miss France 2026, qui se tiendra le 6\u00a0d\u00e9cembre au Z\u00e9nith d\u2019Amiens, pour \u00e9lire la nouvelle reine de beaut\u00e9 tricolore.<\/p>\n","protected":false},"excerpt":{"rendered":"Miss Univers 2025 n\u2019est pas fran\u00e7aise. C\u2019est Fatima Bosch, Miss Mexique, qui a \u00e9t\u00e9 couronn\u00e9e ce vendredi en&hellip;\n","protected":false},"author":2,"featured_media":549390,"comment_status":"","ping_status":"","sticky":false,"template":"","format":"standard","meta":{"footnotes":""},"categories":[8],"tags":[2424,58,4739,59,62973,1011,27,3034,30091,502,1969,252],"class_list":{"0":"post-549389","1":"post","2":"type-post","3":"status-publish","4":"format-standard","5":"has-post-thumbnail","7":"category-divertissement","8":"tag-beaute","9":"tag-divertissement","10":"tag-emission-de-television","11":"tag-entertainment","12":"tag-eve-gilles","13":"tag-fr","14":"tag-france","15":"tag-miss-france","16":"tag-miss-univers","17":"tag-programme-tv","18":"tag-style","19":"tag-television"},"share_on_mastodon":{"url":"https:\/\/pubeurope.com\/@fr\/115588426909403816","error":""},"_links":{"self":[{"href":"https:\/\/www.europesays.com\/fr\/wp-json\/wp\/v2\/posts\/549389","targetHints":{"allow":["GET"]}}],"collection":[{"href":"https:\/\/www.europesays.com\/fr\/wp-json\/wp\/v2\/posts"}],"about":[{"href":"https:\/\/www.europesays.com\/fr\/wp-json\/wp\/v2\/types\/post"}],"author":[{"embeddable":true,"href":"https:\/\/www.europesays.com\/fr\/wp-json\/wp\/v2\/users\/2"}],"replies":[{"embeddable":true,"href":"https:\/\/www.europesays.com\/fr\/wp-json\/wp\/v2\/comments?post=549389"}],"version-history":[{"count":0,"href":"https:\/\/www.europesays.com\/fr\/wp-json\/wp\/v2\/posts\/549389\/revisions"}],"wp:featuredmedia":[{"embeddable":true,"href":"https:\/\/www.europesays.com\/fr\/wp-json\/wp\/v2\/media\/549390"}],"wp:attachment":[{"href":"https:\/\/www.europesays.com\/fr\/wp-json\/wp\/v2\/media?parent=549389"}],"wp:term":[{"taxonomy":"category","embeddable":true,"href":"https:\/\/www.europesays.com\/fr\/wp-json\/wp\/v2\/categories?post=549389"},{"taxonomy":"post_tag","embeddable":true,"href":"https:\/\/www.europesays.com\/fr\/wp-json\/wp\/v2\/tags?post=549389"}],"curies":[{"name":"wp","href":"https:\/\/api.w.org\/{rel}","templated":true}]}}