{"id":549414,"date":"2025-11-21T15:53:16","date_gmt":"2025-11-21T15:53:16","guid":{"rendered":"https:\/\/www.europesays.com\/fr\/549414\/"},"modified":"2025-11-21T15:53:16","modified_gmt":"2025-11-21T15:53:16","slug":"sonnette-dalarme-pour-laide-sociale-a-lenfance-en-seine-maritime","status":"publish","type":"post","link":"https:\/\/www.europesays.com\/fr\/549414\/","title":{"rendered":"sonnette d&rsquo;alarme pour l&rsquo;Aide sociale \u00e0 l&rsquo;enfance en Seine-Maritime"},"content":{"rendered":"<p>                    Par<br \/>\n        <strong><br \/>\n            <a href=\"https:\/\/actu.fr\/auteur\/fmass\" title=\"Consulter tous les articles de Fabien Massin\" target=\"_blank\" rel=\"noopener\">Fabien Massin<\/a><br \/>\n                    <\/strong><\/p>\n<p>        Publi\u00e9 le<\/p>\n<p>            21 nov. 2025 \u00e0 16h34        <\/p>\n<p>C\u2019est un secteur malade de l\u2019action publique\u2009: l\u2019aide sociale \u00e0 l\u2019enfance (ASE), comp\u00e9tence dont les D\u00e9partements ont la charge, aux c\u00f4t\u00e9s de la<a href=\"https:\/\/actu.fr\/tag\/justice\" target=\"_blank\" rel=\"noopener\"> justice<\/a>, de l\u2019<a href=\"https:\/\/actu.fr\/tag\/education\" target=\"_blank\" rel=\"noopener\">\u00c9ducation nationale<\/a> et bien s\u00fbr, des familles. En <a href=\"https:\/\/actu.fr\/normandie\/seine-maritime_76\" target=\"_blank\" rel=\"noopener\">Seine-Maritime<\/a>, une mission transpartisane d\u2019information et d\u2019\u00e9valuation sur cette politique a \u00e9t\u00e9 men\u00e9e ces derniers mois, par des conseillers d\u00e9partementaux. <strong>Leurs pr\u00e9conisations doivent \u00eatre examin\u00e9es en s\u00e9ance pl\u00e9ni\u00e8re <\/strong>au mois de d\u00e9cembre 2025. Du c\u00f4t\u00e9 gauche de l\u2019\u00e9chiquier politique, des \u00e9lus des groupes \u00ab\u2009Pour les Seinomarins\u2009\u00bb, \u00ab\u2009Gauche combative, communiste et r\u00e9publicaine\u2009\u00bb et \u00ab\u2009\u00c9cologie 76\u2009\u00bb en ont pr\u00e9sent\u00e9 quelques-unes lundi 17 novembre 2025.<\/p>\n<p>\u00ab\u2009Le r\u00e9sultat fait peine \u00e0 voir\u2009\u00bb<\/p>\n<p class=\" wall-content\">\u00ab<strong>\u2009Le travail a \u00e9t\u00e9 dense<\/strong>, il y a eu 23 visites r\u00e9unions de travail, des visites dans les structures, la mise en place d\u2019un questionnaire anonyme aupr\u00e8s des professionnels, indique <strong>L\u00e9a Pa<\/strong><strong>welski<\/strong> (conseill\u00e8re d\u00e9partementale PS, \u00e9lue dans le canton de Sotteville-l\u00e8s-Rouen, rapporteuse de la mission avec <a href=\"https:\/\/actu.fr\/normandie\/le-havre_76351\/agnes-firmin-bodo-deputee-lr-seine-maritime-edouard-philippe-politique-droite_13210095.html\" target=\"_blank\" rel=\"noopener\">Agn\u00e8s Firmin Le Bodo<\/a> (Horizons, \u00e9lue au\u00a0Havre). Le r\u00e9sultat, pr\u00e9visible, fait peine \u00e0 voir, pour les enfants et les professionnels.\u2009\u00bb<\/p>\n<p class=\" wall-content\">Le constat\u2009: <strong>des enfants trop souvent mis en danger et des professionnels essor\u00e9s<\/strong>\u2009; des structures dont les capacit\u00e9s sont satur\u00e9es, et qui de ce fait, s\u2019en tiennent \u00e0 ne s\u2019occuper que des situations les plus urgentes, laissant en attente de nombreuses autres situations critiques\u2009; des classes d\u2019\u00e2ges qui ne devraient pas se retrouver \u00e0 \u00eatre accueillies dans les m\u00eames espaces\u2009; des prises en charge \u00e0 h\u00f4tel <strong>alors que c\u2019est d\u00e9sormais proscrit<\/strong>, etc.<\/p>\n<p class=\" wall-content\">Dans ce contexte, <strong>quelques pistes d\u2019action ont \u00e9t\u00e9 d\u00e9gag\u00e9es<\/strong>, parmi lesquelles\u2009:<\/p>\n<p class=\" wall-content\">\u2022 Renforcer la mise en place de mesures \u00e0 domicile<strong> afin d\u2019\u00e9viter le placement des enfants dans une structure<\/strong>, le placement ne devant \u00eatre envisag\u00e9 que comme un dernier recours\u2009; se donner les moyens de chercher un \u00ab\u2009tiers digne de confiance\u2009\u00bb dans l\u2019entourage afin d\u2019\u00e9viter le placement, souvent v\u00e9cu comme un traumatisme.<\/p>\n<p class=\" wall-content\">\u2022 Dans le but d\u2019am\u00e9liorer la prise en charge dans les \u00e9tablissements d\u2019accueil, possibilit\u00e9 d\u2019effectuer <strong>des \u00ab\u2009visites flashs\u2009\u00bb<\/strong> sur place d\u00e8s le signalement d\u2019un premier probl\u00e8me\u2009; mise en place d\u2019un canal d\u2019alerte pour les professionnels, pour pouvoir faire remonter le moindre probl\u00e8me directement et en temps r\u00e9el.<\/p>\n<p>Votre r\u00e9gion, votre actu !<\/p>\n<p>Recevez chaque jour les infos qui comptent pour vous.<\/p>\n<p>\t<a href=\"https:\/\/actu.fr\/newsletter\" class=\"ac-btn ac-btn--corner ac-btn--medium ac-btn--blue800\" target=\"_blank\" rel=\"noopener\">S&rsquo;incrire<\/a><\/p>\n<p class=\" wall-content\">\u2022 N\u00e9cessit\u00e9 imp\u00e9rieuse de veiller <strong>\u00e0 ne pas m\u00e9langer les classes d\u2019\u00e2ges<\/strong> dans les structures d\u2019accueil\u2009: faire cohabiter des enfants et jeunes de 3 \u00e0 18\u00a0ans, cela ne devrait pas \u00eatre possible.<\/p>\n<p class=\" wall-content\">\u2022 <strong>Mise en place d\u2019un comit\u00e9 de suivi<\/strong> veillant ce que les pr\u00e9conisations de ce rapport de mission soit appliqu\u00e9es\u2009; recueil des informations qui n\u2019ont pas pu \u00eatre obtenues lors de la mission.<\/p>\n<p>Suivez l\u2019actualit\u00e9 de Rouen sur notre <a href=\"https:\/\/www.whatsapp.com\/channel\/0029VaKfnf99hXF2ddApFB1D\" target=\"_blank\" rel=\"noopener\">cha\u00eene WhatsApp<\/a> et sur notre <a href=\"https:\/\/www.tiktok.com\/@76actu.fr?lang=fr\" target=\"_blank\" rel=\"noopener\">compte TikTok<\/a>Suivez l\u2019actualit\u00e9 du\u00a0Havre sur notre <a href=\"https:\/\/www.whatsapp.com\/channel\/0029VaFqJYE8aKvLBwVrEe0o\" target=\"_blank\" rel=\"noopener\">cha\u00eene WhatsApp<\/a> et sur notre <a href=\"https:\/\/www.tiktok.com\/@76actu.fr?lang=fr\" target=\"_blank\" rel=\"noopener\">compte TikTok<\/a><\/p>\n<p class=\" wall-content\">Personnalisez votre actualit\u00e9 en ajoutant vos villes et m\u00e9dias en favori avec <a href=\"https:\/\/moncompte.actu.fr\" title=\"D\u00e9couvez Mon Actu\" rel=\"nofollow noopener\" data-trk=\"{&quot;cta&quot;:{&quot;action&quot;:&quot;https:\\\/\\\/moncompte.actu.fr&quot;,&quot;category&quot;:&quot;mon compte&quot;,&quot;from&quot;:&quot;article footer&quot;,&quot;name&quot;:&quot;Mon actu&quot;,&quot;type&quot;:&quot;cta&quot;}}\" target=\"_blank\">Mon Actu<\/a>.<\/p>\n<p>                    <script async src=\"\/\/www.tiktok.com\/embed.js\"><\/script><\/p>\n","protected":false},"excerpt":{"rendered":"Par Fabien Massin Publi\u00e9 le 21 nov. 2025 \u00e0 16h34 C\u2019est un secteur malade de l\u2019action publique\u2009: l\u2019aide&hellip;\n","protected":false},"author":2,"featured_media":549415,"comment_status":"","ping_status":"","sticky":false,"template":"","format":"standard","meta":{"footnotes":""},"categories":[9587],"tags":[1111,11,1777,674,1011,27,303,12,5161,10585,25,9590,104,799],"class_list":{"0":"post-549414","1":"post","2":"type-post","3":"status-publish","4":"format-standard","5":"has-post-thumbnail","7":"category-rouen","8":"tag-actu","9":"tag-actualites","10":"tag-eu","11":"tag-europe","12":"tag-fr","13":"tag-france","14":"tag-justice","15":"tag-news","16":"tag-normandie","17":"tag-petite-enfance","18":"tag-republique-francaise","19":"tag-rouen","20":"tag-societe","21":"tag-violences-sexuelles"},"share_on_mastodon":{"url":"https:\/\/pubeurope.com\/@fr\/115588497573796914","error":""},"_links":{"self":[{"href":"https:\/\/www.europesays.com\/fr\/wp-json\/wp\/v2\/posts\/549414","targetHints":{"allow":["GET"]}}],"collection":[{"href":"https:\/\/www.europesays.com\/fr\/wp-json\/wp\/v2\/posts"}],"about":[{"href":"https:\/\/www.europesays.com\/fr\/wp-json\/wp\/v2\/types\/post"}],"author":[{"embeddable":true,"href":"https:\/\/www.europesays.com\/fr\/wp-json\/wp\/v2\/users\/2"}],"replies":[{"embeddable":true,"href":"https:\/\/www.europesays.com\/fr\/wp-json\/wp\/v2\/comments?post=549414"}],"version-history":[{"count":0,"href":"https:\/\/www.europesays.com\/fr\/wp-json\/wp\/v2\/posts\/549414\/revisions"}],"wp:featuredmedia":[{"embeddable":true,"href":"https:\/\/www.europesays.com\/fr\/wp-json\/wp\/v2\/media\/549415"}],"wp:attachment":[{"href":"https:\/\/www.europesays.com\/fr\/wp-json\/wp\/v2\/media?parent=549414"}],"wp:term":[{"taxonomy":"category","embeddable":true,"href":"https:\/\/www.europesays.com\/fr\/wp-json\/wp\/v2\/categories?post=549414"},{"taxonomy":"post_tag","embeddable":true,"href":"https:\/\/www.europesays.com\/fr\/wp-json\/wp\/v2\/tags?post=549414"}],"curies":[{"name":"wp","href":"https:\/\/api.w.org\/{rel}","templated":true}]}}