{"id":549416,"date":"2025-11-21T15:55:14","date_gmt":"2025-11-21T15:55:14","guid":{"rendered":"https:\/\/www.europesays.com\/fr\/549416\/"},"modified":"2025-11-21T15:55:14","modified_gmt":"2025-11-21T15:55:14","slug":"le-puy-foot-43-accueille-quevilly-rouen-metropole","status":"publish","type":"post","link":"https:\/\/www.europesays.com\/fr\/549416\/","title":{"rendered":"Le Puy Foot 43 accueille Quevilly Rouen M\u00e9tropole"},"content":{"rendered":"<p data-end=\"175\" data-start=\"106\">Le Puy Foot 43 semble avoir trouv\u00e9 son rythme de croisi\u00e8re. Apr\u00e8s des d\u00e9buts en demi-teinte, les victoires s&rsquo;encha\u00eenent, alors pas question pour le groupe de rel\u00e2cher les efforts. Les entra\u00eenements s&rsquo;adaptent pour combiner les talents de chacun des joueurs.<\/p>\n<p class=\"s-title4\" data-end=\"732\" data-start=\"472\">Un d\u00e9clic collectif<\/p>\n<p data-end=\"732\" data-start=\"472\">Depuis plus d&rsquo;un mois, l\u2019\u00e9quipe montre une nette progression, c&rsquo;est ce que souligne Ma\u00ebl Zogba, d\u00e9fenseur :\u00a0\u00ab Le d\u00e9clic est arriv\u00e9 avec Villefranche. On a pris conscience de ce qu\u2019on \u00e9tait capable de faire, on a augment\u00e9 notre niveau d\u2019intensit\u00e9 aux entra\u00eenements et aux matchs, et cela fait la diff\u00e9rence aujourd\u2019hui. \u00bb<\/p>\n<p data-end=\"732\" data-start=\"472\">St\u00e9phane Dief, l&rsquo;entra\u00eeneur, explique : \u00ab il y a un petit peu de tout, j&rsquo;ai envie de dire, c&rsquo;est souvent diff\u00e9rents facteurs ou l&rsquo;accumulation de facteurs positifs qui cr\u00e9ent derri\u00e8re une \u00e9mulation et ensuite des r\u00e9sultats favorables. \u00bb\u00a0<\/p>\n<p data-end=\"732\" data-start=\"472\">Le groupe s&rsquo;est peu \u00e0 peu connect\u00e9, les bless\u00e9s sont revenus, des nouvelles recrues sont venues s&rsquo;ajouter au groupe,\u00a0comme Edson Seidou, joueur en d\u00e9fense, qui apporte un nouvel \u00e9lan au groupe sur le terrain et dans le vestiaire.<\/p>\n<p data-end=\"732\" data-start=\"472\">Ma\u00ebl souligne : \u00ab\u00a0il a une exp\u00e9rience que personne n&rsquo;a dans l&rsquo;\u00e9quipe, il a beaucoup de matchs de ligue 2 et beaucoup de matchs de national aussi.\u00a0Donc, il nous apporte un certain recul, un certain \u00e9quilibre, il nous conseille beaucoup.\u00a0\u00bb\u00a0<\/p>\n<p class=\"s-title4\" data-end=\"732\" data-start=\"472\">Trouver la connexion<\/p>\n<blockquote>\n<p data-end=\"1189\" data-start=\"734\">\u00ab La seule chose vraiment d\u00e9cisive et importante, c\u2019est de sortir le bon outil au bon moment \u00bb, explique le coach.<\/p>\n<\/blockquote>\n<p data-end=\"1189\" data-start=\"734\">Pour cr\u00e9er des connexions entre les joueurs et optimiser le placement sur le terrain, des ateliers sp\u00e9cifiques ont \u00e9t\u00e9 mis en place, en effectif r\u00e9duit. \u00ab habituellement, on y arrive un peu\u00a0plus tard dans la saison\u00a0\u00bb.<\/p>\n<p data-end=\"1189\" data-start=\"734\">Avant d&rsquo;ajouter : \u00ab ce sont des choses qu\u2019il faudra int\u00e9grer plus t\u00f4t dans notre saison \u00e0 l\u2019avenir \u00bb.<\/p>\n<p data-end=\"1189\" data-start=\"734\">Il faudrait aussi s&rsquo;adapter \u00e0 une nouvelle difficult\u00e9 qui revient chaque ann\u00e9e, l&rsquo;hiver. En fonction du terrain et des conditions m\u00e9t\u00e9o, c&rsquo;est un rythme \u00e0 ajuster\u00a0\u00ab\u00a0si on voit que pendant le match, on a plus de difficult\u00e9s \u00e0 jouer \u00e0 cause des rebonds et de la qualit\u00e9 du terrain, il va falloir peut-\u00eatre jouer plus long. \u00bb <\/p>\n<p data-end=\"1189\" data-start=\"734\">Selon\u00a0St\u00e9phane Dief, l&rsquo;\u00e9quipe dispose d&rsquo;une \u00a0\u00bb palette large pour s&rsquo;en sortir \u00a0\u00bb capable de r\u00e9aliser beaucoup de choses : alterner des temps de possession assez longs avant de d\u00e9s\u00e9quilibrer l\u2019adversaire, \u00eatre tr\u00e8s efficace sur les transitions gr\u00e2ce au nombre d\u2019attaquants dont ils disposent, et trouver un point d\u2019appui pour une d\u00e9viation ou une remise.<\/p>\n<p data-end=\"1189\" data-start=\"734\">L\u2019\u00e9quipe exploite progressivement ses atouts au bon moment pour s\u2019adapter \u00e0 toutes les situations et continuer \u00e0 progresser\u00a0\u00ab la seule chose vraiment d\u00e9cisive et importante, c\u2019est de sortir le bon outil au bon moment \u00bb, explique le coach.<\/p>\n<p class=\"s-title4\" data-end=\"1639\" data-start=\"1587\">Quevilly Rouen M\u00e9tropole, un adversaire direct<\/p>\n<p data-end=\"2069\" data-start=\"1641\">Actuellement 15\u1d49 au classement, QRM se trouve seulement deux places derri\u00e8re Le Puy Foot. Pour St\u00e9phane Dief, \u00ab je suis surpris, comme beaucoup, de ne pas les voir mieux class\u00e9s \u00bb.<\/p>\n<p data-end=\"2069\" data-start=\"1641\">Le coach consid\u00e8re le club de QRM comme un concurrent qui a du potentiel. \u00ab\u00a0Je\u00a0trouve qu&rsquo;ils sont plut\u00f4t bien structur\u00e9s, qu&rsquo;ils d\u00e9fendent plut\u00f4t bien\u00a0\u00bb,\u00a0conclut-il.<\/p>\n<p data-end=\"2069\" data-start=\"1641\">Le Puy Foot\u00a0doit, selon lui,\u00a0 \u00ab\u00a0creuser l&rsquo;\u00e9cart le plus vite possible pour s&rsquo;\u00e9loigner des \u00e9quipes de derri\u00e8re \u00bb.\u00a0L\u2019\u00e9quipe abordera cette rencontre avec la volont\u00e9 de prendre les trois points, surtout \u00e0 domicile, sans pour autant c\u00e9der \u00e0 une pression excessive.<\/p>\n","protected":false},"excerpt":{"rendered":"Le Puy Foot 43 semble avoir trouv\u00e9 son rythme de croisi\u00e8re. Apr\u00e8s des d\u00e9buts en demi-teinte, les victoires&hellip;\n","protected":false},"author":2,"featured_media":549417,"comment_status":"","ping_status":"","sticky":false,"template":"","format":"standard","meta":{"footnotes":""},"categories":[9587],"tags":[1111,11,1777,674,1011,27,12,5161,25,9590],"class_list":{"0":"post-549416","1":"post","2":"type-post","3":"status-publish","4":"format-standard","5":"has-post-thumbnail","7":"category-rouen","8":"tag-actu","9":"tag-actualites","10":"tag-eu","11":"tag-europe","12":"tag-fr","13":"tag-france","14":"tag-news","15":"tag-normandie","16":"tag-republique-francaise","17":"tag-rouen"},"share_on_mastodon":{"url":"https:\/\/pubeurope.com\/@fr\/115588505697677295","error":""},"_links":{"self":[{"href":"https:\/\/www.europesays.com\/fr\/wp-json\/wp\/v2\/posts\/549416","targetHints":{"allow":["GET"]}}],"collection":[{"href":"https:\/\/www.europesays.com\/fr\/wp-json\/wp\/v2\/posts"}],"about":[{"href":"https:\/\/www.europesays.com\/fr\/wp-json\/wp\/v2\/types\/post"}],"author":[{"embeddable":true,"href":"https:\/\/www.europesays.com\/fr\/wp-json\/wp\/v2\/users\/2"}],"replies":[{"embeddable":true,"href":"https:\/\/www.europesays.com\/fr\/wp-json\/wp\/v2\/comments?post=549416"}],"version-history":[{"count":0,"href":"https:\/\/www.europesays.com\/fr\/wp-json\/wp\/v2\/posts\/549416\/revisions"}],"wp:featuredmedia":[{"embeddable":true,"href":"https:\/\/www.europesays.com\/fr\/wp-json\/wp\/v2\/media\/549417"}],"wp:attachment":[{"href":"https:\/\/www.europesays.com\/fr\/wp-json\/wp\/v2\/media?parent=549416"}],"wp:term":[{"taxonomy":"category","embeddable":true,"href":"https:\/\/www.europesays.com\/fr\/wp-json\/wp\/v2\/categories?post=549416"},{"taxonomy":"post_tag","embeddable":true,"href":"https:\/\/www.europesays.com\/fr\/wp-json\/wp\/v2\/tags?post=549416"}],"curies":[{"name":"wp","href":"https:\/\/api.w.org\/{rel}","templated":true}]}}