{"id":549422,"date":"2025-11-21T15:58:28","date_gmt":"2025-11-21T15:58:28","guid":{"rendered":"https:\/\/www.europesays.com\/fr\/549422\/"},"modified":"2025-11-21T15:58:28","modified_gmt":"2025-11-21T15:58:28","slug":"apres-levasion-dun-detenu-lors-dune-sortie-au-musee-le-directeur-de-la-prison-de","status":"publish","type":"post","link":"https:\/\/www.europesays.com\/fr\/549422\/","title":{"rendered":"Apr\u00e8s l\u2019\u00e9vasion d\u2019un d\u00e9tenu lors d\u2019une sortie au mus\u00e9e, le directeur de la prison de"},"content":{"rendered":"<p>La nouvelle n\u2019a pas encore fait le tour des coursives. Nourredine Brahimi, le directeur du centre p\u00e9nitentiaire de Rennes-Vezin-le-Coquet (Ille-et-Vilaine), a \u00e9t\u00e9 \u00e9cart\u00e9 de son poste.  <a href=\"https:\/\/www.ouest-france.fr\/\" target=\"_self\" rel=\"noopener\">Ouest-France<\/a> \u00a0a pu confirmer, de plusieurs sources concordantes, cette information publi\u00e9e ce vendredi 21\u00a0novembre 2025 par  <a href=\"https:\/\/www.europe1.fr\/\" target=\"_self\" rel=\"noopener\">Europe 1<\/a> .<\/p>\n<p>Selon nos informations, le directeur du centre p\u00e9nitentiaire a accept\u00e9 la proposition de mutation qui lui a \u00e9t\u00e9 faite\u00a0: il devait rejoindre prochainement la direction de l\u2019administration p\u00e9nitentiaire. En cause\u00a0: l\u2019\u00e9vasion d\u2019un d\u00e9tenu, il y a une semaine, toujours recherch\u00e9 \u00e0 ce jour.<\/p>\n<p>\u00ab\u00a0Une faute\u00a0\u00bb, pour G\u00e9rald Darmanin<\/p>\n<p>Comme le r\u00e9v\u00e9lait Ouest-France,<a href=\"https:\/\/rennes.maville.com\/actu\/actudet_-evasion-d-un-detenu-au-planetarium-de-rennes-la-polemique-enfle-autour-de-ces-activites-exterieures-_7-7069713_actu.Htm\" target=\"_self\" rel=\"noopener\"> le 14\u00a0novembre, un homme incarc\u00e9r\u00e9 au centre p\u00e9nitentiaire de Rennes-Vezin pour des faits de vols s\u2019est \u00e9vad\u00e9, lors d\u2019une permission de sortir encadr\u00e9e au plan\u00e9tarium des Champs libres.<\/a>\u00a0L\u2019\u00e9vasion de cet homme de 37\u00a0ans, condamn\u00e9 depuis d\u00e9cembre\u00a02024 pour <strong>\u00ab\u00a0divers faits de vols\u00a0\u00bb<\/strong>, est survenue<strong> \u00ab\u00a0sans violence\u00a0\u00bb<\/strong>, avait indiqu\u00e9 le procureur de la R\u00e9publique de Rennes, Fr\u00e9d\u00e9ric Teillet.<\/p>\n<p>L\u2019\u00e9v\u00e8nement a d\u00e9clench\u00e9 une pol\u00e9mique, puis l\u2019ouverture d\u2019une proc\u00e9dure disciplinaire sur les conditions d\u2019organisation de cette sortie.<\/p>\n<p>Ce directeur d\u2019\u00e9tablissement p\u00e9nitentiaire a commis <strong>\u00ab\u00a0une faute\u00a0\u00bb<\/strong>, m\u00eame s\u2019il <strong>\u00ab\u00a0ne m\u00e9rite pas de sortir de la fonction publique\u00a0\u00bb<\/strong>, a indiqu\u00e9 \u00e0 la presse G\u00e9rald Darmanin, le garde des Sceaux, lors d\u2019un d\u00e9placement \u00e0 la prison de la Sant\u00e9, \u00e0 Paris. <strong>\u00ab\u00a0Il ne peut pas rester en responsabilit\u00e9\u00a0\u00bb.<\/strong><\/p>\n<p><strong>\u00ab\u00a0Je dois \u00e0 la soci\u00e9t\u00e9 des comptes, les victimes et la soci\u00e9t\u00e9 ne comprennent pas quand des personnes s\u2019\u00e9vadent lors de sorties\u00a0\u00bb<\/strong>, a fait valoir G\u00e9rald Darmanin, ajoutant que ce d\u00e9tenu s\u2019\u00e9tait d\u00e9j\u00e0 \u00e9vad\u00e9 par le pass\u00e9.<\/p>\n<p>Le personnel p\u00e9nitentiaire apprend la nouvelle dans la presse<\/p>\n<p>Au sein du centre p\u00e9nitentiaire de Rennes-Vezin, la nouvelle tombe comme un couperet. La plupart des surveillants ont appris l\u2019\u00e9viction de leur directeur dans la presse, t\u00f4t ce matin. <strong>\u00ab\u00a0La moindre des choses aurait \u00e9t\u00e9 de nous informer officiellement. \u00c7a aurait montr\u00e9 un minimum de consid\u00e9ration\u00a0\u00bb<\/strong>, s\u2019indigne\u00a0Florian Adam, d\u00e9l\u00e9gu\u00e9 local du syndicat FO Justice.<\/p>\n<p>Et de s\u2019interroger sur le bien-fond\u00e9 de cette d\u00e9cision.<strong> \u00ab\u00a0Pourquoi est-ce lui qui paye\u00a0? Alors que cette sortie \u00e9tait organis\u00e9e par le\u00a0Service p\u00e9nitentiaire d\u2019insertion et de probation (Spip, N.D.L.R.), et valid\u00e9e par un juge de l\u2019application des peines\u00a0?\u00a0\u00bb<\/strong><\/p>\n<p>En attendant l\u2019installation d\u2019un nouveau directeur d\u2019\u00e9tablissement &#8211; ce qui pourrait prendre plusieurs semaines -, une direction par int\u00e9rim va \u00eatre mise en place \u00e0 la prison de Rennes-Vezin.<\/p>\n<p>\u00a0<\/p>\n","protected":false},"excerpt":{"rendered":"La nouvelle n\u2019a pas encore fait le tour des coursives. Nourredine Brahimi, le directeur du centre p\u00e9nitentiaire de&hellip;\n","protected":false},"author":2,"featured_media":549423,"comment_status":"","ping_status":"","sticky":false,"template":"","format":"standard","meta":{"footnotes":""},"categories":[2821],"tags":[1111,11,829,9625,7889,7890,1777,674,3727,37187,1011,27,7826,3048,12,806,584,25,3686],"class_list":{"0":"post-549422","1":"post","2":"type-post","3":"status-publish","4":"format-standard","5":"has-post-thumbnail","7":"category-rennes","8":"tag-actu","9":"tag-actualites","10":"tag-bretagne","11":"tag-detenu","12":"tag-directeur","13":"tag-ecarte","14":"tag-eu","15":"tag-europe","16":"tag-evasion","17":"tag-fonctions","18":"tag-fr","19":"tag-france","20":"tag-lors","21":"tag-musee","22":"tag-news","23":"tag-prison","24":"tag-rennes","25":"tag-republique-francaise","26":"tag-sortie"},"share_on_mastodon":{"url":"https:\/\/pubeurope.com\/@fr\/115588517355041729","error":""},"_links":{"self":[{"href":"https:\/\/www.europesays.com\/fr\/wp-json\/wp\/v2\/posts\/549422","targetHints":{"allow":["GET"]}}],"collection":[{"href":"https:\/\/www.europesays.com\/fr\/wp-json\/wp\/v2\/posts"}],"about":[{"href":"https:\/\/www.europesays.com\/fr\/wp-json\/wp\/v2\/types\/post"}],"author":[{"embeddable":true,"href":"https:\/\/www.europesays.com\/fr\/wp-json\/wp\/v2\/users\/2"}],"replies":[{"embeddable":true,"href":"https:\/\/www.europesays.com\/fr\/wp-json\/wp\/v2\/comments?post=549422"}],"version-history":[{"count":0,"href":"https:\/\/www.europesays.com\/fr\/wp-json\/wp\/v2\/posts\/549422\/revisions"}],"wp:featuredmedia":[{"embeddable":true,"href":"https:\/\/www.europesays.com\/fr\/wp-json\/wp\/v2\/media\/549423"}],"wp:attachment":[{"href":"https:\/\/www.europesays.com\/fr\/wp-json\/wp\/v2\/media?parent=549422"}],"wp:term":[{"taxonomy":"category","embeddable":true,"href":"https:\/\/www.europesays.com\/fr\/wp-json\/wp\/v2\/categories?post=549422"},{"taxonomy":"post_tag","embeddable":true,"href":"https:\/\/www.europesays.com\/fr\/wp-json\/wp\/v2\/tags?post=549422"}],"curies":[{"name":"wp","href":"https:\/\/api.w.org\/{rel}","templated":true}]}}